{"id":48800,"date":"2022-04-22T12:22:00","date_gmt":"2022-04-22T18:22:00","guid":{"rendered":"https:\/\/redsemlac.com\/semmexico\/?p=48800"},"modified":"2023-07-21T19:03:01","modified_gmt":"2023-07-22T00:03:01","slug":"ganando-espacios-conociendo-a-una-mujer-con-verdadera-pasion-karla-cortes","status":"publish","type":"post","link":"https:\/\/redsemlac.com\/semmexico\/ganando-espacios-conociendo-a-una-mujer-con-verdadera-pasion-karla-cortes\/","title":{"rendered":"Ganando Espacios| Conociendo a una mujer con verdadera pasi\u00f3n, Karla Cort\u00e9s"},"content":{"rendered":"\n<p class=\"wp-block-paragraph\"><strong>Noem\u00ed Mu\u00f1oz Cant\u00fa<\/strong><\/p>\n\n\n\n<p class=\"wp-block-paragraph\">SemM\u00e9xico, Toluca, Estado de M\u00e9xico, 22 de abril, 2022.- En una tarde deliciosa, platiqu\u00e9 con Karla Cort\u00e9s, presidenta de la Asociaci\u00f3n \u201cTodos en marcha\u201d. Esta organizaci\u00f3n tiene como objetivo proteger no solo a las mujeres v\u00edctimas de violencia, tambi\u00e9n a migrantes, ind\u00edgenas, personas con discapacidad, etc.<\/p>\n\n\n\n<p class=\"wp-block-paragraph\">Me coment\u00f3 que su \u00faltimo evento fue extraordinario, ya que se dieron cita m\u00e1s de 2 mil 500 personas para ver un espect\u00e1culo ecuestre en la Villa Charra.<\/p>\n\n\n\n<p class=\"wp-block-paragraph\">El prop\u00f3sito, dijo, es lograr que se unan muchas instituciones, organizaciones y personas para hacer el bien com\u00fan porque, ante las problem\u00e1ticas sociales, como ella dice, \u201cno basta con preocuparse, tambi\u00e9n hay que ocuparse\u201d.<\/p>\n\n\n\n<p class=\"wp-block-paragraph\">Me queda claro que Karla Cort\u00e9s, m\u00e1s all\u00e1 de ser la esposa de don Arturo Montiel, hace la diferencia todos los d\u00edas. Es una mujer organizada, clara de miras, que sabe que el tiempo es para ocuparlo haciendo el bien.<\/p>\n\n\n\n<p class=\"wp-block-paragraph\">Todo esto lo aprendi\u00f3 de su madre, una mujer que le mostr\u00f3 como trabajar duro y con compromiso. Ahora, Karla va dejando huella, no s\u00f3lo con su asociaci\u00f3n, tambi\u00e9n como vicerrectora de la Universidad de la Salud, as\u00ed como madre y esposa.<\/p>\n\n\n\n<p class=\"wp-block-paragraph\">Estos papeles los asume de forma asombrosa. Dice que todo se lo debe a la organizaci\u00f3n, pues sin ella, no podr\u00eda dedicarles tiempo de calidad a cada cosa que emprende.<\/p>\n\n\n\n<p class=\"wp-block-paragraph\">Se form\u00f3 como psic\u00f3loga y ahora como maestra en educaci\u00f3n. Es una mujer en formaci\u00f3n permanente: dos maestr\u00edas, un doctorado y lo que se le ponga enfrente. Est\u00e1 muy interesada en el desarrollo humano, por ello observa de primera mano c\u00f3mo la educaci\u00f3n transforma la vida, desde los m\u00e1s peque\u00f1os que recibe, hasta los universitarios que buscan un mejor futuro.<\/p>\n\n\n\n<p class=\"wp-block-paragraph\">Cada acci\u00f3n que realiza busca impactar en la vida de los dem\u00e1s, por ello fomenta el valor del respeto, la \u00e9tica y el compromiso. Desde su trinchera impulsa la educaci\u00f3n de calidad, los intercambios escolares, que hagan de los universitarios personas con un horizonte amplio de miras.<\/p>\n\n\n\n<p class=\"wp-block-paragraph\">Karla asegura que todos deber\u00edamos ser m\u00e1s emp\u00e1ticos con lo que le sucede a la gente porque, tanto a sus estudiantes como a sus hijos, les exige tener siempre presente la responsabilidad social. Esta conlleva ser solidarios con los que menos tienen, con los que presentan necesidades y ponerse en sus zapatos, seguido de una ayuda constructiva y consistente.<\/p>\n\n\n\n<p class=\"wp-block-paragraph\">Esta mujer emprendedora se acompa\u00f1a de un gran equipo. En casa tiene todo el apoyo, en su asociaci\u00f3n 900 j\u00f3venes y mujeres voluntarias que buscan lo mismo que ella, poner ejemplo y dejar huella. Su pasi\u00f3n contagia de solo escucharla, a leguas se nota que le apasiona lo que hace y est\u00e1 comprometida con su objetivo.<\/p>\n\n\n\n<p class=\"wp-block-paragraph\">Ante tanto amor por lo que hace, le pregunt\u00e9 si quer\u00eda ocupar alg\u00fan cargo p\u00fablico. Enf\u00e1tica me contest\u00f3 que ya trabaja por la gente y lo hace de forma libre, sin nadie que le dicte el color, la l\u00ednea. Con ello se logra m\u00e1s y se llega a m\u00e1s gente.<\/p>\n\n\n\n<p class=\"wp-block-paragraph\">Sin duda, una mujer con garra y empoderada.<\/p>\n","protected":false},"excerpt":{"rendered":"<p>Sin duda, una mujer con garra y empoderada.<\/p>\n","protected":false},"author":3,"featured_media":45255,"comment_status":"open","ping_status":"open","sticky":false,"template":"","format":"standard","meta":{"_monsterinsights_skip_tracking":false,"footnotes":""},"categories":[693,639,640,35],"tags":[459],"class_list":["post-48800","post","type-post","status-publish","format-standard","has-post-thumbnail","category-693","category-ganando-espacios","category-noemi-munoz-cantu","category-opinion","tag-opinion"],"_links":{"self":[{"href":"https:\/\/redsemlac.com\/semmexico\/wp-json\/wp\/v2\/posts\/48800","targetHints":{"allow":["GET"]}}],"collection":[{"href":"https:\/\/redsemlac.com\/semmexico\/wp-json\/wp\/v2\/posts"}],"about":[{"href":"https:\/\/redsemlac.com\/semmexico\/wp-json\/wp\/v2\/types\/post"}],"author":[{"embeddable":true,"href":"https:\/\/redsemlac.com\/semmexico\/wp-json\/wp\/v2\/users\/3"}],"replies":[{"embeddable":true,"href":"https:\/\/redsemlac.com\/semmexico\/wp-json\/wp\/v2\/comments?post=48800"}],"version-history":[{"count":0,"href":"https:\/\/redsemlac.com\/semmexico\/wp-json\/wp\/v2\/posts\/48800\/revisions"}],"wp:featuredmedia":[{"embeddable":true,"href":"https:\/\/redsemlac.com\/semmexico\/wp-json\/wp\/v2\/media\/45255"}],"wp:attachment":[{"href":"https:\/\/redsemlac.com\/semmexico\/wp-json\/wp\/v2\/media?parent=48800"}],"wp:term":[{"taxonomy":"category","embeddable":true,"href":"https:\/\/redsemlac.com\/semmexico\/wp-json\/wp\/v2\/categories?post=48800"},{"taxonomy":"post_tag","embeddable":true,"href":"https:\/\/redsemlac.com\/semmexico\/wp-json\/wp\/v2\/tags?post=48800"}],"curies":[{"name":"wp","href":"https:\/\/api.w.org\/{rel}","templated":true}]}}