{"id":4876,"date":"2018-12-07T17:33:34","date_gmt":"2018-12-07T17:33:34","guid":{"rendered":"https:\/\/redsemlac.com\/semmexico\/?p=4876"},"modified":"2023-07-21T14:34:43","modified_gmt":"2023-07-21T19:34:43","slug":"la-lxiv-legislatura-es-la-de-paridad-de-genero-imperante-acatar-recomendaciones-de-la-convencion-briceno-zuloaga","status":"publish","type":"post","link":"https:\/\/redsemlac.com\/semmexico\/la-lxiv-legislatura-es-la-de-paridad-de-genero-imperante-acatar-recomendaciones-de-la-convencion-briceno-zuloaga\/","title":{"rendered":"La LXIV Legislatura es la de paridad de g\u00e9nero; imperante, acatar recomendaciones de la Convenci\u00f3n: Brice\u00f1o Zuloaga"},"content":{"rendered":"\n<p class=\"wp-block-paragraph\"><a href=\"https:\/\/www.semmexico.com\/gallery-post.php?id=6591#\">Redacci\u00f3n<\/a><\/p>\n\n\n\n<p class=\"wp-block-paragraph\">&nbsp;SemM\u00e9xico. Cd. de M\u00e9xico. 7 de diciembre de 2018.-&nbsp; La vicepresidenta de la Mesa Directiva de la C\u00e1mara de Diputados, Dolores Padierna Luna (Morena), refrend\u00f3 el compromiso del Estado mexicano con la Convenci\u00f3n sobre la Eliminaci\u00f3n de Todas las Formas de Discriminaci\u00f3n contra la Mujer (CEDAW), de la ONU, para avanzar en los pendientes legislativos que terminen de dar al sector femenino todos sus derechos.<\/p>\n\n\n\n<p class=\"wp-block-paragraph\">Durante la \u201cMesa Parlamentaria para Acelerar el Cumplimiento de las Recomendaciones emitidas por la CEDAW al Estado mexicano\u201d, realizada en el marco de los \u201c16 D\u00edas de Activismo contra la Violencia de G\u00e9nero\u201d, el \u201cD\u00eda Internacional de la Eliminaci\u00f3n de la Violencia contra la Mujer\u201d y el \u201cD\u00eda de los Derechos Humanos\u201d, la legisladora destac\u00f3 que el Congreso, en materia de paridad, ha logrado un gran avance; sin embargo, sostuvo que se deben proponer metas en cada periodo de sesiones.<\/p>\n\n\n\n<p class=\"wp-block-paragraph\">Record\u00f3 que M\u00e9xico ha generado leyes importantes, pero la modificaci\u00f3n al art\u00edculo 1 Constitucional no s\u00f3lo promueve la igualdad entre hombres y mujeres, sino proh\u00edbe cualquier tipo de discriminaci\u00f3n. En 2011, se realiz\u00f3 una reforma a los derechos humanos. \u201cHoy la tarea es colocar en el centro de todas las instituciones las garant\u00edas pro-persona\u201d.<\/p>\n\n\n\n<p class=\"wp-block-paragraph\">Manifest\u00f3 que los avances legislativos tardan en concretarse, ya que \u201chay una discordia\u201d para darles seguimiento en los Poderes Judicial y Ejecutivo.<\/p>\n\n\n\n<p class=\"wp-block-paragraph\">La presidenta de la Comisi\u00f3n de Igualdad de G\u00e9nero, diputada Mar\u00eda Wendy Brice\u00f1o Zuloaga (Morena) enfatiz\u00f3 que el Congreso se encuentra en un momento clave para cumplir con los compromisos y las recomendaciones emitidas por la CEDAW, a fin de hacer efectivos el ejercicio de los derechos de la poblaci\u00f3n.<\/p>\n\n\n\n<p class=\"wp-block-paragraph\">\u201cEs importante, porque en M\u00e9xico se comenten nueve feminicidios cada d\u00eda; es una de las principales preocupaciones, adem\u00e1s de otras asignaturas pendientes\u201d.<\/p>\n\n\n\n<p class=\"wp-block-paragraph\">Afirm\u00f3 que la Comisi\u00f3n que preside tiene el compromiso no s\u00f3lo de legislar con perspectiva de g\u00e9nero, sino discutir sobre las diferencias que viven las mujeres, las cuales se traducen en discriminaciones y abismos a la hora de ejercer sus derechos.<\/p>\n\n\n\n<p class=\"wp-block-paragraph\">Brice\u00f1o Zuloaga consider\u00f3 que la CEDAW \u201ces la Carta Magna de los derechos de las mujeres\u201d, pues busca eliminar todas las formas de segregaci\u00f3n. \u201cComo representantes populares nos compete armonizar los marcos legales en todas las entidades del pa\u00eds\u201d, sostuvo.<\/p>\n\n\n\n<p class=\"wp-block-paragraph\">Subray\u00f3 que la LXIV, es la Legislatura de la paridad de g\u00e9nero, por lo que el papel del Congreso es imperante para efectuar lo que indica la Convenci\u00f3n. \u201cNosotras tenemos la responsabilidad de aplanar el camino a todas las que vienen despu\u00e9s\u201d, expres\u00f3.<\/p>\n\n\n\n<p class=\"wp-block-paragraph\">La secretaria General de la C\u00e1mara de Diputados, Graciela B\u00e1ez Ric\u00e1rdez, se\u00f1al\u00f3 que estas mesas parlamentarias tienen como finalidad acelerar el cumplimiento de las recomendaciones emitidas por la CEDAW, la cual es reconocida como el \u00fanico instrumento universal vinculante para prevenir, combatir y erradicar la discriminaci\u00f3n en contra de las mujeres.<\/p>\n\n\n\n<p class=\"wp-block-paragraph\">A\u00f1adi\u00f3 que la C\u00e1mara de Diputados, a trav\u00e9s de la Comisi\u00f3n de Igualdad de G\u00e9nero y de la Unidad para la Igualdad de G\u00e9nero, que depende de la Secretar\u00eda General, desarrolla acciones tendentes a cumplir con las recomendaciones en materia de discriminaci\u00f3n que ha emitido la Convenci\u00f3n.<\/p>\n\n\n\n<p class=\"wp-block-paragraph\">Explic\u00f3 que el resumen ejecutivo de la agenda legislativa del cumplimiento a la CEDAW, destaca la necesidad de armonizar los ordenamientos jur\u00eddicos y las acciones que se deben derogar, para lograr terminar con la discriminaci\u00f3n hacia las mujeres.<\/p>\n\n\n\n<p class=\"wp-block-paragraph\">Beatriz Santamar\u00eda Monjarraz, titular de la Unidad para la Igualdad de G\u00e9nero, coincidi\u00f3 en que un proceso legislativo no se construye de la noche a la ma\u00f1ana. \u201cEs el inicio de un proceso m\u00e1s largo, donde se busca el acompa\u00f1amiento para cumplir cada una de las recomendaciones del Comit\u00e9 del equipo de ONU-Mujeres\u201d.<\/p>\n\n\n\n<p class=\"wp-block-paragraph\">Enfatiz\u00f3 que para confirmar el papel de la \u201cLegislatura de la Paridad\u201d, se debe asegurar la institucionalizaci\u00f3n y la creaci\u00f3n de leyes con perspectiva de g\u00e9nero.<\/p>\n\n\n\n<p class=\"wp-block-paragraph\">A su vez, la representante en M\u00e9xico de la Organizaci\u00f3n de las Naciones Unidas, ONU-Mujeres, Bel\u00e9n Sanz Luque, reconoci\u00f3 los avances legislativos del Estado mexicano, los cuales asegur\u00f3, han sido producto del empuje de las parlamentarias.<\/p>\n\n\n\n<p class=\"wp-block-paragraph\">Sin embargo, mencion\u00f3 que la CEDAW realiz\u00f3 una serie de observaciones sobre las condiciones de discriminaci\u00f3n que a\u00fan persisten en la sociedad mexicana. Muestra de ello, dijo, es que s\u00f3lo el 43 por ciento de las mujeres participan en la fuerza laboral, comparado con el 78 por ciento de los hombres. En tanto que el 60 por ciento de las mujeres que trabajan, lo hacen en empleos informales y sin seguridad social.<\/p>\n\n\n\n<p class=\"wp-block-paragraph\">De igual manera, resalt\u00f3 la brecha salarial entre hombres y mujeres, que en el a\u00f1o 2006 ascend\u00eda al 16.5 por ciento; asimismo, m\u00e1s de siete mexicanas son asesinadas al d\u00eda y el 66 por ciento de esta poblaci\u00f3n manifest\u00f3 haber sido v\u00edctima de una forma de violencia a lo largo de su vida.<\/p>\n\n\n\n<p class=\"wp-block-paragraph\">Finalmente, reconoci\u00f3 que M\u00e9xico es uno de los cuatro pa\u00edses en el mundo en alcanzar casi la paridad legislativa, lo cual es producto de medidas del Estado, pero a\u00fan hay Poderes, se\u00f1al\u00f3, en donde las mujeres son subrepresentadas como en el Judicial, donde s\u00f3lo ocupan el 18 por ciento de los cargos; existen tres gobernadoras en los 32 estados y, a nivel municipal, es apenas del 26 por ciento.<\/p>\n\n\n\n<p class=\"wp-block-paragraph\">La especialista acad\u00e9mica en el monitoreo y vigilancia del cumplimiento del CEDAW, Gloria Ram\u00edrez Hern\u00e1ndez, refiri\u00f3 que hace algunos a\u00f1os prevalec\u00eda el desconocimiento de la Convenci\u00f3n; sin embargo, acept\u00f3, poco a poco se ha transitado hacia la difusi\u00f3n y atenci\u00f3n de sus recomendaciones.<\/p>\n\n\n\n<p class=\"wp-block-paragraph\">En el 2018, precis\u00f3 este organismo centr\u00f3 sus se\u00f1alamientos para M\u00e9xico en dos temas: violencia contra las mujeres y alertas de g\u00e9nero; por ello, destac\u00f3 la importancia de generar estrategias y mecanismos para conocer el alcance del cumplimiento de esas recomendaciones.<\/p>\n\n\n\n<p class=\"wp-block-paragraph\">Resalt\u00f3 la importancia de que en todos los niveles de gobierno se adopten las medidas necesarias para erradicar la discriminaci\u00f3n y agresi\u00f3n contra las mujeres.<\/p>\n\n\n\n<p class=\"wp-block-paragraph\">A\u00f1adi\u00f3 que la Convenci\u00f3n es vinculante y exhorta a generar acciones que apoyen la aplicaci\u00f3n de lo que sugiere. Recalc\u00f3 que \u201cuna parte muy relevante del cumplimiento est\u00e1 en manos del Legislativo\u201d.<\/p>\n\n\n\n<p class=\"wp-block-paragraph\">En su Conferencia Magistral, la vicepresidenta del CEDAW, Magalys Arocha Dom\u00ednguez, manifest\u00f3 que el Comit\u00e9 de la Convenci\u00f3n ha se\u00f1alado el papel fundamental que tiene el Legislativo para garantizar la plena aplicaci\u00f3n de sus recomendaciones.<\/p>\n\n\n\n<p class=\"wp-block-paragraph\">Igualmente, ha solicitado al Congreso de la Uni\u00f3n adoptar las medidas necesarias para llevar a la pr\u00e1ctica las observaciones. Adem\u00e1s, se busca animar a la sociedad civil y a la academia, a profundizar sobre la Convenci\u00f3n. \u201cLa intenci\u00f3n es dejar atr\u00e1s trabas estructurales que no permiten cumplir con lo sugerido o una ejecuci\u00f3n inadecuada\u201d.<\/p>\n\n\n\n<p class=\"wp-block-paragraph\">Destac\u00f3 que las recomendaciones representan una oportunidad para el nuevo gobierno, para que dentro de sus prioridades nacionales incluya lo referido por el CEDAW. \u201cSe tienen que aprovechar las coyunturas hist\u00f3ricas que se avecinan y ver qu\u00e9 se puede impulsar\u201d.<\/p>\n\n\n\n<p class=\"wp-block-paragraph\">Asegur\u00f3 que es importante armonizar el marco legal y atender temas como: problemas en la aplicaci\u00f3n del C\u00f3digo Penal; altos niveles de violencia y crimen organizado, as\u00ed como elaborar planes sobre mujeres y seguridad, en los que ellas sean protagonistas. Tambi\u00e9n se deben fijar medidas especiales para grupos vulnerables, que no son sin\u00f3nimo de minor\u00edas, como las mujeres ind\u00edgenas.<\/p>\n\n\n\n<p class=\"wp-block-paragraph\">Record\u00f3 que en 2003, M\u00e9xico present\u00f3 una investigaci\u00f3n sobre feminicidio pero, a 15 a\u00f1os, poco se ha resuelto y no se han tocado las profundas ra\u00edces que causan esos cr\u00edmenes. \u201cAunque en ese momento no se hablaba de desaparici\u00f3n forzada, tr\u00e1fico de \u00f3rganos o drogas, es muy importante atender los temas sensibles\u201d.<\/p>\n\n\n\n<p class=\"wp-block-paragraph\">Afirm\u00f3 que ser\u00eda relevante retomar las recomendaciones, planteadas porque el Comit\u00e9 de la CEDAW espera saber sobre los feminicidios en todo el territorio nacional.<\/p>\n\n\n\n<p class=\"wp-block-paragraph\">SEM\/gr<br><\/p>\n","protected":false},"excerpt":{"rendered":"<p>Redacci\u00f3n &nbsp;SemM\u00e9xico. Cd. de M\u00e9xico. 7 de diciembre de 2018.-&nbsp; La vicepresidenta de la Mesa Directiva de la C\u00e1mara de Diputados, Dolores Padierna Luna (Morena), refrend\u00f3 el compromiso del Estado mexicano con la Convenci\u00f3n sobre la Eliminaci\u00f3n de Todas las Formas de Discriminaci\u00f3n contra la Mujer (CEDAW), de la ONU, para avanzar en los pendientes [&hellip;]<\/p>\n","protected":false},"author":3,"featured_media":4877,"comment_status":"open","ping_status":"open","sticky":false,"template":"","format":"standard","meta":{"_monsterinsights_skip_tracking":false,"footnotes":""},"categories":[689,50],"tags":[],"class_list":["post-4876","post","type-post","status-publish","format-standard","has-post-thumbnail","category-689","category-congreso"],"_links":{"self":[{"href":"https:\/\/redsemlac.com\/semmexico\/wp-json\/wp\/v2\/posts\/4876","targetHints":{"allow":["GET"]}}],"collection":[{"href":"https:\/\/redsemlac.com\/semmexico\/wp-json\/wp\/v2\/posts"}],"about":[{"href":"https:\/\/redsemlac.com\/semmexico\/wp-json\/wp\/v2\/types\/post"}],"author":[{"embeddable":true,"href":"https:\/\/redsemlac.com\/semmexico\/wp-json\/wp\/v2\/users\/3"}],"replies":[{"embeddable":true,"href":"https:\/\/redsemlac.com\/semmexico\/wp-json\/wp\/v2\/comments?post=4876"}],"version-history":[{"count":0,"href":"https:\/\/redsemlac.com\/semmexico\/wp-json\/wp\/v2\/posts\/4876\/revisions"}],"wp:featuredmedia":[{"embeddable":true,"href":"https:\/\/redsemlac.com\/semmexico\/wp-json\/wp\/v2\/media\/4877"}],"wp:attachment":[{"href":"https:\/\/redsemlac.com\/semmexico\/wp-json\/wp\/v2\/media?parent=4876"}],"wp:term":[{"taxonomy":"category","embeddable":true,"href":"https:\/\/redsemlac.com\/semmexico\/wp-json\/wp\/v2\/categories?post=4876"},{"taxonomy":"post_tag","embeddable":true,"href":"https:\/\/redsemlac.com\/semmexico\/wp-json\/wp\/v2\/tags?post=4876"}],"curies":[{"name":"wp","href":"https:\/\/api.w.org\/{rel}","templated":true}]}}