{"id":4873,"date":"2018-12-07T17:32:04","date_gmt":"2018-12-07T17:32:04","guid":{"rendered":"https:\/\/redsemlac.com\/semmexico\/?p=4873"},"modified":"2023-07-21T14:34:43","modified_gmt":"2023-07-21T19:34:43","slug":"en-mexico-hay-aproximadamente-250-en-la-carcel-por-este-hecho-y-cuatro-mil-han-sido-denunciadas-por-ese-motivo","status":"publish","type":"post","link":"https:\/\/redsemlac.com\/semmexico\/en-mexico-hay-aproximadamente-250-en-la-carcel-por-este-hecho-y-cuatro-mil-han-sido-denunciadas-por-ese-motivo\/","title":{"rendered":"En M\u00e9xico, hay aproximadamente 250 en la c\u00e1rcel por este hecho y cuatro mil han sido denunciadas por ese motivo."},"content":{"rendered":"\n<p class=\"wp-block-paragraph\"><a href=\"https:\/\/www.semmexico.com\/gallery-post.php?id=6592#\">Redacci\u00f3n<\/a><\/p>\n\n\n\n<p class=\"wp-block-paragraph\">SemM\u00e9xico. Cd. de M\u00e9xico. 7 de diciembre de 2018.-&nbsp; La diputada Lorena Villavicencio Ayala (Morena), integrante de la Comisi\u00f3n de Justicia, llev\u00f3 a cabo el evento \u201cLa Marea Verde lleg\u00f3 a San L\u00e1zaro\u201d, con el objetivo de analizar su iniciativa, presentada ante el Pleno el pasado 8 de noviembre y turnada a las comisiones de Justicia y de Igualdad de G\u00e9nero, para evitar que las mujeres sean encarceladas por abortar.<\/p>\n\n\n\n<p class=\"wp-block-paragraph\">La legisladora refiri\u00f3 que 25 millones de mujeres a nivel mundial han interrumpido su embarazo. En M\u00e9xico, hay aproximadamente 250 en la c\u00e1rcel por este hecho y cuatro mil han sido denunciadas por ese motivo. De ah\u00ed la convicci\u00f3n de la legisladora para que no lleguen a prisi\u00f3n.<\/p>\n\n\n\n<p class=\"wp-block-paragraph\">La propuesta modifica los art\u00edculos 329, 330, 332, deroga los art\u00edculos 333 y 334 del C\u00f3digo Penal Federal y adiciona los art\u00edculos 20 Bis y Ter de la Ley General de Acceso de las Mujeres a una Vida Libre de Violencia, para considerar el aborto como la interrupci\u00f3n del embarazo despu\u00e9s de la d\u00e9cima segunda semana de gestaci\u00f3n, antes no se considera como tal.<\/p>\n\n\n\n<p class=\"wp-block-paragraph\">Se\u00f1ala que se impondr\u00e1n de tres a seis meses de trabajo a favor de la comunidad, a la mujer que voluntariamente practique su aborto o consienta en que otro la haga abortar, despu\u00e9s de las 12 semanas de embarazo. En este caso, el delito s\u00f3lo se sancionar\u00e1 cuando se haya consumado.<\/p>\n\n\n\n<p class=\"wp-block-paragraph\">A quien hiciere abortar a una mujer, se le aplicar\u00edan de uno a tres a\u00f1os de prisi\u00f3n, sea cual fuere el medio que emplee, y siempre que lo haga con consentimiento de ella. Cuando falte el consentimiento, la prisi\u00f3n ser\u00eda de tres a seis a\u00f1os, y si media violencia f\u00edsica o moral, se impondr\u00e1n al delincuente de seis a ocho a\u00f1os de prisi\u00f3n.<\/p>\n\n\n\n<p class=\"wp-block-paragraph\">Establece, tambi\u00e9n, que se considerar\u00e1 como violencia institucional contra las mujeres la esterilizaci\u00f3n, aborto o embarazos forzados, tipificaci\u00f3n del aborto como delito con pena privativa de la libertad, denegaci\u00f3n o postergaci\u00f3n del aborto sin riesgo y la continuaci\u00f3n forzada del embarazo.<\/p>\n\n\n\n<p class=\"wp-block-paragraph\">Villavicencio Ayala precis\u00f3 que su propuesta es equivalente a lo que establece el C\u00f3digo en la Ciudad del M\u00e9xico, con la diferencia de que se elimina cualquier tipo de sanci\u00f3n, incluso si pasan las 12 semanas de embarazo. Su prop\u00f3sito, dijo, es acabar con ese sentido de punibilidad.<\/p>\n\n\n\n<p class=\"wp-block-paragraph\">Adem\u00e1s, continu\u00f3, busca proteger la salud de las mujeres como principio fundamental, porque quienes interrumpen el embarazo no tienen una buena condici\u00f3n econ\u00f3mica y lo hacen en situaciones insalubres con el riesgo de perder la vida o quedar con lesiones, adem\u00e1s, se enfrentan a ser llevadas a la c\u00e1rcel.<\/p>\n\n\n\n<p class=\"wp-block-paragraph\">Consider\u00f3 necesario reforzar la prevenci\u00f3n como una pol\u00edtica p\u00fablica fundamental y aclar\u00f3 que no plantea la interrupci\u00f3n del embarazo como un m\u00e9todo de planificaci\u00f3n, sino reconocer una realidad y garantizar los derechos de las mujeres.<\/p>\n\n\n\n<p class=\"wp-block-paragraph\">Este evento, coment\u00f3, es una de las primeras actividades del Parlamento Abierto, del cual ella es responsable en su grupo parlamentario, a trav\u00e9s del cual se busca fortalecer a la sociedad civil organizada, que tiene mucho que aportar en la transformaci\u00f3n del pa\u00eds.<\/p>\n\n\n\n<p class=\"wp-block-paragraph\">Sof\u00eda Rom\u00e1n Montes, en representaci\u00f3n de la Cuarta Visitadur\u00eda de la Comisi\u00f3n Nacional en los Derechos Humanos (CNDH), se pronunci\u00f3 por que realmente se avance en la despenalizaci\u00f3n del aborto, que ser\u00eda un gran logro de todas las mujeres. As\u00ed sucedi\u00f3 en la Ciudad de M\u00e9xico, y si ocurriera en todo el pa\u00eds \u201cser\u00eda como un sue\u00f1o\u201d.<\/p>\n\n\n\n<p class=\"wp-block-paragraph\">Se manifest\u00f3 a favor del derecho a decidir de las mujeres y se congratul\u00f3 por la apertura con la sociedad civil. Son muchas las contribuciones que pueden aportar, afirm\u00f3.<\/p>\n\n\n\n<p class=\"wp-block-paragraph\">Francisco Cu\u00e9, responsable de vinculaci\u00f3n legislativa del Grupo de Informaci\u00f3n en Reproducci\u00f3n Elegida (Gire), se\u00f1al\u00f3 que cada entidad federativa decide quienes tienen acceso a la interrupci\u00f3n legal del embarazo y bajo qu\u00e9 supuestos; \u00fanicamente en la Ciudad de M\u00e9xico se permite hasta la doceava semana por voluntad de la mujer y se garantiza la provisi\u00f3n del servicio. Todav\u00eda hay tres estados en los que, incluso, los abortos espont\u00e1neos, naturales, podr\u00edan ser perseguidos penalmente.<\/p>\n\n\n\n<p class=\"wp-block-paragraph\">Para lograr la despenalizaci\u00f3n nacional, se necesita transitar por una reforma constitucional que dote al Congreso de la Uni\u00f3n de atribuciones para legislar en toda la Rep\u00fablica sobre este tema. Tambi\u00e9n debe reformarse la Ley General de Salud por tratarse de un tema de salud p\u00fablica y se requiere que las instituciones brinden este servicio con calidad y de manera gratuita, consider\u00f3.<\/p>\n\n\n\n<p class=\"wp-block-paragraph\">Daniela Tejas Miguez, co-coordinadora del Fondo MARIA, inform\u00f3 que este es el \u00fanico fondo de aborto de Am\u00e9rica Latina y El Caribe. Se acortan las brechas de desigualdad para que las mujeres puedan acceder a realizarse esta pr\u00e1ctica de forma segura en la Ciudad de M\u00e9xico, indic\u00f3.<\/p>\n\n\n\n<p class=\"wp-block-paragraph\">Se\u00f1al\u00f3 que 12 semanas no son suficientes para abortar porque una mujer se entera que est\u00e1 embarazada aproximadamente a las cuatro semanas, y padece una estructura de desigualdad econ\u00f3mica, social y pol\u00edtica.<\/p>\n\n\n\n<p class=\"wp-block-paragraph\">Sostuvo que el aborto legal no solamente es para no morirse, sino para poder decidir y ejercer nuestra sexualidad. \u201cLa legalizaci\u00f3n tiene que incluir que sea accesible, aceptable, de calidad y que no haya discriminaci\u00f3n\u201d.<\/p>\n\n\n\n<p class=\"wp-block-paragraph\">Durante el evento, se efectuaron tres mesas de trabajo: Salud, sector estrat\u00e9gico para garantizar y priorizar la vida de las mujeres; Educaci\u00f3n, estrategias de prevenci\u00f3n, informaci\u00f3n y no discriminaci\u00f3n, y la de Seguridad y Justicia, por la no criminalizaci\u00f3n de las mujeres y la liberaci\u00f3n de las presas por abortar.<\/p>\n\n\n\n<p class=\"wp-block-paragraph\">SEM\/gr<\/p>\n","protected":false},"excerpt":{"rendered":"<p>Redacci\u00f3n SemM\u00e9xico. Cd. de M\u00e9xico. 7 de diciembre de 2018.-&nbsp; La diputada Lorena Villavicencio Ayala (Morena), integrante de la Comisi\u00f3n de Justicia, llev\u00f3 a cabo el evento \u201cLa Marea Verde lleg\u00f3 a San L\u00e1zaro\u201d, con el objetivo de analizar su iniciativa, presentada ante el Pleno el pasado 8 de noviembre y turnada a las comisiones [&hellip;]<\/p>\n","protected":false},"author":3,"featured_media":4874,"comment_status":"open","ping_status":"open","sticky":false,"template":"","format":"standard","meta":{"_monsterinsights_skip_tracking":false,"footnotes":""},"categories":[689,50],"tags":[],"class_list":["post-4873","post","type-post","status-publish","format-standard","has-post-thumbnail","category-689","category-congreso"],"_links":{"self":[{"href":"https:\/\/redsemlac.com\/semmexico\/wp-json\/wp\/v2\/posts\/4873","targetHints":{"allow":["GET"]}}],"collection":[{"href":"https:\/\/redsemlac.com\/semmexico\/wp-json\/wp\/v2\/posts"}],"about":[{"href":"https:\/\/redsemlac.com\/semmexico\/wp-json\/wp\/v2\/types\/post"}],"author":[{"embeddable":true,"href":"https:\/\/redsemlac.com\/semmexico\/wp-json\/wp\/v2\/users\/3"}],"replies":[{"embeddable":true,"href":"https:\/\/redsemlac.com\/semmexico\/wp-json\/wp\/v2\/comments?post=4873"}],"version-history":[{"count":0,"href":"https:\/\/redsemlac.com\/semmexico\/wp-json\/wp\/v2\/posts\/4873\/revisions"}],"wp:featuredmedia":[{"embeddable":true,"href":"https:\/\/redsemlac.com\/semmexico\/wp-json\/wp\/v2\/media\/4874"}],"wp:attachment":[{"href":"https:\/\/redsemlac.com\/semmexico\/wp-json\/wp\/v2\/media?parent=4873"}],"wp:term":[{"taxonomy":"category","embeddable":true,"href":"https:\/\/redsemlac.com\/semmexico\/wp-json\/wp\/v2\/categories?post=4873"},{"taxonomy":"post_tag","embeddable":true,"href":"https:\/\/redsemlac.com\/semmexico\/wp-json\/wp\/v2\/tags?post=4873"}],"curies":[{"name":"wp","href":"https:\/\/api.w.org\/{rel}","templated":true}]}}