{"id":48717,"date":"2022-04-21T10:00:31","date_gmt":"2022-04-21T16:00:31","guid":{"rendered":"https:\/\/redsemlac.com\/semmexico\/?p=48717"},"modified":"2023-07-21T19:03:03","modified_gmt":"2023-07-22T00:03:03","slug":"el-infinito-en-un-libro","status":"publish","type":"post","link":"https:\/\/redsemlac.com\/semmexico\/el-infinito-en-un-libro\/","title":{"rendered":"El\u00a0infinito\u00a0en\u00a0un\u00a0libro"},"content":{"rendered":"\n<p class=\"wp-block-paragraph\"><strong>Florencio&nbsp;Salazar<\/strong><\/p>\n\n\n\n<p class=\"has-text-align-right wp-block-paragraph\"><em>Leer&nbsp;sin&nbsp;l\u00e1piz&nbsp;es&nbsp;como&nbsp;leer&nbsp;sin&nbsp;libro<\/em>.<\/p>\n\n\n\n<p class=\"has-text-align-right wp-block-paragraph\">Jos\u00e9&nbsp;Francisco&nbsp;Ru\u00edz&nbsp;Massieu.<\/p>\n\n\n\n<p class=\"wp-block-paragraph\"><\/p>\n\n\n\n<p class=\"wp-block-paragraph\">En&nbsp;su&nbsp;breve&nbsp;art\u00edculo&nbsp;semanal,&nbsp;publicado&nbsp;en&nbsp;<em>Milenio<\/em>,&nbsp;ayer&nbsp;Irene&nbsp;Vallejo,&nbsp;la&nbsp;c\u00e9lebre&nbsp;autora&nbsp;de&nbsp;<em>El&nbsp;infinito&nbsp;en un junco<\/em>, refiere las preocupaciones de Plat\u00f3n sobre la escritura. El fil\u00f3sofo ten\u00eda la convicci\u00f3n de&nbsp;que \u201cEs olvido lo que producir\u00e1n las letras en quienes las aprendan, al descuidar la memoria, ya que,&nbsp;fi\u00e1ndose en los libros, llegar\u00e1n al recuerdo desde fuera\u201d. Seg\u00fan el autor de los&nbsp;<em>Di\u00e1logos<\/em>, el&nbsp;conocimiento estar\u00e1 disponible en libros, pero no dentro de nuestras cabezas para propiciar la&nbsp;reflexi\u00f3n. Vallejo cabalga aparentemente en la misma direcci\u00f3n: \u201cEstas palabras resuenan con&nbsp;particular fuerza ahora que, gracias a los vertiginosos avances de la t\u00e9cnica, el conocimiento&nbsp;disponible es mayor que nunca pero casi todo se almacena exteriormente, en el exterior de nuestra&nbsp;mente\u201d.<\/p>\n\n\n\n<p class=\"wp-block-paragraph\">Seg\u00fan Wikipedia cada a\u00f1o se publican 2.2 millones de libros en el mundo; \u201cesta cifra incluye nuevos\u00a0t\u00edtulos\u00a0y\u00a0reediciones\u201d\u00a0y\u00a0se\u00a0estima\u00a0que,\u00a0actualmente,\u00a0existen\u00a0150\u00a0millones\u00a0de\u00a0t\u00edtulos\u00a0en\u00a0el\u00a0planeta.\u00a0En\u00a0el\u00a0a\u00f1o 2021 la poblaci\u00f3n mundial fue de 7 mil 800 millones de personas. Es decir, el porcentaje de\u00a0lectura es de 5.2 por ciento. En el caso de M\u00e9xico, el promedio de lectura es 3.6 ejemplares en una\u00a0poblaci\u00f3n de 128.97 millones de personas, que significa un porcentaje de =.85 por ciento.\u00a0Mal en el\u00a0mundo; peor en el pa\u00eds.<\/p>\n\n\n\n<p class=\"wp-block-paragraph\">A&nbsp;pesar&nbsp;de&nbsp;lo&nbsp;anterior,&nbsp;hoy&nbsp;muchas&nbsp;personas&nbsp;acceden&nbsp;a&nbsp;la&nbsp;informaci\u00f3n&nbsp;a&nbsp;trav\u00e9s&nbsp;de&nbsp;diversas&nbsp;plataformas&nbsp;digitales, que facilitan la vida a periodistas, escritores, acad\u00e9micos, investigadores y estudiantes. Es&nbsp;m\u00e1s r\u00e1pido y accesible consultar Wikipedia \u2013como lo he hecho ahora\u2013 sobre datos de poblaci\u00f3n y&nbsp;lectura, que buscar en textos publicados. Es el caso tambi\u00e9n de Google o de YouTube, que ofrecen&nbsp;conferencias sobre diversas materias. En YouTube tuve noticias de la 4ta. Revoluci\u00f3n Industrial, que&nbsp;ocurre de manera sigilosa, causando alarma a cient\u00edficos por sus investigaciones y ensayos sobre la&nbsp;modificaci\u00f3n de la estructura del ser humano; y nosotros ni enterados. \u00bfObtener datos de esta manera&nbsp;nos conecta con dispositivos sin tener conocimiento propio?&nbsp;Por supuesto que no.<\/p>\n\n\n\n<p class=\"wp-block-paragraph\">Para\u00a0obtener\u00a0respuestas\u00a0hay\u00a0que\u00a0saber\u00a0preguntar.\u00a0Asunto,\u00a0tema,\u00a0autor,\u00a0son\u00a0b\u00e1sicos\u00a0para\u00a0alcanzar\u00a0el\u00a0conocimiento requerido. Los libros se adquieren por tres motivos: porque se van a leer, en alg\u00fan\u00a0momento\u00a0se\u00a0van\u00a0a leer\u00a0o\u00a0se\u00a0van\u00a0a\u00a0consultar.\u00a0Son\u00a0estas\u00a0consideraciones\u00a0las\u00a0que\u00a0le\u00a0dan\u00a0sentido\u00a0a\u00a0una\u00a0biblioteca, de acuerdo al inter\u00e9s del lector.<\/p>\n\n\n\n<p class=\"wp-block-paragraph\">La preocupaci\u00f3n plat\u00f3nica no est\u00e1 suficientemente fundada. El conocimiento no se concentra en la&nbsp;borgiana&nbsp;Biblioteca&nbsp;de&nbsp;Babel;&nbsp;cada&nbsp;d\u00eda&nbsp;se&nbsp;produce&nbsp;m\u00e1s&nbsp;y&nbsp;se&nbsp;divulga,&nbsp;se&nbsp;dispersa.&nbsp;Imposible&nbsp;que&nbsp;un&nbsp;ser&nbsp;humano pueda saber todo, y por todo me refiero a lo que sea de su inter\u00e9s espec\u00edfico; ya no digamos&nbsp;del conocimiento general. \u00bfPero en d\u00f3nde se mantiene el dedo del fil\u00f3sofo griego?&nbsp;En la llaga de la&nbsp;simulaci\u00f3n y la ignorancia.<\/p>\n\n\n\n<p class=\"wp-block-paragraph\">Un profesor universitario de la UAGro me comentaba de la tragedia \u2013porque es una tragedia\u2013 que&nbsp;ocurre en las bibliotecas. Los alumnos tienen tal pereza por la lectura que, para no tomar apuntes,&nbsp;mutilan&nbsp;los&nbsp;libros,arrancan&nbsp;inmisericordes&nbsp;hojas&nbsp;de&nbsp;enciclopedias&nbsp;y&nbsp;textos,&nbsp;algunos&nbsp;de&nbsp;ellos&nbsp;de&nbsp;dif\u00edcil&nbsp;recuperaci\u00f3n.&nbsp;Libros&nbsp;de&nbsp;historia,&nbsp;literatura,&nbsp;ciencias,&nbsp;quedan&nbsp;sin&nbsp;brazos,&nbsp;sin&nbsp;muslos,&nbsp;tartamudos.&nbsp;Muy&nbsp;lamentable que no se alcance a comprender que \u201ctomar apuntes\u201d es revisar cuidadosamente un texto,&nbsp;elaborar una s\u00edntesis, lograr una lectura comprensiva. Cuando solamente se copia, nada queda en la&nbsp;cabeza, como tem\u00eda Plat\u00f3n.<\/p>\n\n\n\n<p class=\"wp-block-paragraph\">En&nbsp;nuestros&nbsp;d\u00edas,&nbsp;a&nbsp;trav\u00e9s&nbsp;de&nbsp;las&nbsp;redes&nbsp;se&nbsp;accede&nbsp;a&nbsp;bibliotecas&nbsp;virtuales&nbsp;con&nbsp;cientos,&nbsp;incluso&nbsp;miles,&nbsp;de&nbsp;t\u00edtulos, muchos de ellos gratuitos. La Tablet permite transportar bibliotecas, archivos y videos, para&nbsp;leer, ver y o\u00edr en cualquier parte, y hace posible que las horas muertas en antesalas de centrales&nbsp;camioneras, aeropuertos, oficinas, consultorios, etc\u00e9tera, se vuelvan productivos.&nbsp;En esos casos, lo&nbsp;digital es incomparable.<\/p>\n\n\n\n<p class=\"wp-block-paragraph\">Una&nbsp;vez&nbsp;atend\u00ed&nbsp;a&nbsp;un&nbsp;amigo&nbsp;en&nbsp;mi&nbsp;despacho.&nbsp;Ten\u00eda&nbsp;en&nbsp;el&nbsp;escritorio&nbsp;la&nbsp;computadora&nbsp;y&nbsp;una&nbsp;pila&nbsp;de&nbsp;libros.&nbsp;Cuando&nbsp;le&nbsp;dije&nbsp;que&nbsp;estaba&nbsp;escribiendo&nbsp;un&nbsp;discurso,&nbsp;respondi\u00f3:&nbsp;\u201cQu\u00e9&nbsp;chiste,&nbsp;con&nbsp;todos&nbsp;esos&nbsp;libros\u201d.&nbsp;\u201cSi&nbsp;te parece f\u00e1cil \u2013le dije\u2013 si\u00e9ntate y hazlo\u201d. Recuper\u00f3 la prudencia. No hay que confundir investigar y&nbsp;obtener datos, con copiar o plagiar. Se debe distinguir entre el uso necesario de los recursos que&nbsp;sustenten un texto y el traslado servil y necio de lo dicho por otros present\u00e1ndolo como propio.<\/p>\n\n\n\n<p class=\"wp-block-paragraph\">La Federaci\u00f3n de Gremios de Editores de Espa\u00f1a, solicit\u00f3 a Irene Vallejo \u2013acogida por miles en su&nbsp;reciente&nbsp;visita&nbsp;a&nbsp;M\u00e9xico\u2013&nbsp;la&nbsp;escritura&nbsp;del&nbsp;<em>Manifiesto&nbsp;por&nbsp;la&nbsp;lectura<\/em>.&nbsp;Se&nbsp;trata&nbsp;de&nbsp;un&nbsp;texto&nbsp;corto&nbsp;lleno&nbsp;de&nbsp;reflexiones (Siruela, 2021).&nbsp;Ella reflexiona para los lectores:<\/p>\n\n\n\n<p class=\"wp-block-paragraph\">\u201cAnhelamos&nbsp;ver&nbsp;por&nbsp;otros&nbsp;ojos,&nbsp;pensar&nbsp;con&nbsp;otras&nbsp;ideas&nbsp;y&nbsp;sentir&nbsp;otras&nbsp;pasiones\u201d.<\/p>\n\n\n\n<p class=\"wp-block-paragraph\">\u201cA&nbsp;trav\u00e9s&nbsp;de&nbsp;los&nbsp;relatos&nbsp;podemos&nbsp;saber&nbsp;c\u00f3mo&nbsp;sintieron&nbsp;y&nbsp;so\u00f1aron&nbsp;personas&nbsp;muertas&nbsp;antes&nbsp;de&nbsp;nuestro&nbsp;nacimiento, incluso escucharlas vivas dentro de nosotros, un conjuro imposible para ninguna otra&nbsp;especie\u201d.<\/p>\n\n\n\n<p class=\"wp-block-paragraph\">\u201cAtravesamos tiempos de crisis, de cambio, de incertidumbres. Y precisamente en esas encrucijadas&nbsp;necesitamos&nbsp;volver&nbsp;la&nbsp;mirada&nbsp;a&nbsp;los&nbsp;libros,&nbsp;a&nbsp;los&nbsp;renglones&nbsp;del&nbsp;pasado:&nbsp;nada&nbsp;de&nbsp;lo&nbsp;que&nbsp;ocurre&nbsp;lo&nbsp;vivimos&nbsp;por primera vez\u201d.<\/p>\n\n\n\n<p class=\"wp-block-paragraph\">\u201cSomos seres entretejidos de relatos, bordados, con hilos de voces, de historia, de filosof\u00eda y de&nbsp;ciencia,&nbsp;de&nbsp;leyes&nbsp;y&nbsp;leyendas.&nbsp;Los&nbsp;libros&nbsp;son&nbsp;albergues&nbsp;de&nbsp;la&nbsp;memoria,&nbsp;espejo&nbsp;donde&nbsp;miramos&nbsp;para&nbsp;poder&nbsp;parecernos m\u00e1s a lo que deseamos ser. No puede desaparecer lo que nos salva. Los libros nos&nbsp;recuerdan serenos y siempre dispuestos a desplegarse ante nuestros ojos. La salud de las palabras&nbsp;enra\u00edza en las editoriales, en los c\u00edrculos de lectura compartida, en las bibliotecas, en las escuelas.&nbsp;Es&nbsp;all\u00ed donde imaginamos el futuro que nos une.\u201d<\/p>\n\n\n\n<p class=\"wp-block-paragraph\">El&nbsp;libro&nbsp;es&nbsp;un&nbsp;amigo&nbsp;fiel&nbsp;y&nbsp;la&nbsp;lectura&nbsp;una&nbsp;patria,&nbsp;un&nbsp;sue\u00f1o,&nbsp;una&nbsp;libertad&nbsp;absoluta.<\/p>\n","protected":false},"excerpt":{"rendered":"<p>Florencio&nbsp;Salazar Leer&nbsp;sin&nbsp;l\u00e1piz&nbsp;es&nbsp;como&nbsp;leer&nbsp;sin&nbsp;libro. Jos\u00e9&nbsp;Francisco&nbsp;Ru\u00edz&nbsp;Massieu. En&nbsp;su&nbsp;breve&nbsp;art\u00edculo&nbsp;semanal,&nbsp;publicado&nbsp;en&nbsp;Milenio,&nbsp;ayer&nbsp;Irene&nbsp;Vallejo,&nbsp;la&nbsp;c\u00e9lebre&nbsp;autora&nbsp;de&nbsp;El&nbsp;infinito&nbsp;en un junco, refiere las preocupaciones de Plat\u00f3n sobre la escritura. El fil\u00f3sofo ten\u00eda la convicci\u00f3n de&nbsp;que \u201cEs olvido lo que producir\u00e1n las letras en quienes las aprendan, al descuidar la memoria, ya que,&nbsp;fi\u00e1ndose en los libros, llegar\u00e1n al recuerdo desde fuera\u201d. Seg\u00fan el autor de los&nbsp;Di\u00e1logos, el&nbsp;conocimiento estar\u00e1 disponible en libros, [&hellip;]<\/p>\n","protected":false},"author":3,"featured_media":48718,"comment_status":"open","ping_status":"open","sticky":false,"template":"","format":"standard","meta":{"_monsterinsights_skip_tracking":false,"footnotes":""},"categories":[693,36,199,110],"tags":[],"class_list":["post-48717","post","type-post","status-publish","format-standard","has-post-thumbnail","category-693","category-columnistas","category-florencio-salazar-adame","category-la-opinion-columnas"],"_links":{"self":[{"href":"https:\/\/redsemlac.com\/semmexico\/wp-json\/wp\/v2\/posts\/48717","targetHints":{"allow":["GET"]}}],"collection":[{"href":"https:\/\/redsemlac.com\/semmexico\/wp-json\/wp\/v2\/posts"}],"about":[{"href":"https:\/\/redsemlac.com\/semmexico\/wp-json\/wp\/v2\/types\/post"}],"author":[{"embeddable":true,"href":"https:\/\/redsemlac.com\/semmexico\/wp-json\/wp\/v2\/users\/3"}],"replies":[{"embeddable":true,"href":"https:\/\/redsemlac.com\/semmexico\/wp-json\/wp\/v2\/comments?post=48717"}],"version-history":[{"count":0,"href":"https:\/\/redsemlac.com\/semmexico\/wp-json\/wp\/v2\/posts\/48717\/revisions"}],"wp:featuredmedia":[{"embeddable":true,"href":"https:\/\/redsemlac.com\/semmexico\/wp-json\/wp\/v2\/media\/48718"}],"wp:attachment":[{"href":"https:\/\/redsemlac.com\/semmexico\/wp-json\/wp\/v2\/media?parent=48717"}],"wp:term":[{"taxonomy":"category","embeddable":true,"href":"https:\/\/redsemlac.com\/semmexico\/wp-json\/wp\/v2\/categories?post=48717"},{"taxonomy":"post_tag","embeddable":true,"href":"https:\/\/redsemlac.com\/semmexico\/wp-json\/wp\/v2\/tags?post=48717"}],"curies":[{"name":"wp","href":"https:\/\/api.w.org\/{rel}","templated":true}]}}