{"id":48700,"date":"2022-04-20T15:56:14","date_gmt":"2022-04-20T21:56:14","guid":{"rendered":"https:\/\/redsemlac.com\/semmexico\/?p=48700"},"modified":"2023-07-21T19:03:03","modified_gmt":"2023-07-22T00:03:03","slug":"una-familia-reorganiza-su-historia-para-encontrar-su-lugar-en-el-mundo-en-soluciones-permanentes-para-problemas-comunes","status":"publish","type":"post","link":"https:\/\/redsemlac.com\/semmexico\/una-familia-reorganiza-su-historia-para-encontrar-su-lugar-en-el-mundo-en-soluciones-permanentes-para-problemas-comunes\/","title":{"rendered":"Una familia reorganiza su historia para encontrar su lugar en el mundo en\u00a0\u00abSoluciones permanentes para problemas comunes\u00bb"},"content":{"rendered":"\n<ul class=\"wp-block-list\"><li><strong>Es una mirada ficticia para mostrar que el orden impuesto por el patriarcado es un producto social transformable<\/strong><\/li><li><strong>Escrita y dirigida por Francisco Ibarra, del 21 de abril al 29 de mayo en la Sala&nbsp;<em>Xavier Villaurrutia<\/em>&nbsp;del CCB&nbsp;<\/strong><\/li><\/ul>\n\n\n\n<p class=\"wp-block-paragraph\"><strong>&nbsp;Redacci\u00f3n<\/strong><\/p>\n\n\n\n<p class=\"wp-block-paragraph\">SemM\u00e9xico, Cd. de M\u00e9xico, 20 de abril, 2022.- Una familia com\u00fan: una madre soltera, su padre; un hombre de la tercera edad que paulatinamente pierde la memoria, una hija que cuestiona el lugar que se les asigna a las mujeres en su entorno y un hijo homosexual en busca de su independencia y de otras maneras de construirse hombre.&nbsp;&nbsp;<\/p>\n\n\n\n<p class=\"wp-block-paragraph\">Se trata de la obra&nbsp;<em>Soluciones permanentes para problemas comunes<\/em>, escrita y dirigida por Francisco Ibarra. La producci\u00f3n de las compa\u00f1\u00edas AldeaTeatro y Tramoya 71, apoyada por el programa Direcci\u00f3n joven de la Coordinaci\u00f3n Nacional de Teatro del Instituto Nacional de Bellas Artes y Literatura (Inbal), podr\u00e1 ser disfrutada los jueves y viernes a las 20:00 horas, s\u00e1bados a las 19:00 y domingos a las 18:00, del 21 de abril al 29 de mayo en la Sala&nbsp;<em>Xavier Villaurrutia<\/em>&nbsp;del Centro Cultural del Bosque (CCB), en el marco de la estrategia&nbsp;<strong>#VolverAVerte<\/strong>&nbsp;de la Secretar\u00eda de Cultura del Gobierno de M\u00e9xico.&nbsp;&nbsp;&nbsp;&nbsp;<\/p>\n\n\n\n<p class=\"wp-block-paragraph\">\u201cA trav\u00e9s del programa Direcci\u00f3n Joven he tenido la oportunidad de escribir y contar esta historia de la mano de un elenco intergeneracional armado de mujeres y hombres LGBT+ que, mediante la reflexi\u00f3n de su historia personal, han dado a luz a una familia ficticia para mostrar que el orden impuesto por el patriarcado es un producto social transformable y que es posible abrir grietas a estos problemas comunes para lograr un entorno cada vez m\u00e1s amable para todas y todos\u201d, refiere Ibarra.&nbsp;&nbsp;<\/p>\n\n\n\n<p class=\"wp-block-paragraph\">\u201c<em>Soluciones permanentes para problemas comunes<\/em>&nbsp;es una puesta en escena que se cuenta a partir de saltos desordenados en la historia de una familia no tradicional para mostrar su origen, h\u00e1bitos y pr\u00e1cticas cotidianas, y una serie de juegos del papel que, de manera desorganizada, le han dado forma a lo largo del tiempo.&nbsp;&nbsp;<\/p>\n\n\n\n<p class=\"wp-block-paragraph\">\u201cEn la escena jugamos con el tono melodram\u00e1tico caracter\u00edstico de nuestra cultura mexicana para sacar de contexto algunas ideas de naturaleza patriarcal y mostrar as\u00ed a la familia fuera del estereotipo de los envases de leche y en su complejidad, por medio de un dispositivo de universos argumentales atravesados por el tiempo, los afectos, la norma tradicional del g\u00e9nero, los medios de producci\u00f3n y las narrativas institucionales\u201d, finaliza el autor y director.&nbsp;&nbsp;<\/p>\n\n\n\n<p class=\"wp-block-paragraph\">El elenco est\u00e1 conformado por Humberto Y\u00e1\u00f1ez, Tania Gonz\u00e1lez Jord\u00e1n, Alberto Cerz y Daniela Bustamante. El dise\u00f1o de escenograf\u00eda e iluminaci\u00f3n es de Edgar Mora; el de vestuario, de Saira Lagunas; el de coreograf\u00eda de Sandra Milena, y el sonoro, de Xico Reyes.&nbsp;&nbsp;<\/p>\n\n\n\n<p class=\"wp-block-paragraph\">Habr\u00e1 un estricto apego a las medidas de protecci\u00f3n para artistas, trabajadores y asistentes, las cuales consisten en la instalaci\u00f3n de un filtro con tapete desinfectante, aplicaci\u00f3n de gel antibacterial, revisi\u00f3n de la temperatura que no rebase los 37.5\u00baC, uso obligatorio de cubreboca al momento del acceso y durante las funciones, y respeto a la sana distancia. El cambio de programaci\u00f3n est\u00e1 sujeto a las condiciones sanitarias establecidas por las autoridades de las secretar\u00edas de Salud y de Cultura del Gobierno de M\u00e9xico.&nbsp;<\/p>\n","protected":false},"excerpt":{"rendered":"<p>Escrita y dirigida por Francisco Ibarra, del 21 de abril al 29 de mayo en la Sala\u00a0Xavier Villaurrutia\u00a0del CCB\u00a0<\/p>\n","protected":false},"author":3,"featured_media":48701,"comment_status":"open","ping_status":"open","sticky":false,"template":"","format":"standard","meta":{"_monsterinsights_skip_tracking":false,"footnotes":""},"categories":[693,45,46],"tags":[],"class_list":["post-48700","post","type-post","status-publish","format-standard","has-post-thumbnail","category-693","category-cultura","category-cultura-cultura"],"_links":{"self":[{"href":"https:\/\/redsemlac.com\/semmexico\/wp-json\/wp\/v2\/posts\/48700","targetHints":{"allow":["GET"]}}],"collection":[{"href":"https:\/\/redsemlac.com\/semmexico\/wp-json\/wp\/v2\/posts"}],"about":[{"href":"https:\/\/redsemlac.com\/semmexico\/wp-json\/wp\/v2\/types\/post"}],"author":[{"embeddable":true,"href":"https:\/\/redsemlac.com\/semmexico\/wp-json\/wp\/v2\/users\/3"}],"replies":[{"embeddable":true,"href":"https:\/\/redsemlac.com\/semmexico\/wp-json\/wp\/v2\/comments?post=48700"}],"version-history":[{"count":0,"href":"https:\/\/redsemlac.com\/semmexico\/wp-json\/wp\/v2\/posts\/48700\/revisions"}],"wp:featuredmedia":[{"embeddable":true,"href":"https:\/\/redsemlac.com\/semmexico\/wp-json\/wp\/v2\/media\/48701"}],"wp:attachment":[{"href":"https:\/\/redsemlac.com\/semmexico\/wp-json\/wp\/v2\/media?parent=48700"}],"wp:term":[{"taxonomy":"category","embeddable":true,"href":"https:\/\/redsemlac.com\/semmexico\/wp-json\/wp\/v2\/categories?post=48700"},{"taxonomy":"post_tag","embeddable":true,"href":"https:\/\/redsemlac.com\/semmexico\/wp-json\/wp\/v2\/tags?post=48700"}],"curies":[{"name":"wp","href":"https:\/\/api.w.org\/{rel}","templated":true}]}}