{"id":4861,"date":"2018-12-13T17:26:28","date_gmt":"2018-12-13T17:26:28","guid":{"rendered":"https:\/\/redsemlac.com\/semmexico\/?p=4861"},"modified":"2023-07-21T14:34:41","modified_gmt":"2023-07-21T19:34:41","slug":"periodistas-defensoras-de-derechos-humanos-artistas-entre-las-nominadas","status":"publish","type":"post","link":"https:\/\/redsemlac.com\/semmexico\/periodistas-defensoras-de-derechos-humanos-artistas-entre-las-nominadas\/","title":{"rendered":"Periodistas, defensoras de derechos humanos, artistas, entre las nominadas"},"content":{"rendered":"\n<p class=\"wp-block-paragraph\"><a href=\"https:\/\/www.semmexico.com\/gallery-post.php?id=6637#\">Redacci\u00f3n<\/a><\/p>\n\n\n\n<p class=\"wp-block-paragraph\">SemM\u00e9xico, Cd. de M\u00e9xico, 13 diciembre 2018.- Apenas poco m\u00e1s de una tercera parte de quienes fueron propuestos para recibir la Medalla Belisario Dom\u00ednguez son mujeres.<\/p>\n\n\n\n<p class=\"wp-block-paragraph\">El pasado martes, con 15 candidatos, la Comisi\u00f3n de la Medalla Belisario Dom\u00ednguez cerr\u00f3 el periodo de recepci\u00f3n de postulaciones para recibir este galard\u00f3n que otorga el Senado de la Rep\u00fablica a quien se haya distinguido por su ciencia y virtud, en grado eminente, en el servicio a la naci\u00f3n mexicana.<\/p>\n\n\n\n<p class=\"wp-block-paragraph\">En total, la Comisi\u00f3n recibi\u00f3 52 postulaciones realizadas por senadores, organizaciones civiles, instituciones acad\u00e9micas y ciudadanos. Las y los candidatos van desde ciudadanos que trabajan en favor de sus comunidades, activistas sociales, pol\u00edticos, periodistas, investigadores y escritorios, entre otros.&nbsp;<\/p>\n\n\n\n<p class=\"wp-block-paragraph\">Las mujeres propuestas son la periodista Carmen Aristegui Flores; la bailarina de danza cl\u00e1sica Elisa Carrillo Cabrera; la activista y fundadora del Comit\u00e9 Eureka, adem\u00e1s dos veces candidata a la presidencia la Rep\u00fablica, Rosario Ibarra de Piedra; Mar\u00eda Ang\u00e9lica Luna y Parra y Trejo Lerdo (Post- mortem), comprometida con las causas de las mujeres, pol\u00edtica y funcionaria p\u00fablica, fallecida en noviembre pasado; as\u00ed como la cient\u00edfica mexicana Linda Silvia Torres Castilleja-Peimbert, y Anna Zarnecki (Post-mortem) pintora y escritora.<\/p>\n\n\n\n<p class=\"wp-block-paragraph\">Los otros postulados son \u00c1lvaro Genaro Carrillo Morales (Post mortem);&nbsp;Luis Donaldo Colosio Murrieta (Post mortem),&nbsp;Javier de la Fuente Hern\u00e1ndez,&nbsp;Fernando Guisa Hohenstein, Ramiro Iglesias Leal, Rodolfo Neri Vela, Carlos Pay\u00e1n Velver, Guillermo Miguel Ru\u00edz-Palacios y Santos y Julio Scherer Garc\u00eda (Post mortem).<\/p>\n\n\n\n<p class=\"wp-block-paragraph\">Belisario Dom\u00ednguez fue un senador chiapaneco que ofrend\u00f3 su vida en busca de la libertad del pueblo mexicano. Denunci\u00f3 la gran traici\u00f3n que en ese momento hab\u00eda ensombrecido la vida nacional.<\/p>\n\n\n\n<p class=\"wp-block-paragraph\">SEM\/sj<br><\/p>\n","protected":false},"excerpt":{"rendered":"<p>Redacci\u00f3n SemM\u00e9xico, Cd. de M\u00e9xico, 13 diciembre 2018.- Apenas poco m\u00e1s de una tercera parte de quienes fueron propuestos para recibir la Medalla Belisario Dom\u00ednguez son mujeres. El pasado martes, con 15 candidatos, la Comisi\u00f3n de la Medalla Belisario Dom\u00ednguez cerr\u00f3 el periodo de recepci\u00f3n de postulaciones para recibir este galard\u00f3n que otorga el Senado [&hellip;]<\/p>\n","protected":false},"author":3,"featured_media":4862,"comment_status":"open","ping_status":"open","sticky":false,"template":"","format":"standard","meta":{"_monsterinsights_skip_tracking":false,"footnotes":""},"categories":[689,50],"tags":[],"class_list":["post-4861","post","type-post","status-publish","format-standard","has-post-thumbnail","category-689","category-congreso"],"_links":{"self":[{"href":"https:\/\/redsemlac.com\/semmexico\/wp-json\/wp\/v2\/posts\/4861","targetHints":{"allow":["GET"]}}],"collection":[{"href":"https:\/\/redsemlac.com\/semmexico\/wp-json\/wp\/v2\/posts"}],"about":[{"href":"https:\/\/redsemlac.com\/semmexico\/wp-json\/wp\/v2\/types\/post"}],"author":[{"embeddable":true,"href":"https:\/\/redsemlac.com\/semmexico\/wp-json\/wp\/v2\/users\/3"}],"replies":[{"embeddable":true,"href":"https:\/\/redsemlac.com\/semmexico\/wp-json\/wp\/v2\/comments?post=4861"}],"version-history":[{"count":0,"href":"https:\/\/redsemlac.com\/semmexico\/wp-json\/wp\/v2\/posts\/4861\/revisions"}],"wp:featuredmedia":[{"embeddable":true,"href":"https:\/\/redsemlac.com\/semmexico\/wp-json\/wp\/v2\/media\/4862"}],"wp:attachment":[{"href":"https:\/\/redsemlac.com\/semmexico\/wp-json\/wp\/v2\/media?parent=4861"}],"wp:term":[{"taxonomy":"category","embeddable":true,"href":"https:\/\/redsemlac.com\/semmexico\/wp-json\/wp\/v2\/categories?post=4861"},{"taxonomy":"post_tag","embeddable":true,"href":"https:\/\/redsemlac.com\/semmexico\/wp-json\/wp\/v2\/tags?post=4861"}],"curies":[{"name":"wp","href":"https:\/\/api.w.org\/{rel}","templated":true}]}}