{"id":48589,"date":"2022-04-17T15:04:26","date_gmt":"2022-04-17T21:04:26","guid":{"rendered":"https:\/\/redsemlac.com\/semmexico\/?p=48589"},"modified":"2023-07-21T19:02:28","modified_gmt":"2023-07-22T00:02:28","slug":"la-camara-de-diputados-otorgo-un-minuto-de-aplausos-en-memoria-de-rosario-ibarra-de-piedra","status":"publish","type":"post","link":"https:\/\/redsemlac.com\/semmexico\/la-camara-de-diputados-otorgo-un-minuto-de-aplausos-en-memoria-de-rosario-ibarra-de-piedra\/","title":{"rendered":"La C\u00e1mara de Diputados otorg\u00f3 un minuto de aplausos en memoria de Rosario Ibarra de Piedra"},"content":{"rendered":"\n<p class=\"wp-block-paragraph\">Su activismo despert\u00f3 miles de conciencias sociales: diputado Sergio Guti\u00e9rrez Luna<\/p>\n\n\n\n<p class=\"wp-block-paragraph\">SemM\u00e9xico, Cd. de M\u00e9xico, 17 de abril, 2022.- La C\u00e1mara de Diputados otorg\u00f3 un minuto de aplausos en memoria de Rosario Ibarra de Piedra, activista, exdiputada federal, exsenadora de la Rep\u00fablica, y candidata a la Presidencia del Rep\u00fablica.&nbsp;<\/p>\n\n\n\n<p class=\"wp-block-paragraph\">En la sesi\u00f3n presencial de este domingo, el presidente de la Mesa Directiva, diputado Sergio Guti\u00e9rrez Luna, dijo que ayer, 16 de abril, falleci\u00f3 a la edad de 95 a\u00f1os Rosario Ibarra de Piedra.&nbsp;<\/p>\n\n\n\n<p class=\"wp-block-paragraph\">\u201cUna mujer coahuilense, pero que vivi\u00f3 y form\u00f3 su familia en Monterrey, Nuevo Le\u00f3n; que quede en nuestros corazones como una persona que encauz\u00f3 una de las luchas m\u00e1s nobles y dolorosas: la desaparici\u00f3n de uno de sus hijos durante la guerra sucia. Pas\u00f3 de ser una causa personal a una causa pol\u00edtica, llena de lucha, se encontr\u00f3 con otras madres y familiares y personajes pol\u00edticos que deseaban lo mismo que ella: un Estado democr\u00e1tico\u201d, expres\u00f3.&nbsp;<\/p>\n\n\n\n<p class=\"wp-block-paragraph\">Relat\u00f3 que su activismo despert\u00f3 miles de conciencias que, ante la falta de un Estado protector, encontraron en ella un coraz\u00f3n lleno de bondad y dignidad. Adem\u00e1s, conform\u00f3 el Comit\u00e9 Eureka, con el objetivo de exigir la verdad y la justicia y, desde entonces, se han sumado a esta lucha colectiva miles de personas. &nbsp;<\/p>\n\n\n\n<p class=\"wp-block-paragraph\">El diputado Guti\u00e9rrez Luna a\u00f1adi\u00f3 que su congruencia le permiti\u00f3 en postularse a la Presidencia de la Rep\u00fablica en dos ocasiones \u201cy, aunque por el r\u00e9gimen autoritario del siglo pasado, no consigui\u00f3 la victoria, lleg\u00f3 a ocupar en dos ocasiones una diputaci\u00f3n federal y una senadur\u00eda\u201d. &nbsp;<\/p>\n\n\n\n<p class=\"wp-block-paragraph\">Se\u00f1al\u00f3 que hoy lamentamos la partida f\u00edsica de Rosario Ibarra de Piedra; enorgullece el ejemplo de dignidad y de lucha frente al abuso del poder. Hizo votos para que las presentes y futuras generaciones sepan qui\u00e9n fue y conozcan el legado libertario y democratizador que dej\u00f3 para la Rep\u00fablica.&nbsp;<\/p>\n\n\n\n<p class=\"wp-block-paragraph\">\u201cA sus hijas, hijos, nietos, familiares y amigos, les expresamos nuestras condolencias. Descanse en paz\u201d, a\u00f1adi\u00f3.&nbsp;<\/p>\n\n\n\n<p class=\"wp-block-paragraph\">El diputado presidente pidi\u00f3 a la asamblea otorgar un minuto de aplausos a do\u00f1a Rosario Ibarra de Piedra.<\/p>\n","protected":false},"excerpt":{"rendered":"<p>La C\u00e1mara de Diputados otorg\u00f3 un minuto de aplausos en memoria de Rosario Ibarra de Piedra.<\/p>\n","protected":false},"author":3,"featured_media":48591,"comment_status":"open","ping_status":"open","sticky":false,"template":"","format":"standard","meta":{"_monsterinsights_skip_tracking":false,"footnotes":""},"categories":[693,50],"tags":[],"class_list":["post-48589","post","type-post","status-publish","format-standard","has-post-thumbnail","category-693","category-congreso"],"_links":{"self":[{"href":"https:\/\/redsemlac.com\/semmexico\/wp-json\/wp\/v2\/posts\/48589","targetHints":{"allow":["GET"]}}],"collection":[{"href":"https:\/\/redsemlac.com\/semmexico\/wp-json\/wp\/v2\/posts"}],"about":[{"href":"https:\/\/redsemlac.com\/semmexico\/wp-json\/wp\/v2\/types\/post"}],"author":[{"embeddable":true,"href":"https:\/\/redsemlac.com\/semmexico\/wp-json\/wp\/v2\/users\/3"}],"replies":[{"embeddable":true,"href":"https:\/\/redsemlac.com\/semmexico\/wp-json\/wp\/v2\/comments?post=48589"}],"version-history":[{"count":0,"href":"https:\/\/redsemlac.com\/semmexico\/wp-json\/wp\/v2\/posts\/48589\/revisions"}],"wp:featuredmedia":[{"embeddable":true,"href":"https:\/\/redsemlac.com\/semmexico\/wp-json\/wp\/v2\/media\/48591"}],"wp:attachment":[{"href":"https:\/\/redsemlac.com\/semmexico\/wp-json\/wp\/v2\/media?parent=48589"}],"wp:term":[{"taxonomy":"category","embeddable":true,"href":"https:\/\/redsemlac.com\/semmexico\/wp-json\/wp\/v2\/categories?post=48589"},{"taxonomy":"post_tag","embeddable":true,"href":"https:\/\/redsemlac.com\/semmexico\/wp-json\/wp\/v2\/tags?post=48589"}],"curies":[{"name":"wp","href":"https:\/\/api.w.org\/{rel}","templated":true}]}}