{"id":48586,"date":"2022-04-17T14:39:05","date_gmt":"2022-04-17T20:39:05","guid":{"rendered":"https:\/\/redsemlac.com\/semmexico\/?p=48586"},"modified":"2023-07-21T19:02:28","modified_gmt":"2023-07-22T00:02:28","slug":"hallazgos-rosario-ibarra-de-piedra","status":"publish","type":"post","link":"https:\/\/redsemlac.com\/semmexico\/hallazgos-rosario-ibarra-de-piedra\/","title":{"rendered":"Hallazgos| Rosario Ibarra de Piedra"},"content":{"rendered":"\n<p class=\"wp-block-paragraph\">Por Roc\u00edo Fiallega<\/p>\n\n\n\n<p class=\"wp-block-paragraph\">SemM\u00e9xico, Cd. de M\u00e9xico, 17 de abril, 2022.- Este s\u00e1bado de Gloria (16 de abril de 2022) falleci\u00f3 Rosario Ibarra de Piedra, la mujer-madre del norte que nos abri\u00f3 los ojos para ver la impunidad, que fortaleci\u00f3 nuestros brazos para exigir justicia y bord\u00f3 con sus palabras lo que hoy llamamos derechos humanos, la que le puso un hasta aqu\u00ed a la desesperanza y grit\u00f3 \u00a1Eureka! Para otros, la que nos dio pasos firmes para trepar a una tarima.<\/p>\n\n\n\n<p class=\"wp-block-paragraph\">Apenas hace dos semanas en el Cinemat\u00f3grafo del Chopo vi el documental Rosario, de Shula Eremberg, mirar a esa madre de dos hijas y dos hijos, con una vida convencional y clasemediera, con sus alegr\u00edas y alcances, convertirse en una luchadora social a ra\u00edz de la desaparici\u00f3n forzada de su hijo Jes\u00fas, integrante de la Liga 23 de setiembre, es como ver la alquimia de un drag\u00f3n.&nbsp;<\/p>\n\n\n\n<p class=\"wp-block-paragraph\">Ella se hizo a s\u00ed misma al andar en el quehacer pol\u00edtico, porque su estatura se med\u00eda de su cabeza al cielo y no al rev\u00e9s, nada en ella volvi\u00f3 a ser convencional., pues le quit\u00f3 la venda al pa\u00eds de caramelo para que se viera con su impunidad y su guerra sucia.<\/p>\n\n\n\n<p class=\"wp-block-paragraph\">Pero \u00bfqui\u00e9n quer\u00eda ver un pa\u00eds represor, si la abundancia y el milagro mexicano estaban en cada pantalla?, quienes miraban a esas madres tomadas del brazo gritando \u00a1Vivos se los llevaron vivos los queremos! Se dieron cuenta que ya no pod\u00edan girar su vista a la otra acera, que habr\u00eda de enfrentarse esa realidad.<\/p>\n\n\n\n<p class=\"wp-block-paragraph\">El Comit\u00e9 Pro Defensa de Presos, \u00b4Perseguidos, Desaparecidos y Exiliados Pol\u00edticos, mejor conocido como el Comit\u00e9 \u00a1Eureka!, tom\u00f3 su nombre precisamente de la frase de Arqu\u00edmedes ante un descubrimiento, \u00e9sa era la convicci\u00f3n de la organizaci\u00f3n: volver a encontrar al hijo, al padre al hermano desaparecido. Rosario Ibarra nunca desisti\u00f3, fund\u00f3 tambi\u00e9n el Frente Nacional contra la Represi\u00f3n y hoy todav\u00eda podemos visitar el Museo Casa de la Memoria Ind\u00f3mita en el centro de la Ciudad de M\u00e9xico.<\/p>\n\n\n\n<p class=\"wp-block-paragraph\">Rosario la que viste de negro, la que carga como relicario que le abarca todo el pecho la fotograf\u00eda de su hijo, la que alza su voz y su mano en el mitin pol\u00edtico, la de la huelga de hambre frente a Catedral, la primera candidata a la Presidencia en 1982, la que lee la posici\u00f3n de C\u00e1rdenas, Clouthier y la propia ante el fraude electoral de 1988, la diputada, la Presidenta de la Convenci\u00f3n Nacional Democr\u00e1tica en la selva lacandona, la senadora, la madre de un desaparecido\u2026<\/p>\n\n\n\n<p class=\"wp-block-paragraph\">Ella es nuestra ancestra, la que con su dolor abri\u00f3 brecha, por la que aprendimos el valor de las palabras y la persistencia del amor sobre la represi\u00f3n y la muerte.<\/p>\n","protected":false},"excerpt":{"rendered":"<p>Este s\u00e1bado de Gloria (16 de abril de 2022) falleci\u00f3 Rosario Ibarra de Piedra, la mujer-madre del norte que nos abri\u00f3 los ojos para ver la impunidad, que fortaleci\u00f3 nuestros brazos para exigir justicia y bord\u00f3 con sus palabras lo que hoy llamamos derechos humanos. <\/p>\n","protected":false},"author":3,"featured_media":39324,"comment_status":"open","ping_status":"open","sticky":false,"template":"","format":"standard","meta":{"_monsterinsights_skip_tracking":false,"footnotes":""},"categories":[693,620,35,621],"tags":[],"class_list":["post-48586","post","type-post","status-publish","format-standard","has-post-thumbnail","category-693","category-hallazgos","category-opinion","category-rocio-fiallega"],"_links":{"self":[{"href":"https:\/\/redsemlac.com\/semmexico\/wp-json\/wp\/v2\/posts\/48586","targetHints":{"allow":["GET"]}}],"collection":[{"href":"https:\/\/redsemlac.com\/semmexico\/wp-json\/wp\/v2\/posts"}],"about":[{"href":"https:\/\/redsemlac.com\/semmexico\/wp-json\/wp\/v2\/types\/post"}],"author":[{"embeddable":true,"href":"https:\/\/redsemlac.com\/semmexico\/wp-json\/wp\/v2\/users\/3"}],"replies":[{"embeddable":true,"href":"https:\/\/redsemlac.com\/semmexico\/wp-json\/wp\/v2\/comments?post=48586"}],"version-history":[{"count":0,"href":"https:\/\/redsemlac.com\/semmexico\/wp-json\/wp\/v2\/posts\/48586\/revisions"}],"wp:featuredmedia":[{"embeddable":true,"href":"https:\/\/redsemlac.com\/semmexico\/wp-json\/wp\/v2\/media\/39324"}],"wp:attachment":[{"href":"https:\/\/redsemlac.com\/semmexico\/wp-json\/wp\/v2\/media?parent=48586"}],"wp:term":[{"taxonomy":"category","embeddable":true,"href":"https:\/\/redsemlac.com\/semmexico\/wp-json\/wp\/v2\/categories?post=48586"},{"taxonomy":"post_tag","embeddable":true,"href":"https:\/\/redsemlac.com\/semmexico\/wp-json\/wp\/v2\/tags?post=48586"}],"curies":[{"name":"wp","href":"https:\/\/api.w.org\/{rel}","templated":true}]}}