{"id":48577,"date":"2022-04-17T13:07:31","date_gmt":"2022-04-17T19:07:31","guid":{"rendered":"https:\/\/redsemlac.com\/semmexico\/?p=48577"},"modified":"2023-07-21T19:02:28","modified_gmt":"2023-07-22T00:02:28","slug":"la-herencia-de-rosario","status":"publish","type":"post","link":"https:\/\/redsemlac.com\/semmexico\/la-herencia-de-rosario\/","title":{"rendered":"La herencia de Rosario"},"content":{"rendered":"\n<p class=\"wp-block-paragraph\">Jos\u00e9 Reveles*<\/p>\n\n\n\n<p class=\"wp-block-paragraph\">SemM\u00e9xico, Cd. de M\u00e9xico 17 de abril, 2022. &#8211; Rosario Ibarra se las ingeniaba para ingresar a la prisi\u00f3n del Campo Militar N\u00famero Uno y hacer sonar con suficiente volumen un audiocasete con las canciones preferidas de su hijo Jes\u00fas, a quien la fuerza p\u00fablica aprehendi\u00f3 y mantuvo en prisi\u00f3n clandestina desde abril de 1975, con la esperanza que las escuchara y supiera que lo andaba buscando.<\/p>\n\n\n\n<p class=\"wp-block-paragraph\">Rosario Ibarra se convirti\u00f3 en la sombra inc\u00f3moda del presidente Luis Echeverr\u00eda, a quien se le apareci\u00f3 en 37 ocasiones en actos p\u00fablicos para exigirle la presentaci\u00f3n con vida de su hijo Jes\u00fas Piedra Ibarra, integrante de la Liga Comunista 23 de Septiembre quien, como otros cientos de j\u00f3venes mexicanos, opt\u00f3 por la lucha armada para derrocar a los reg\u00edmenes autoritarios de la era pri\u00edsta.<\/p>\n\n\n\n<p class=\"wp-block-paragraph\">Rosario Ibarra busc\u00f3 hasta encontrar a Miguel Nassar Haro cuando era el titular de la Direcci\u00f3n Federal de Seguridad y de la Brigada Blanca, \u00f3rganos represores del gobierno, cuyos elementos ten\u00edan permiso para capturar en cualquier circunstancia, nunca presentar ante un Ministerio P\u00fablico, encerrar en c\u00e1rceles clandestinas, torturar, matar o desaparecer a los disidentes, fueran armados o luchadores civiles. Nassar goz\u00f3 con hacerle a ella y a su hija Claudia un cruel espect\u00e1culo: desparram\u00f3 sobre su escritorio fotograf\u00edas de j\u00f3venes guerrilleros abatidos y con los cuerpos acribillados y sangrantes para que vieran si entre ese c\u00famulo de v\u00edctimas del autoritarismo extremo aparec\u00eda Jes\u00fas. \u00c9l sab\u00eda que no lo hallar\u00edan, pero quer\u00eda que vieran a esos muertos.<\/p>\n\n\n\n<figure class=\"wp-block-image size-large\"><img loading=\"lazy\" decoding=\"async\" width=\"1005\" height=\"577\" src=\"https:\/\/redsemlac.com\/semmexico\/wp-content\/uploads\/2022\/04\/rosario.jpg\" alt=\"\" class=\"wp-image-48574\"\/><figcaption>Protesta con crucifixi\u00f3n y mitin de familiares de desaparecidos. Cr\u00e9dito: Piedra, Carlos (Fot\u00f3grafo). Archivo Hist\u00f3rico del Comit\u00e9 \u00a1Eureka!, Museo Casa de la Memoria Ind\u00f3mita. Recuperado de https:\/\/m68.mx\/coleccion\/6342<\/figcaption><\/figure>\n\n\n\n<p class=\"wp-block-paragraph\">Rosario Ibarra se gan\u00f3 la simpat\u00eda por su causa justa en la b\u00fasqueda de cientos de detenidos-desaparecidos de manera forzada en M\u00e9xico y obtuvo la confianza de miembros del Estado Mayor Presidencial que le informaban de la agenda diaria del presidente Echeverr\u00eda. Ella tambi\u00e9n har\u00eda llegar el clamor por el destino de los j\u00f3venes desaparecidos a los siguientes cuatro presidentes por lo menos. Un alto mando le entreg\u00f3 decenas de p\u00e1ginas con la transcripci\u00f3n de las intervenciones telef\u00f3nicas que hac\u00eda el gobierno de Jos\u00e9 L\u00f3pez Portillo a empresarios, dirigentes de partidos de oposici\u00f3n, periodistas, activistas sociales cuando, en vez de enviar el espionaje diario a la trituradora, como le orden\u00f3 el mandatario, se los confi\u00f3 a la Do\u00f1a y ella me entreg\u00f3 las hojas para publicar esa evidencia persecutoria en Proceso en 1977.<\/p>\n\n\n\n<p class=\"wp-block-paragraph\">Rosario Ibarra exhibi\u00f3 en Naciones Unidas, en Amnist\u00eda Internacional y en otras instancias for\u00e1neas los testimonios sobre desaparecidos vistos con vida en el Campo Militar N\u00famero Uno y otros centros de reclusi\u00f3n. Su lucha logr\u00f3 que vivieran otra vez en libertad por lo menos 157 ex desaparecidos, arranc\u00f3 de prisi\u00f3n a m\u00e1s de dos mil presos pol\u00edticos, mientras otros tantos dejaron de ser perseguidos y retornaran a M\u00e9xico m\u00e1s de 50 exiliados. Todo ello propiciado durante una huelga de hambre en la catedral metropolitana en tiempos de L\u00f3pez Portillo.<\/p>\n\n\n\n<p class=\"wp-block-paragraph\">Rosario Ibarra acompa\u00f1\u00f3 a las luchas zapatistas, recibi\u00f3 la bandera nacional de manos del subcomandante Marcos en agosto de 1994, viaj\u00f3 junto a enviados del EZLN por varios pa\u00edses y recab\u00f3 fondos para ese ej\u00e9rcito de armas en reposo y sus municipios aut\u00f3nomos.<\/p>\n\n\n\n<figure class=\"wp-block-image size-large\"><img loading=\"lazy\" decoding=\"async\" width=\"893\" height=\"607\" src=\"https:\/\/redsemlac.com\/semmexico\/wp-content\/uploads\/2022\/04\/rosario-2.jpg\" alt=\"\" class=\"wp-image-48575\"\/><figcaption>Rosario Ibarra de Piedra en marcha del 1\u00b0 de mayo. Cr\u00e9dito: Piedra, Carlos (Fot\u00f3grafo).Archivo Hist\u00f3rico del Comit\u00e9 \u00a1Eureka!, Museo Casa de la Memoria Ind\u00f3mita. Recuperado de https:\/\/m68.mx\/coleccion\/6348<\/figcaption><\/figure>\n\n\n\n<p class=\"wp-block-paragraph\">Rosario Ibarra con su lucha incansable propici\u00f3 cambios en el pa\u00eds. Sin su concurso vivir\u00edamos en circunstancias m\u00e1s deplorables de violencia, de marginaci\u00f3n y desigualdad. Recuerdo que el obispo Sergio M\u00e9ndez Arceo, obispo de Cuernavaca, le aconsejaba apaciguarse y llevar sus reclamos justos con serenidad, pero su car\u00e1cter nunca podr\u00eda amoldarse a ese tono. Ella es aut\u00e9ntica subida en hombros de los trabajadores alzando la mano izquierda frente al balc\u00f3n de Palacio Nacional; ella es genuina en su ayuno hasta arrancar la amnist\u00eda l\u00f3pezportillista. Por ello su intransigencia activa, su luchar sin odio, su rechazo a cualquier doblez moral, su reivindicaci\u00f3n de las luchas de cientos de mexicanos que buscaban cambiar el rostro de este pa\u00eds nos animan a seguir la huella que deja su memoria y nos dejan una tarea: honrar el sentido de dignidad que sembr\u00f3 en este mundo.<br><br>***<br><br>*Jos\u00e9 Reveles es el periodista mexicano que m\u00e1s ha acompa\u00f1ado la lucha del Comit\u00e9 \u00a1Eureka!, ha trabajado para medios como Exc\u00e9lsior, Proceso o El Financiero, entre otros, siendo autor, adem\u00e1s, de numerosos libros de ensayo period\u00edstico e investigaci\u00f3n.<\/p>\n\n\n\n<p class=\"wp-block-paragraph\">Foto de portada: H.I.J.O.S M\u00e9xico<\/p>\n\n\n\n<p class=\"wp-block-paragraph\">www.adondevanlosdesaparecidos.org es un sitio de investigaci\u00f3n y memoria sobre las l\u00f3gicas de la desaparici\u00f3n en M\u00e9xico. Este material puede ser libremente reproducido, siempre y cuando se respete el cr\u00e9dito de la persona autora y de A d\u00f3nde van los desaparecidos (@DesaparecerEnMx).<\/p>\n","protected":false},"excerpt":{"rendered":"<p>Rosario Ibarra se convirti\u00f3 en la sombra inc\u00f3moda del presidente Luis Echeverr\u00eda, a quien se le apareci\u00f3 en 37 ocasiones en actos p\u00fablicos para exigirle la presentaci\u00f3n con vida de su hijo Jes\u00fas Piedra Ibarra<\/p>\n","protected":false},"author":3,"featured_media":48576,"comment_status":"open","ping_status":"open","sticky":false,"template":"","format":"standard","meta":{"_monsterinsights_skip_tracking":false,"footnotes":""},"categories":[693,54],"tags":[],"class_list":["post-48577","post","type-post","status-publish","format-standard","has-post-thumbnail","category-693","category-mujeres"],"_links":{"self":[{"href":"https:\/\/redsemlac.com\/semmexico\/wp-json\/wp\/v2\/posts\/48577","targetHints":{"allow":["GET"]}}],"collection":[{"href":"https:\/\/redsemlac.com\/semmexico\/wp-json\/wp\/v2\/posts"}],"about":[{"href":"https:\/\/redsemlac.com\/semmexico\/wp-json\/wp\/v2\/types\/post"}],"author":[{"embeddable":true,"href":"https:\/\/redsemlac.com\/semmexico\/wp-json\/wp\/v2\/users\/3"}],"replies":[{"embeddable":true,"href":"https:\/\/redsemlac.com\/semmexico\/wp-json\/wp\/v2\/comments?post=48577"}],"version-history":[{"count":0,"href":"https:\/\/redsemlac.com\/semmexico\/wp-json\/wp\/v2\/posts\/48577\/revisions"}],"wp:featuredmedia":[{"embeddable":true,"href":"https:\/\/redsemlac.com\/semmexico\/wp-json\/wp\/v2\/media\/48576"}],"wp:attachment":[{"href":"https:\/\/redsemlac.com\/semmexico\/wp-json\/wp\/v2\/media?parent=48577"}],"wp:term":[{"taxonomy":"category","embeddable":true,"href":"https:\/\/redsemlac.com\/semmexico\/wp-json\/wp\/v2\/categories?post=48577"},{"taxonomy":"post_tag","embeddable":true,"href":"https:\/\/redsemlac.com\/semmexico\/wp-json\/wp\/v2\/tags?post=48577"}],"curies":[{"name":"wp","href":"https:\/\/api.w.org\/{rel}","templated":true}]}}