{"id":48571,"date":"2022-04-16T14:00:01","date_gmt":"2022-04-16T20:00:01","guid":{"rendered":"https:\/\/redsemlac.com\/semmexico\/?p=48571"},"modified":"2023-07-21T19:02:28","modified_gmt":"2023-07-22T00:02:28","slug":"rosario-ibarra-de-piedra-semilla-de-rebeldia","status":"publish","type":"post","link":"https:\/\/redsemlac.com\/semmexico\/rosario-ibarra-de-piedra-semilla-de-rebeldia\/","title":{"rendered":"<strong>ROSARIO IBARRA DE PIEDRA: SEMILLA DE REBELD\u00cdA<\/strong>"},"content":{"rendered":"\n<p class=\"wp-block-paragraph\">Elvira Hern\u00e1ndez Carballido<\/p>\n\n\n\n<p class=\"wp-block-paragraph\">SemM\u00e9xico, Pachuca, Hidalgo, 16 de abril, 2022.-Rosario Ibarra de Piedra. Cielo sin tormentas. Viento de esperanzas. Fuego de rebeld\u00edas. Lluvia solidaria. Naci\u00f3 en Saltillo, Coahuila, en 1927. Una mujer que desde ni\u00f1a palp\u00f3 la anarqu\u00eda gracias a su abuelo y la calidad humana gracias a su padre.<\/p>\n\n\n\n<p class=\"wp-block-paragraph\">Rosario Ibarra de Piedra una adolescente que memoriz\u00f3 poemas y recitaba con pasi\u00f3n. La joven cuya madre deseaba hacer un estuche de moner\u00edas y por eso no necesit\u00f3 aprender a cocinar ni a bordar.<\/p>\n\n\n\n<p class=\"wp-block-paragraph\">Rosario Ibarra la que a los 24 a\u00f1os se convirti\u00f3 en madre por primera vez. Que a los 48 empez\u00f3 a buscar a su hijo, desaparecido por el gobierno de Luis Echeverr\u00eda.<\/p>\n\n\n\n<p class=\"wp-block-paragraph\"><em>\u201cFue en abril de 1975 cuando sent\u00ed en la carne y en el alma el zarpazo de la represi\u00f3n, fueron desde entonces las tinieblas y el vagar en la b\u00fasqueda del hijo amado que el gobierno mexicano me arrebat\u00f3.\u201d<\/em><\/p>\n\n\n\n<p class=\"wp-block-paragraph\">Y as\u00ed fue, su hijo Jes\u00fas fue detenido en 1975, pero no apareci\u00f3 en ninguna c\u00e1rcel, tampoco su cuerpo apareci\u00f3 en ning\u00fan sitio. Ni siquiera el consuelo de por lo menos enterrarlo y llorarlo al pie de su tumba. Nada, nunca, nadie. Ning\u00fan cautiverio, ninguna voz, ninguna condena. Juan se convirti\u00f3 en desaparecido.<\/p>\n\n\n\n<p class=\"wp-block-paragraph\">De-sa-pa-re-ci-do.<\/p>\n\n\n\n<p class=\"wp-block-paragraph\"><em>\u201cYo he recorrido cada rinc\u00f3n del pa\u00eds. Pero, mi lucha personal poco a poco se convirti\u00f3 en una lucha colectiva, social, compartida y solidaria, en una lucha internacional, por los derechos de cada ser humano, por la libertad, por un mundo que queremos, mejor, distinto, sin fronteras, sin hambre, sin vejaciones, sin miseria\u2026 Un mundo distinto como lo nuestros compa\u00f1eros, nuestras aliadas\u2026\u201d<\/em><\/p>\n\n\n\n<p class=\"wp-block-paragraph\">Fue as\u00ed como fund\u00f3 el Comit\u00e9 Eureka, una organizaci\u00f3n de madres y familiares de desaparecidos. Aunque ya han logrado la presentaci\u00f3n con vida de m\u00e1s de cien personas desaparecidas, su tarea nunca ha dejado de ser perseverante, comprometida, guiada por la esperanza y la fe. Eureka, esa palabra que significa un hallazgo, encontrar, localizar\u2026<\/p>\n\n\n\n<p class=\"wp-block-paragraph\"><em>\u201cY no, no nos vamos a cansar. Si no nos quitaron cualquier cosa. Nos quitaron un hijo, un esposo, una hermana y esos lazos no se rompen. Nuestra demanda m\u00ednima es la m\u00e1xima y la m\u00e1xima es la m\u00ednima. No se puede negociar un hijo, un hermano. Se pude negociar un salario y una tierra una vida humana, pero no una vida humana brotada de nuestro vientre o ligada a nosotras por sangre, por el afecto o por la afinidad y por las convicciones.\u201d<\/em><em><\/em><\/p>\n\n\n\n<p class=\"wp-block-paragraph\">Hizo huelgas de hambre, para exigir amnist\u00edas. Su voz se escuch\u00f3 en todas las marchas. Su pu\u00f1o se levant\u00f3 para exigir justicia. Se reconoci\u00f3 su entrega, se valor\u00f3 su constancia. Por eso, acept\u00f3, en 1982, ser la primera mexicana que candidata a la Presidencia de la Rep\u00fablica. Fue Senadora y nunca dej\u00f3 de mantener su postura cr\u00edtica. Candidata al Premio N\u00f3bel de la Paz. Su lucha ha sido eterna. Ella en cada marcha, en cada escenario donde se exige justicia. Aceptando una entrevista para difundir su lucha, recibiendo con humildad un abrazo cuando estaba frente a ti y le agradec\u00edas de todo coraz\u00f3n su ejemplo. Tan fuerte, consolando a las dem\u00e1s madres que buscaban a sus hijos. Nunca dej\u00f3 de buscar al suyo.<\/p>\n\n\n\n<p class=\"wp-block-paragraph\"><em>\u201cEn la \u00faltima reuni\u00f3n de nuestro comit\u00e9, todas hicimos la promesa de luchar por la libertad de los hijos de las compa\u00f1eras que han muerto esperando verlos aparecer, como si luch\u00e1ramos por nuestros hijos y as\u00ed ser\u00e1 por todos los hijos de todas. Pero iremos m\u00e1s lejos a\u00fan: sabremos sembrar la semilla de la rebeld\u00eda para que, aunque no quede ninguna de nosotras, haya miles que exijan su libertad.\u201d<\/em><\/p>\n\n\n\n<p class=\"wp-block-paragraph\">Este 16 de abril de 2022, a los 95 a\u00f1os de edad, Rosario Ibarra de Piedra ha muerto, pero jam\u00e1s su ejemplo, ni su lucha, ni su fuerza. Rosario semilla eterna de rebeld\u00eda.<\/p>\n","protected":false},"excerpt":{"rendered":"<p>Rosario Ibarra de Piedra. Cielo sin tormentas. Viento de esperanzas. Fuego de rebeld\u00edas. Lluvia solidaria. Naci\u00f3 en Saltillo, Coahuila, en 1927. Una mujer que desde ni\u00f1a palp\u00f3 la anarqu\u00eda gracias a su abuelo y la calidad humana gracias a su padre.<\/p>\n","protected":false},"author":3,"featured_media":48572,"comment_status":"open","ping_status":"open","sticky":false,"template":"","format":"standard","meta":{"_monsterinsights_skip_tracking":false,"footnotes":""},"categories":[693,54],"tags":[],"class_list":["post-48571","post","type-post","status-publish","format-standard","has-post-thumbnail","category-693","category-mujeres"],"_links":{"self":[{"href":"https:\/\/redsemlac.com\/semmexico\/wp-json\/wp\/v2\/posts\/48571","targetHints":{"allow":["GET"]}}],"collection":[{"href":"https:\/\/redsemlac.com\/semmexico\/wp-json\/wp\/v2\/posts"}],"about":[{"href":"https:\/\/redsemlac.com\/semmexico\/wp-json\/wp\/v2\/types\/post"}],"author":[{"embeddable":true,"href":"https:\/\/redsemlac.com\/semmexico\/wp-json\/wp\/v2\/users\/3"}],"replies":[{"embeddable":true,"href":"https:\/\/redsemlac.com\/semmexico\/wp-json\/wp\/v2\/comments?post=48571"}],"version-history":[{"count":0,"href":"https:\/\/redsemlac.com\/semmexico\/wp-json\/wp\/v2\/posts\/48571\/revisions"}],"wp:featuredmedia":[{"embeddable":true,"href":"https:\/\/redsemlac.com\/semmexico\/wp-json\/wp\/v2\/media\/48572"}],"wp:attachment":[{"href":"https:\/\/redsemlac.com\/semmexico\/wp-json\/wp\/v2\/media?parent=48571"}],"wp:term":[{"taxonomy":"category","embeddable":true,"href":"https:\/\/redsemlac.com\/semmexico\/wp-json\/wp\/v2\/categories?post=48571"},{"taxonomy":"post_tag","embeddable":true,"href":"https:\/\/redsemlac.com\/semmexico\/wp-json\/wp\/v2\/tags?post=48571"}],"curies":[{"name":"wp","href":"https:\/\/api.w.org\/{rel}","templated":true}]}}