{"id":48562,"date":"2022-04-16T13:40:49","date_gmt":"2022-04-16T19:40:49","guid":{"rendered":"https:\/\/redsemlac.com\/semmexico\/?p=48562"},"modified":"2023-07-21T19:02:28","modified_gmt":"2023-07-22T00:02:28","slug":"desaparicion-forzada-es-terrorismo-de-estado-rosario-ibarra","status":"publish","type":"post","link":"https:\/\/redsemlac.com\/semmexico\/desaparicion-forzada-es-terrorismo-de-estado-rosario-ibarra\/","title":{"rendered":"Desaparici\u00f3n forzada es terrorismo de Estado: Rosario Ibarra"},"content":{"rendered":"\n<p class=\"has-small-font-size wp-block-paragraph\" style=\"font-style:normal;font-weight:100\">Conf\u00eda en que se indague a fondo&nbsp;\/&nbsp;Foto: Cuartoscuro<\/p>\n\n\n\n<p class=\"wp-block-paragraph\">Nacida en Saltillo, Coahuila, en 1927, Rosario Ibarra recibir\u00e1 del Poder Legislativo la Medalla al M\u00e9rito C\u00edvico por su destacada trayectoria pol\u00edtica y social<\/p>\n\n\n\n<p class=\"wp-block-paragraph\"><strong>Alina Archundia<\/strong><\/p>\n\n\n\n<p class=\"wp-block-paragraph\"><strong>SemM\u00e9xico\/El Sol de M\u00e9xico, Cd.&nbsp; de M\u00e9xico, 16 de abril 2022.-<\/strong> <br>El Sol de M\u00e9xico, 12 de febrero 2019.- Es la mujer por quien vot\u00f3 en las pasadas elecciones federales, a manera de homenaje y reconocimiento simb\u00f3lico, el presidente Andr\u00e9s Manuel L\u00f3pez Obrador.<\/p>\n\n\n\n<p class=\"wp-block-paragraph\">\u201cPara m\u00ed y mis compa\u00f1eras de lucha, mis queridas \u2018Do\u00f1as\u2019, represent\u00f3 una ilusi\u00f3n muy grande. Ese acto simb\u00f3lico nos llen\u00f3 de esperanza. Interpretamos en esa acci\u00f3n, el compromiso del hoy presidente L\u00f3pez Obrador, de investigar a fondo el paradero de nuestros familiares\u201d, conf\u00eda.<\/p>\n\n\n\n<p class=\"wp-block-paragraph\">Desde su casa en la ciudad de Monterrey, Nuevo Le\u00f3n, donde descansa en su sill\u00f3n favorito de la sala, Rosario Ibarra, quien fuera asesora de L\u00f3pez Obrador, le advierte al primer mandatario \u201cque se cuide de los simuladores y oportunistas\u201d.<\/p>\n\n\n\n<p class=\"wp-block-paragraph\">Nacida en Saltillo, Coahuila, en 1927, Rosario Ibarra recibir\u00e1 del Poder Legislativo la Medalla al M\u00e9rito C\u00edvico por su destacada trayectoria pol\u00edtica y social.<\/p>\n\n\n\n<p class=\"wp-block-paragraph\">Aunque dice agradecer profundamente la distinci\u00f3n, reitera que \u201chubiera preferido ser totalmente desconocida, y vivir en la tranquilidad de mi hogar al lado de mi marido y de todos mis hijos\u201d.<\/p>\n\n\n\n<p class=\"wp-block-paragraph\">A sus cercanos 92 a\u00f1os de edad, asegura que su misi\u00f3n en la vida estar\u00e1 cumplida \u201ccuando conozcamos la verdad sobre nuestros familiares\u201d.<\/p>\n\n\n\n<p class=\"wp-block-paragraph\">\u201c\u00a1Vivos se los llevaron! \u00a1Vivos los queremos!\u201d, es el grito de batalla de Rosario Ibarra desde hace casi medio siglo y en la actualidad, cobr\u00f3 fuerza en las madres y familiares de los 43 estudiantes desaparecidos de Ayotzinapa.<\/p>\n\n\n\n<p class=\"wp-block-paragraph\">\u201cEs un grito que hicieron suyo por solidaridad hacia nosotros. Ahora resuena lamentablemente por sus compa\u00f1eros. \u00a1Nunca debi\u00f3 ser as\u00ed!\u201d, asegura.<\/p>\n\n\n\n<p class=\"wp-block-paragraph\">A esas madres, que como ella, siguen sin saber el paradero de sus hijos, les dice que sigan adelante, que no dejen de buscarlos como lo han hecho hasta ahora.<\/p>\n\n\n\n<figure class=\"wp-block-image size-full\"><a href=\"https:\/\/redsemlac.com\/semmexico\/wp-content\/uploads\/2022\/04\/des-est-02.jpg\"><img loading=\"lazy\" decoding=\"async\" width=\"720\" height=\"449\" src=\"https:\/\/redsemlac.com\/semmexico\/wp-content\/uploads\/2022\/04\/des-est-02.jpg\" alt=\"\" class=\"wp-image-48563\"\/><\/a><figcaption>Foto: Cuartoscuro<\/figcaption><\/figure>\n\n\n\n<p class=\"wp-block-paragraph\">El hijo de Rosario Ibarra de Piedra, Jes\u00fas Piedra, desapareci\u00f3 en 1974; un a\u00f1o antes fue acusado de pertenecer a la Liga Comunista 23 de Septiembre.<\/p>\n\n\n\n<p class=\"wp-block-paragraph\">\u201cLa desaparici\u00f3n forzada es terrorismo de Estado y de lesa humanidad que no prescribe hasta que aparece la persona detenida\u201d, subraya.<\/p>\n\n\n\n<p class=\"wp-block-paragraph\">Rosario Ibarra es la primera mujer candidata&nbsp; y por dos ocasiones, a la Presidencia de la Rep\u00fablica por el Partido Revolucionario de los Trabajadores, (1982 y 1988); asegura que todas las normales rurales, en especial la Isidro Burgos de Ayotzinapa, siempre estuvieron \u201cen la mira del mal gobierno de M\u00e9xico\u201d.<\/p>\n\n\n\n<p class=\"wp-block-paragraph\">Subraya que, en el caso Ayotzinapa, \u201cquienes ordenaron y cometieron este crimen de una magnitud terrible no podr\u00e1n cubrirse con el velo de la impunidad\u201d.<\/p>\n\n\n\n<p class=\"wp-block-paragraph\">Se\u00f1ala que a la vista de la sociedad \u201cson delincuentes perversos que usaron todo el poder del Estado para acallar a la disidencia y amedrentar a la poblaci\u00f3n\u201d.<\/p>\n\n\n\n<p class=\"wp-block-paragraph\">\u201cDeber\u00e1n ser juzgados por los encargados de la impartici\u00f3n de justicia, si es que se quiere erradicar de una vez por todas de este pa\u00eds la desaparici\u00f3n forzada\u00bb, asegura.<\/p>\n\n\n\n<p class=\"wp-block-paragraph\">El 17 de abril de 1977, Rosario Ibarra de Piedra fund\u00f3 el Comit\u00e9 Pro Defensa de Presos, Perseguidos, Desaparecidos y Exiliados Pol\u00edticos, conocido como el Comit\u00e9 \u00a1Eureka! que agrupa a personas desaparecidas durante los sexenios de Gustavo D\u00edaz Ordaz y Luis Echeverr\u00eda \u00c1lvarez.<\/p>\n\n\n\n<p class=\"wp-block-paragraph\"><strong>-\u00bfSi tuviera enfrente a los expresidentes Gustavo D\u00edaz Ordaz y Luis Echeverr\u00eda, qu\u00e9 les dir\u00eda?<\/strong><\/p>\n\n\n\n<p class=\"wp-block-paragraph\">-Uno est\u00e1 bien muerto y el otro consumi\u00e9ndose. Ya lo hice en el pasado y no hay diferencia ahora. Nunca hablamos el mismo idioma. Como presidentes siempre fueron monigotes represivos y asesinos al igual que todos los que los sucedieron. Sicarios del gobierno gringo y del poder econ\u00f3mico nacional.<\/p>\n\n\n\n<p class=\"wp-block-paragraph\">Y es que esa simulaci\u00f3n, junto con la corrupci\u00f3n y la impunidad de las autoridades, han llevado al pa\u00eds a las deplorables condiciones de violaci\u00f3n a los derechos humanos que conlleva, entre otros delitos, a las desapariciones forzadas.<\/p>\n\n\n\n<p class=\"wp-block-paragraph\">Considera que para establecer en M\u00e9xico un verdadero Estado de derecho es necesario erradicar \u201cestas lacras \u2013 simulaci\u00f3n, impunidad y corrupci\u00f3n -\u201d. Adem\u00e1s, explica que es preciso cambiar las condiciones de bienestar, salud, educaci\u00f3n, de vida y justicia de nuestro pueblo: \u201ctodo esto traer\u00e1 avances en materia de derechos humanos\u201d.<\/p>\n\n\n\n<p class=\"wp-block-paragraph\">Mientras que para alcanzar la paz en M\u00e9xico, se\u00f1ala Rosario Ibarra, cuatro veces nominada al Premio Nobel de la Paz (1986, 1987,1989 y 2006), es necesaria la justicia, y acabar con los \u201cinsultantes\u201d contrastes sociales.<\/p>\n\n\n\n<p class=\"wp-block-paragraph\">Por eso espera que con el actual gobierno federal el panorama para los m\u00e1s desprotegidos, como las comunidades ind\u00edgenas, sea de justicia y equidad.<\/p>\n\n\n\n<p class=\"wp-block-paragraph\">Cuestionada respecto a la herencia que deja como activista a las nuevas generaciones de M\u00e9xico y el mundo que tambi\u00e9n luchan por la justicia, indica que la mayor\u00eda de los desaparecidos en M\u00e9xico eran j\u00f3venes cuando los detuvieron.<\/p>\n\n\n\n<p class=\"wp-block-paragraph\">La luchadora social considera que un verdadero activista pol\u00edtico es aquel que se indigna contra cualquier injusticia que se cometa en su contra, o en contra de sus semejantes y es capaz de denunciarlas y luchar hasta encontrar justicia.<\/p>\n\n\n\n<p class=\"wp-block-paragraph\">Entre estos luchadores se encuentran estudiantiles, sindicatos, por vivienda digna, en defensa del ambiente, por los derechos de las mujeres, las demandas de los profesores democr\u00e1ticos, las luchas de los pueblos ind\u00edgenas y las campesinas.<\/p>\n\n\n\n<p class=\"wp-block-paragraph\">\u201cInd\u00edgenas y campesinos, en particular, han resistido durante d\u00e9cadas los embates y agresiones de los malos gobiernos. Las c\u00e1rceles de M\u00e9xico est\u00e1n llenas de activistas y luchadores sociales\u201d, asegura Ibarra de Piedra. Sostiene que la lucha por la democracia ha sido larga y dif\u00edcil, lo que hace que m\u00faltiples sectores se organicen para defender sus derechos.<\/p>\n\n\n\n<p class=\"wp-block-paragraph\"><strong>-\u00bfCu\u00e1l cree que sea su misi\u00f3n en la vida? \u00bfLa ha cumplido?<\/strong><\/p>\n\n\n\n<p class=\"wp-block-paragraph\">-Quisiera que los estragos del paso del tiempo no afectaran mis fuerzas y energ\u00eda para seguir luchando con el \u00edmpetu de la juventud. Tengo la conciencia tranquila. He luchado todo lo que he podido por encontrar a los nuestros. Mi misi\u00f3n estar\u00e1 cumplida cuando conozcamos la verdad sobre nuestros familiares.<\/p>\n","protected":false},"excerpt":{"rendered":"<p>\u201cLa desaparici\u00f3n forzada es terrorismo de Estado y de lesa humanidad que no prescribe hasta que aparece la persona detenida\u201d &#8211; Rosario Ibarra.<\/p>\n","protected":false},"author":3,"featured_media":48564,"comment_status":"open","ping_status":"open","sticky":false,"template":"","format":"standard","meta":{"_monsterinsights_skip_tracking":false,"footnotes":""},"categories":[693,54],"tags":[],"class_list":["post-48562","post","type-post","status-publish","format-standard","has-post-thumbnail","category-693","category-mujeres"],"_links":{"self":[{"href":"https:\/\/redsemlac.com\/semmexico\/wp-json\/wp\/v2\/posts\/48562","targetHints":{"allow":["GET"]}}],"collection":[{"href":"https:\/\/redsemlac.com\/semmexico\/wp-json\/wp\/v2\/posts"}],"about":[{"href":"https:\/\/redsemlac.com\/semmexico\/wp-json\/wp\/v2\/types\/post"}],"author":[{"embeddable":true,"href":"https:\/\/redsemlac.com\/semmexico\/wp-json\/wp\/v2\/users\/3"}],"replies":[{"embeddable":true,"href":"https:\/\/redsemlac.com\/semmexico\/wp-json\/wp\/v2\/comments?post=48562"}],"version-history":[{"count":0,"href":"https:\/\/redsemlac.com\/semmexico\/wp-json\/wp\/v2\/posts\/48562\/revisions"}],"wp:featuredmedia":[{"embeddable":true,"href":"https:\/\/redsemlac.com\/semmexico\/wp-json\/wp\/v2\/media\/48564"}],"wp:attachment":[{"href":"https:\/\/redsemlac.com\/semmexico\/wp-json\/wp\/v2\/media?parent=48562"}],"wp:term":[{"taxonomy":"category","embeddable":true,"href":"https:\/\/redsemlac.com\/semmexico\/wp-json\/wp\/v2\/categories?post=48562"},{"taxonomy":"post_tag","embeddable":true,"href":"https:\/\/redsemlac.com\/semmexico\/wp-json\/wp\/v2\/tags?post=48562"}],"curies":[{"name":"wp","href":"https:\/\/api.w.org\/{rel}","templated":true}]}}