{"id":48553,"date":"2022-04-16T13:25:58","date_gmt":"2022-04-16T19:25:58","guid":{"rendered":"https:\/\/redsemlac.com\/semmexico\/?p=48553"},"modified":"2023-07-21T19:02:28","modified_gmt":"2023-07-22T00:02:28","slug":"fallece-la-activista-y-defensora-de-derechos-humanos-rosario-ibarra-de-piedra","status":"publish","type":"post","link":"https:\/\/redsemlac.com\/semmexico\/fallece-la-activista-y-defensora-de-derechos-humanos-rosario-ibarra-de-piedra\/","title":{"rendered":"Fallece la activista y defensora de derechos humanos Rosario Ibarra de Piedra"},"content":{"rendered":"\n<p class=\"has-small-font-size wp-block-paragraph\" id=\"rosario-ibarra-de-piedra-fundadora-del-periodico-eureka-cuyo-enfoque-es-la-busqueda-de-los-desaparecidos-durante-la-guerra-sucia-de-los-anos-70-entre-los-cuales-se-encuentra-el-hijo-de-la-activista-foto-cuartoscuro\" style=\"font-style:normal;font-weight:100\">Rosario Ibarra de Piedra fundadora del peri\u00f3dico Eureka cuyo enfoque es la b\u00fasqueda de los desaparecidos durante la guerra sucia de los a\u00f1os 70 entre los cuales se encuentra el hijo de la activista. \/ Foto: Cuartoscuro<\/p>\n\n\n\n<p class=\"wp-block-paragraph\" id=\"a-raiz-de-la-desaparicion-de-su-hijo-jesus-comienza-su-lucha-individual-y-colectiva-con-numerosas-mujeres-que-buscan-a-sus-hijos-o-hermanos-desaparecidos\">SemM\u00e9xico\/El Sol de M\u00e9xico, Cd.\u00a0 de M\u00e9xico, 16 de abril 2022.-A ra\u00edz de la desaparici\u00f3n de su hijo Jes\u00fas comienza su lucha individual y colectiva con numerosas mujeres que buscan a sus hijos o hermanos desaparecidos<\/p>\n\n\n\n<p class=\"wp-block-paragraph\">La<a href=\"https:\/\/www.elsoldemexico.com.mx\/mexico\/sociedad\/cndh-asegura-que-recuperacion-de-sede-ocurrio-con-absoluto-respeto-a-los-derechos-humanos-8148626.html\" target=\"_blank\" rel=\"noreferrer noopener\">\u00a0<\/a><strong><a href=\"https:\/\/www.elsoldemexico.com.mx\/mexico\/sociedad\/cndh-asegura-que-recuperacion-de-sede-ocurrio-con-absoluto-respeto-a-los-derechos-humanos-8148626.html\" target=\"_blank\" rel=\"noreferrer noopener\">Comisi\u00f3n Nacional de los Derechos Humanos<\/a>\u00a0(CNDH)\u00a0<\/strong>inform\u00f3 sobre el fallecimiento de<strong>\u00a0Rosario Ibarra de Piedra<\/strong>, luchadora social, pionera en la b\u00fasqueda de desaparecidos en M\u00e9xico y primera mujer en competir por la presidencia de la Rep\u00fablica.<\/p>\n\n\n\n<p class=\"wp-block-paragraph\">A trav\u00e9s de su cuenta oficial de Twitter, el\u00a0<strong>organismo encargado de la defensa de los derechos humanos en el pa\u00eds lament\u00f3 el deceso\u00a0<\/strong>de quien calific\u00f3 de pionera en la defensa de las garant\u00edas individuales del pa\u00eds, la paz y la democracia en M\u00e9xico.<\/p>\n\n\n\n<figure class=\"wp-block-embed is-type-rich is-provider-twitter wp-block-embed-twitter\"><div class=\"wp-block-embed__wrapper\">\n<blockquote class=\"twitter-tweet\" data-width=\"550\" data-dnt=\"true\"><p lang=\"es\" dir=\"ltr\">La CNDH lamenta el sensible fallecimiento de la luchadora social, Rosario Ibarra de Piedra, madre de nuestra presidenta, de Claudia, Carlos y Jes\u00fas esta ma\u00f1ana en la ciudad de Monterrey, Nuevo Le\u00f3n. <a href=\"https:\/\/t.co\/Vi1OGKwwXP\">pic.twitter.com\/Vi1OGKwwXP<\/a><\/p>&mdash; CNDH en M\u00e9xico (@CNDH) <a href=\"https:\/\/twitter.com\/CNDH\/status\/1515359937832103938?ref_src=twsrc%5Etfw\">April 16, 2022<\/a><\/blockquote><script async src=\"https:\/\/platform.twitter.com\/widgets.js\" charset=\"utf-8\"><\/script>\n<\/div><\/figure>\n\n\n\n<p class=\"has-medium-font-size wp-block-paragraph\" id=\"quien-fue-rosario-ibarra-de-piedra\">\u00bfQui\u00e9n fue Rosario Ibarra de Piedra?<\/p>\n\n\n\n<p class=\"wp-block-paragraph\"><strong>Mar\u00eda del Rosario Ibarra de la Garza,<\/strong>&nbsp;mejor conocida como Rosario Ibarra de Piedra,<strong>&nbsp;naci\u00f3 en el a\u00f1o de 1927&nbsp;<\/strong>en la ciudad de Saltillo, Coahuila.<\/p>\n\n\n\n<p class=\"wp-block-paragraph\">Uno de los hechos m\u00e1s notorios en su vida es que\u00a0<strong>fue la primera mujer candidata a la Presidencia de la Rep\u00fablica en 1982 y 1988\u00a0<\/strong>por el extinto Partido Revolucionario de los Trabajadores. Sin embargo, ante el triunfo de<strong>\u00a0Carlos Salinas de Gortari\u00a0<\/strong>en 1988 se uni\u00f3 al sector pol\u00edtico que acus\u00f3 un fraude electoral.<\/p>\n\n\n\n<div class=\"wp-block-image\"><figure class=\"aligncenter size-full\"><a href=\"https:\/\/redsemlac.com\/semmexico\/wp-content\/uploads\/2022\/04\/Rosario-Ibarra-de-Piedra-.png\"><img loading=\"lazy\" decoding=\"async\" width=\"720\" height=\"459\" src=\"https:\/\/redsemlac.com\/semmexico\/wp-content\/uploads\/2022\/04\/Rosario-Ibarra-de-Piedra-.png\" alt=\"\" class=\"wp-image-48559\"\/><\/a><figcaption>Fue la primera mujer candidata a la Presidencia de la Rep\u00fablica en 1982 y 1988 por el extinto Partido Revolucionario de los Trabajadores. \/ Foto: Cuartoscuro<\/figcaption><\/figure><\/div>\n\n\n\n<p class=\"wp-block-paragraph\">Pese a lo anterior, el hecho que marc\u00f3 su vida fue&nbsp;<strong>la desaparici\u00f3n forzada de su hijo Jes\u00fas Piedra Ibarra<\/strong>, acusado de ser presunto guerrillero del grupo conocido como&nbsp;<strong>\u201cLiga 23 de septiembre\u201d<\/strong>&nbsp;quien, en 1974, con solo 19 a\u00f1os, fue detenido de manera ilegal en&nbsp;<strong>Monterrey&nbsp;<\/strong>por agentes policiales que lo entregaron a elementos del ej\u00e9rcito.<\/p>\n\n\n\n<p class=\"wp-block-paragraph\">Fue debido a este suceso que Ibarra de Piedra&nbsp;<strong>comenz\u00f3 su lucha como activista fundando en 1977&nbsp;<\/strong>el Comit\u00e9 Pro Defensa de Presos, Perseguidos, Desaparecidos y Exiliados Pol\u00edticos, que ser\u00eda reconocido como el<strong>&nbsp;Comit\u00e9 \u00a1Eureka!<\/strong><\/p>\n\n\n\n<p class=\"wp-block-paragraph\">Esta organizaci\u00f3n se encarg\u00f3 de\u00a0<strong>exigir justicia y un alto a la impunidad de delitos cometidos durante los sexenios de Gustavo D\u00edaz Ordaz y Luis Echeverr\u00eda<\/strong>, organizando a madres y padres buscadores en lucha.<\/p>\n\n\n\n<figure class=\"wp-block-embed is-type-video is-provider-youtube wp-block-embed-youtube wp-embed-aspect-16-9 wp-has-aspect-ratio\"><div class=\"wp-block-embed__wrapper\">\n<div class=\"youtube-embed\" data-video_id=\"Eu78ZJRoZhg\"><iframe loading=\"lazy\" title=\"&quot;Rosario&quot; de Shula Erenberg\" width=\"696\" height=\"392\" src=\"https:\/\/www.youtube.com\/embed\/Eu78ZJRoZhg?feature=oembed&#038;enablejsapi=1\" frameborder=\"0\" allow=\"accelerometer; autoplay; clipboard-write; encrypted-media; gyroscope; picture-in-picture; web-share\" referrerpolicy=\"strict-origin-when-cross-origin\" allowfullscreen><\/iframe><\/div>\n<\/div><\/figure>\n\n\n\n<p class=\"wp-block-paragraph\">Seg\u00fan la propia CNDH, desde su creaci\u00f3n este Comit\u00e9&nbsp;<strong>ha logrado la ubicaci\u00f3n de m\u00e1s de 148 personas<\/strong>&nbsp;y justamente a este movimiento se le atribuye la famosa frase de lucha social<strong>&nbsp;\u201c\u00a1Vivos se los llevaron, vivos los queremos!\u201d<\/strong>.<\/p>\n\n\n\n<p class=\"wp-block-paragraph\">A la cabeza de Ibarra Piedra,&nbsp;<strong>el Comit\u00e9 realiz\u00f3 diversas huelgas de hambre en las que ped\u00eda Amnist\u00eda para los presos pol\u00edticos&nbsp;<\/strong>y la presentaci\u00f3n con vida de los desaparecidos.<\/p>\n\n\n\n<p class=\"wp-block-paragraph\">Una de las m\u00e1s ic\u00f3nicas ocurri\u00f3 el 28 de agosto de 1978, cuando decidieron hacerlo en la\u00a0<strong>Catedral Metropolitana<\/strong>, a un costado de Z\u00f3calo, a pesar de que tan solo 10 a\u00f1os antes este lugar<strong>\u00a0hab\u00eda sido prohibido\u00a0<\/strong>para las manifestaciones sociales por el Gobierno.<\/p>\n\n\n\n<p class=\"wp-block-paragraph\">\u201cHab\u00edan pasado ya 10 a\u00f1os del 68;<strong>&nbsp;ning\u00fan movimiento popular pisaba este sitio desde entonces<\/strong>. Nosotras entendimos que era clave que rompi\u00e9ramos ese cerco mental que nos hac\u00eda pensar en nuestro&nbsp;<strong>Z\u00f3calo&nbsp;<\/strong>como algo intocable\u201d, dijo la propia Ibarra de Piedra en entrevista con la periodista Blanche Petrich para La Jornada.<\/p>\n\n\n\n<p class=\"wp-block-paragraph\">Derivado de esta misma lucha social fue que en 1978 el presidente\u00a0<strong>Jos\u00e9 L\u00f3pez Portillo<\/strong>\u00a0decidi\u00f3 promulgar la<strong>\u00a0Ley de Amnist\u00eda<\/strong>, que puso en libertad a mil 500 pesos pol\u00edticos, permitiendo el regreso de 57 exiliados al pa\u00eds.<\/p>\n\n\n\n<p class=\"wp-block-paragraph\">De igual manera, Ibarra de Piedra es reconocida por ser&nbsp;<strong>una de las promotoras de las reformas constitucionales y legales a favor de los derechos humanos en M\u00e9xico<\/strong>&nbsp;y en contra de la tortura y desaparici\u00f3n forzada. Debido a esta labor fue candidata al&nbsp;<strong>Premio Nobel de la Paz&nbsp;<\/strong>en los a\u00f1os de 1986, 1987, 1989 y 2006.<\/p>\n\n\n\n<p class=\"wp-block-paragraph\">En 2019, a sus 92 a\u00f1os, el\u00a0<strong>Senado de la Rep\u00fablica aprob\u00f3 otorgarle la Medalla de Honor Belisario Dom\u00ednguez<\/strong>, como un reconocimiento por su labor como activista y defensora de los derechos humanos por m\u00e1s de cuatro d\u00e9cadas, medalla que dej\u00f3 en custodia del presidente\u00a0<strong>Andr\u00e9s Manuel L\u00f3pez Obrador<\/strong>\u00a0hasta esclarecer las desapariciones del pa\u00eds.<\/p>\n\n\n\n<div class=\"wp-block-image\"><figure class=\"aligncenter size-full\"><a href=\"https:\/\/redsemlac.com\/semmexico\/wp-content\/uploads\/2022\/04\/Rosario-Ibarra-de-Piedra-2.png\"><img loading=\"lazy\" decoding=\"async\" width=\"720\" height=\"459\" src=\"https:\/\/redsemlac.com\/semmexico\/wp-content\/uploads\/2022\/04\/Rosario-Ibarra-de-Piedra-2.png\" alt=\"\" class=\"wp-image-48560\"\/><\/a><figcaption>Rosario Ibarra de Piedra es reconocida por su labor como activista y defensora de los derechos humanos por m\u00e1s de cuatro d\u00e9cadas. \/ Foto: Cuartoscuro<\/figcaption><\/figure><\/div>\n\n\n\n<p class=\"wp-block-paragraph\">\u201cSe\u00f1or presidente, Andr\u00e9s Manuel L\u00f3pez Obrador, querido y respetado amigo:&nbsp;<strong>No permitas que la violencia y la perversidad de los gobiernos anteriores siga acechando y actuando desde las tinieblas de la impunidad y la ignominia<\/strong>, no quiero que mi lucha quede inconclusa. Es por eso que dejo en tus manos la custodia de tan preciado reconocimiento\u201d, ley\u00f3 una de sus hijas al acudir a la entrega de la medalla en lugar de su madre que&nbsp;<strong>no pudo acudir por problemas de salud<\/strong>, seg\u00fan document\u00f3 el portal SEM M\u00e9xico.<\/p>\n\n\n\n<p class=\"wp-block-paragraph\">Uno de los<strong>&nbsp;\u00faltimos reconocimientos que recibi\u00f3 Ibarra de Piedra<\/strong>&nbsp;ocurri\u00f3 el pasado 8 de marzo,<strong>&nbsp;D\u00eda Internacional de la Mujer<\/strong>, cuando la Loter\u00eda Nacional le dedic\u00f3&nbsp;<strong>un billete de loter\u00eda en homenaje a su vida<\/strong>, misma que dedic\u00f3 \u201cpor la vida y libertad de los desaparecidos en M\u00e9xico\u201d.<\/p>\n","protected":false},"excerpt":{"rendered":"<p>La\u00a0CNDH inform\u00f3 sobre el fallecimiento de\u00a0Rosario Ibarra de Piedra, luchadora social, pionera en la b\u00fasqueda de desaparecidos en M\u00e9xico y primera mujer en competir por la presidencia de la Rep\u00fablica.<\/p>\n","protected":false},"author":3,"featured_media":48558,"comment_status":"open","ping_status":"open","sticky":false,"template":"","format":"standard","meta":{"_monsterinsights_skip_tracking":false,"footnotes":""},"categories":[693,54],"tags":[],"class_list":["post-48553","post","type-post","status-publish","format-standard","has-post-thumbnail","category-693","category-mujeres"],"_links":{"self":[{"href":"https:\/\/redsemlac.com\/semmexico\/wp-json\/wp\/v2\/posts\/48553","targetHints":{"allow":["GET"]}}],"collection":[{"href":"https:\/\/redsemlac.com\/semmexico\/wp-json\/wp\/v2\/posts"}],"about":[{"href":"https:\/\/redsemlac.com\/semmexico\/wp-json\/wp\/v2\/types\/post"}],"author":[{"embeddable":true,"href":"https:\/\/redsemlac.com\/semmexico\/wp-json\/wp\/v2\/users\/3"}],"replies":[{"embeddable":true,"href":"https:\/\/redsemlac.com\/semmexico\/wp-json\/wp\/v2\/comments?post=48553"}],"version-history":[{"count":0,"href":"https:\/\/redsemlac.com\/semmexico\/wp-json\/wp\/v2\/posts\/48553\/revisions"}],"wp:featuredmedia":[{"embeddable":true,"href":"https:\/\/redsemlac.com\/semmexico\/wp-json\/wp\/v2\/media\/48558"}],"wp:attachment":[{"href":"https:\/\/redsemlac.com\/semmexico\/wp-json\/wp\/v2\/media?parent=48553"}],"wp:term":[{"taxonomy":"category","embeddable":true,"href":"https:\/\/redsemlac.com\/semmexico\/wp-json\/wp\/v2\/categories?post=48553"},{"taxonomy":"post_tag","embeddable":true,"href":"https:\/\/redsemlac.com\/semmexico\/wp-json\/wp\/v2\/tags?post=48553"}],"curies":[{"name":"wp","href":"https:\/\/api.w.org\/{rel}","templated":true}]}}