{"id":4855,"date":"2018-12-17T17:23:26","date_gmt":"2018-12-17T17:23:26","guid":{"rendered":"https:\/\/redsemlac.com\/semmexico\/?p=4855"},"modified":"2023-07-21T14:34:40","modified_gmt":"2023-07-21T19:34:40","slug":"ninguna-transformacion-es-posible-sin-las-mujeres-olga-sosa","status":"publish","type":"post","link":"https:\/\/redsemlac.com\/semmexico\/ninguna-transformacion-es-posible-sin-las-mujeres-olga-sosa\/","title":{"rendered":"Ninguna transformaci\u00f3n es posible sin las mujeres: Olga Sosa"},"content":{"rendered":"\n<p class=\"wp-block-paragraph\"><a href=\"https:\/\/www.semmexico.com\/gallery-post.php?id=6677#\">Benny Cruz<\/a><\/p>\n\n\n\n<p class=\"wp-block-paragraph\">SemM\u00e9xico, Cd. Victoria, Tamps., 17 diciembre 2018. &#8211; Luego de darse a conocer el proyecto de Presupuesto de Egresos de la Federaci\u00f3n 2019 que contempla la reducci\u00f3n en algunos rubros, la Diputada Federal del Partido Encuentro Social, Olga Sosa, se manifest\u00f3 en contra de los recortes en materia de equidad de g\u00e9nero, as\u00ed como disminuci\u00f3n de presupuesto para el campo mexicano.<\/p>\n\n\n\n<p class=\"wp-block-paragraph\">Sosa Ruiz se pronunci\u00f3 en contra del recorte al presupuesto a programas que atienden temas de igualdad y violencia contra las mujeres, ya que \u201cla transformaci\u00f3n de otro M\u00e9xico no es posible sin nosotras\u201d.<\/p>\n\n\n\n<p class=\"wp-block-paragraph\">\u201cNo se puede prevenir la discriminaci\u00f3n en materia de g\u00e9neros, no se puede erradicar la violencia contra las mujeres y tampoco se puede lograr una igualdad sustantiva, si no es con recursos que permiten establecer pol\u00edticas p\u00fablicas para lograrlo\u201d, demand\u00f3.<\/p>\n\n\n\n<p class=\"wp-block-paragraph\">Asimismo, resalt\u00f3 que votar\u00e1 de manera responsable y acorde a los principios y valores que tiene.<\/p>\n\n\n\n<p class=\"wp-block-paragraph\">\u201cSiempre he sido objetiva y responsable en la toma de decisiones para apoyar aquellos temas que favorezcan a la ciudadan\u00eda y a cada uno de los sectores que la integran, as\u00ed como votar en contra y alzar la voz en aquellos temas en los que se puedan ver limitados en sus derechos\u201d, apunt\u00f3.<\/p>\n\n\n\n<p class=\"wp-block-paragraph\">La legisladora tamaulipeca reprob\u00f3 de manera contundente el recorte presupuestal al campo, ya que este es uno de los sectores que m\u00e1s nos necesita.<\/p>\n\n\n\n<p class=\"wp-block-paragraph\">\u201cEl sector rural ha sido por a\u00f1os gravemente olvidado y abandonado por lo que no podemos, bajo ning\u00fan motivo, eliminar partidas presupuestarias que lo hundan a\u00fan m\u00e1s\u201d.<\/p>\n\n\n\n<p class=\"wp-block-paragraph\">Finalmente, se\u00f1al\u00f3 que estos dos rubros del paquete econ\u00f3mico 2019, adem\u00e1s de otros en los que no sea coincidente, los defender\u00e1 con argumentos, con debate, desde tribuna y alzando la voz, siempre con congruentes y responsabilidad.<\/p>\n\n\n\n<p class=\"wp-block-paragraph\">SEM\/bcz\/sj<\/p>\n","protected":false},"excerpt":{"rendered":"<p>Benny Cruz SemM\u00e9xico, Cd. Victoria, Tamps., 17 diciembre 2018. &#8211; Luego de darse a conocer el proyecto de Presupuesto de Egresos de la Federaci\u00f3n 2019 que contempla la reducci\u00f3n en algunos rubros, la Diputada Federal del Partido Encuentro Social, Olga Sosa, se manifest\u00f3 en contra de los recortes en materia de equidad de g\u00e9nero, as\u00ed [&hellip;]<\/p>\n","protected":false},"author":3,"featured_media":4856,"comment_status":"open","ping_status":"open","sticky":false,"template":"","format":"standard","meta":{"_monsterinsights_skip_tracking":false,"footnotes":""},"categories":[689,50],"tags":[],"class_list":["post-4855","post","type-post","status-publish","format-standard","has-post-thumbnail","category-689","category-congreso"],"_links":{"self":[{"href":"https:\/\/redsemlac.com\/semmexico\/wp-json\/wp\/v2\/posts\/4855","targetHints":{"allow":["GET"]}}],"collection":[{"href":"https:\/\/redsemlac.com\/semmexico\/wp-json\/wp\/v2\/posts"}],"about":[{"href":"https:\/\/redsemlac.com\/semmexico\/wp-json\/wp\/v2\/types\/post"}],"author":[{"embeddable":true,"href":"https:\/\/redsemlac.com\/semmexico\/wp-json\/wp\/v2\/users\/3"}],"replies":[{"embeddable":true,"href":"https:\/\/redsemlac.com\/semmexico\/wp-json\/wp\/v2\/comments?post=4855"}],"version-history":[{"count":0,"href":"https:\/\/redsemlac.com\/semmexico\/wp-json\/wp\/v2\/posts\/4855\/revisions"}],"wp:featuredmedia":[{"embeddable":true,"href":"https:\/\/redsemlac.com\/semmexico\/wp-json\/wp\/v2\/media\/4856"}],"wp:attachment":[{"href":"https:\/\/redsemlac.com\/semmexico\/wp-json\/wp\/v2\/media?parent=4855"}],"wp:term":[{"taxonomy":"category","embeddable":true,"href":"https:\/\/redsemlac.com\/semmexico\/wp-json\/wp\/v2\/categories?post=4855"},{"taxonomy":"post_tag","embeddable":true,"href":"https:\/\/redsemlac.com\/semmexico\/wp-json\/wp\/v2\/tags?post=4855"}],"curies":[{"name":"wp","href":"https:\/\/api.w.org\/{rel}","templated":true}]}}