{"id":48535,"date":"2022-04-17T14:00:00","date_gmt":"2022-04-17T20:00:00","guid":{"rendered":"https:\/\/redsemlac.com\/semmexico\/?p=48535"},"modified":"2023-07-21T19:02:28","modified_gmt":"2023-07-22T00:02:28","slug":"programa-vindictas-a-fondo-sobre-la-labor-de-las-periodistas-que-son-escritoras","status":"publish","type":"post","link":"https:\/\/redsemlac.com\/semmexico\/programa-vindictas-a-fondo-sobre-la-labor-de-las-periodistas-que-son-escritoras\/","title":{"rendered":"Programa Vindictas: a fondo sobre la labor de las periodistas que son escritoras"},"content":{"rendered":"\n<ul class=\"wp-block-list\"><li><strong>En nuevas miradas de TV UNAM, las mujeres que eligen el periodismo como un medio de expresi\u00f3n<\/strong><\/li><\/ul>\n\n\n\n<ul class=\"wp-block-list\"><li><strong>Participan: Magali Tercero, escritora y periodista y Adriana Malvido: este domingo a las 20.30.&nbsp;&nbsp;<\/strong><strong><\/strong><\/li><\/ul>\n\n\n\n<p class=\"wp-block-paragraph\">SemM\u00e9xico, Cd. de M\u00e9xico, 17 de abril, 2022.- El d\u00e9cimo cap\u00edtulo del serial&nbsp;<em>Vindictas. Nuevas miradas<\/em>,&nbsp;hablar\u00e1 sobre \u00bfQu\u00e9 significa ser periodista en M\u00e9xico?<\/p>\n\n\n\n<p class=\"wp-block-paragraph\">&nbsp;Las mujeres que eligen el periodismo como un medio de expresi\u00f3n. Se tocar\u00e1 el tema de las primeras reporteras en un mundo dominado por hombres.<\/p>\n\n\n\n<p class=\"wp-block-paragraph\">Como el trabajo de Sara Lovera y otras periodistas pioneras. La penetraci\u00f3n de los suplementos culturales. Las periodistas que actualmente abordan temas muy diversos.<\/p>\n\n\n\n<figure class=\"wp-block-gallery has-nested-images columns-default is-cropped wp-block-gallery-1 is-layout-flex wp-block-gallery-is-layout-flex\">\n<figure class=\"wp-block-image size-large\"><a href=\"https:\/\/redsemlac.com\/semmexico\/wp-content\/uploads\/2022\/04\/periodistas-1.jpg\"><img loading=\"lazy\" decoding=\"async\" width=\"611\" height=\"935\" data-id=\"48539\" src=\"https:\/\/redsemlac.com\/semmexico\/wp-content\/uploads\/2022\/04\/periodistas-1-edited.jpg\" alt=\"\" class=\"wp-image-48539\"\/><\/a><\/figure>\n\n\n\n<figure class=\"wp-block-image size-large\"><a href=\"https:\/\/redsemlac.com\/semmexico\/wp-content\/uploads\/2022\/04\/periodistas-2.jpg\"><img loading=\"lazy\" decoding=\"async\" width=\"240\" height=\"300\" data-id=\"48537\" src=\"https:\/\/redsemlac.com\/semmexico\/wp-content\/uploads\/2022\/04\/periodistas-2.jpg\" alt=\"\" class=\"wp-image-48537\"\/><\/a><\/figure>\n<\/figure>\n\n\n\n<p class=\"wp-block-paragraph\">El periodismo y sus alianzas con la literatura.&nbsp;Los peligros que enfrentan las mujeres periodistas en la actualidad. Las resistencias, las oportunidades, las satisfacciones. Y la importancia del periodismo femenino actual con perspectiva de g\u00e9nero.<\/p>\n\n\n\n<p class=\"wp-block-paragraph\">Las invitadas son, por una parte,&nbsp;Magali Tercero, quien es una periodista especializada en cr\u00f3nica sobre temas sociales y arte. Ha publicado&nbsp;<em>Cien freeways: Df y alrededores<\/em>, F<em>rida Kahlo, una mirada cr\u00edtica<\/em>&nbsp;(en coautor\u00eda con Teresa del Conde),<em>&nbsp;San Judas Tadeo, santer\u00eda y narcotr\u00e1fico<\/em>&nbsp;y C<em>uando llegaron los b\u00e1rbaros. Vida cotidiana y narcotr\u00e1fico<\/em>, y&nbsp;<em>Seco estudio de yeguas en el Centro Hist\u00f3rico. Diario de invierno (2020),<\/em>&nbsp;entre otros libros. Est\u00e1 incluida en antolog\u00edas como&nbsp;<em>Cr\u00f3nica I&nbsp;<\/em>reunida por Felipe Restrepo Pombo (UNAM, 2016),&nbsp;Lado B por Mauricio Bares (Nitropress, 2014),&nbsp;<em>A ustedes les consta. Antolog\u00eda de la cr\u00f3nica en M\u00e9xico<\/em>&nbsp;por Carlos Monsiv\u00e1is (Ed. ERA, 2006), etc. Colabora en&nbsp;<em>Este pa\u00eds<\/em>,&nbsp;<em>Confabulario<\/em>&nbsp;de&nbsp;<em>El Universal<\/em>&nbsp;y&nbsp;<em>Laberinto<\/em>&nbsp;de&nbsp;<em>Milenio Diario<\/em>&nbsp;y&nbsp;<em>Gatopardo,<\/em>&nbsp;entre otras publicaciones. Ha obtenido distinciones como el&nbsp;5o Premio Nacional de Periodismo Narrativo Gonzo 2019&nbsp;(Producciones El Salario del Miedo y UANL), Premio Nacional de Periodismo Fernando Ben\u00edtez FIL 2010, el Premio Excelencia en Cr\u00f3nica SIP 2007 y el Premio Nacional de Cr\u00f3nica UAM 2005. Fue presidenta de PEN M\u00e9xico entre 2016 y 2019 (cap\u00edtulo de PEN Internacional).<\/p>\n\n\n\n<p class=\"wp-block-paragraph\">As\u00ed como&nbsp;Adriana Malvido,&nbsp;quien naci\u00f3 en la ciudad de M\u00e9xico donde curs\u00f3 la carrera de Comunicaci\u00f3n en la Universidad Iberoamericana. Practica desde 1979 el periodismo cultural. Inici\u00f3 esta actividad en el diario&nbsp;<em>unom\u00e1suno&nbsp;<\/em>y en 1984 form\u00f3 parte del grupo fundador del peri\u00f3dico&nbsp;<em>La Jornada<\/em>&nbsp;donde desarroll\u00f3, durante 15 a\u00f1os, reportajes especiales y de investigaci\u00f3n para la secci\u00f3n cultural. Ha colaborado en el semanario&nbsp;<em>Proceso<\/em>, la revista&nbsp;<em>Equis<\/em>,&nbsp;<em>Milenio Diario<\/em>&nbsp;y los suplementos&nbsp;<em>Laberinto<\/em>&nbsp;y el&nbsp;<em>Dominical<\/em>, del mismo peri\u00f3dico, as\u00ed como en la revista fotogr\u00e1fica&nbsp;<em>Cuartoscuro<\/em>&nbsp;y la&nbsp;<em>Revista de la Universidad de M\u00e9xico (UNAM)<\/em>.&nbsp;Actualmente publica su columna semanal \u201cCambio y fuera\u201d en&nbsp;<em>El Universal<\/em>&nbsp;y colabora en el suplemento&nbsp;<em>Confabulario.&nbsp;<\/em>Ha publicado los siguientes libros:&nbsp;<em>Atlas de Museos de M\u00e9xico; Nahui Olin, la mujer del sol; Por la vereda digital;<\/em>&nbsp;<em>Zapata sin bigote, andanzas de Guillermo Arriaga, el bailar\u00edn; La Reina Roja, el secreto de los mayas en Palenque; Los n\u00e1ufragos de San Blas; El joven Orozco, cartas de amor a una ni\u00f1a; La noche de la Reina Roja.<\/em><\/p>\n\n\n\n<div class=\"wp-block-image\"><figure class=\"alignleft size-full is-resized\"><a href=\"https:\/\/redsemlac.com\/semmexico\/wp-content\/uploads\/2022\/04\/periodistas-3.jpg\"><img loading=\"lazy\" decoding=\"async\" src=\"https:\/\/redsemlac.com\/semmexico\/wp-content\/uploads\/2022\/04\/periodistas-3.jpg\" alt=\"\" class=\"wp-image-48540\" width=\"322\" height=\"406\"\/><\/a><\/figure><\/div>\n\n\n\n<p class=\"wp-block-paragraph\">En 1998 recibi\u00f3 el premio \u201cJes\u00fas Galindo y Villa\u201d a la trayectoria period\u00edstica en torno al patrimonio hist\u00f3rico y cultural otorgado por el INAH. En 2004 obtuvo menci\u00f3n de honor en el Premio Nacional de Periodismo Cultural Fernando Ben\u00edtez. En 2011, el Premio Nacional de Periodismo en la categor\u00eda de entrevista. En 2018, el Premio Pen M\u00e9xico a la \u201cExcelencia period\u00edstica\u201d. En 2019 recibi\u00f3 el Homenaje Nacional de Periodismo Cultural Fernando Ben\u00edtez que otorga la FIL de Guadalajara.<\/p>\n\n\n\n<p class=\"wp-block-paragraph\">La maestra Anel P\u00e9rez, directora de Literatura y Fomento a la Lectura UNAM, funge como la conductora del serial&nbsp;<em>Vindictas. Nuevas miradas<\/em>&nbsp;a lo largo de 10 programas, los cuales son transmitidos a trav\u00e9s de la se\u00f1al de&nbsp;TV UNAM&nbsp;<a href=\"https:\/\/tv.unam.mx\/en-vivo\/\" target=\"_blank\" rel=\"noreferrer noopener\">https:\/\/tv.unam.mx\/en-vivo\/<\/a>&nbsp;(Canal 20.1 de TV abierta, 120 de Axtel, Sky, Dish y Megacable o el 20 de Izzi y Totalplay) los d\u00edas domingos a las 20.30 horas, hasta el&nbsp;17 de abril de 2022.<\/p>\n\n\n\n<p class=\"wp-block-paragraph\">Cada uno de los programas de este nuevo ciclo de&nbsp;<em>Vindictas. Nuevas miradas,<\/em>&nbsp;mantienen el objetivo de difundir el trabajo y el esfuerzo de mujeres dedicadas de lleno al universo literario, en el \u00e1mbito de la narraci\u00f3n, la poes\u00eda, la edici\u00f3n de libros y publicaciones diversas, el cultivo de la literatura infantil y juvenil, la promoci\u00f3n de la lectura en sus variadas formas y otras tantas actividades profesionales que conforman el mundo de las letras. As\u00ed como el de promover la diversidad de pensamientos sobre la funci\u00f3n vital de las mujeres en el campo literario y fomentar la lectura entre las audiencias j\u00f3venes.<\/p>\n\n\n\n<p class=\"wp-block-paragraph\">En este enlace se pueden ver los nueve primeros programas: <a href=\"https:\/\/bit.ly\/3MbaiKb\" target=\"_blank\" rel=\"noreferrer noopener\">https:\/\/bit.ly\/3MbaiKb<\/a>&nbsp;de la serie&nbsp;<em>Vindictas. Nuevas miradas<\/em><\/p>\n","protected":false},"excerpt":{"rendered":"<p>En nuevas miradas de TV UNAM, las mujeres que eligen el periodismo como un medio de expresi\u00f3n<\/p>\n","protected":false},"author":3,"featured_media":48541,"comment_status":"open","ping_status":"open","sticky":false,"template":"","format":"standard","meta":{"_monsterinsights_skip_tracking":false,"footnotes":""},"categories":[693,55],"tags":[],"class_list":["post-48535","post","type-post","status-publish","format-standard","has-post-thumbnail","category-693","category-periodistas"],"_links":{"self":[{"href":"https:\/\/redsemlac.com\/semmexico\/wp-json\/wp\/v2\/posts\/48535","targetHints":{"allow":["GET"]}}],"collection":[{"href":"https:\/\/redsemlac.com\/semmexico\/wp-json\/wp\/v2\/posts"}],"about":[{"href":"https:\/\/redsemlac.com\/semmexico\/wp-json\/wp\/v2\/types\/post"}],"author":[{"embeddable":true,"href":"https:\/\/redsemlac.com\/semmexico\/wp-json\/wp\/v2\/users\/3"}],"replies":[{"embeddable":true,"href":"https:\/\/redsemlac.com\/semmexico\/wp-json\/wp\/v2\/comments?post=48535"}],"version-history":[{"count":0,"href":"https:\/\/redsemlac.com\/semmexico\/wp-json\/wp\/v2\/posts\/48535\/revisions"}],"wp:featuredmedia":[{"embeddable":true,"href":"https:\/\/redsemlac.com\/semmexico\/wp-json\/wp\/v2\/media\/48541"}],"wp:attachment":[{"href":"https:\/\/redsemlac.com\/semmexico\/wp-json\/wp\/v2\/media?parent=48535"}],"wp:term":[{"taxonomy":"category","embeddable":true,"href":"https:\/\/redsemlac.com\/semmexico\/wp-json\/wp\/v2\/categories?post=48535"},{"taxonomy":"post_tag","embeddable":true,"href":"https:\/\/redsemlac.com\/semmexico\/wp-json\/wp\/v2\/tags?post=48535"}],"curies":[{"name":"wp","href":"https:\/\/api.w.org\/{rel}","templated":true}]}}