{"id":48523,"date":"2022-04-16T12:00:00","date_gmt":"2022-04-16T18:00:00","guid":{"rendered":"https:\/\/redsemlac.com\/semmexico\/?p=48523"},"modified":"2023-07-21T19:02:29","modified_gmt":"2023-07-22T00:02:29","slug":"intolerable-violencia-en-contra-de-la-diputada-edna-diaz-antonio-garcia-conejo","status":"publish","type":"post","link":"https:\/\/redsemlac.com\/semmexico\/intolerable-violencia-en-contra-de-la-diputada-edna-diaz-antonio-garcia-conejo\/","title":{"rendered":"Intolerable violencia en contra de la diputada Edna D\u00edaz: Antonio Garc\u00eda Conejo"},"content":{"rendered":"\n<ul class=\"wp-block-list\"><li><strong>Responsabiliz\u00f3 a Morena de lo que puede sucederle a Edna D\u00edaz Acevedo<\/strong><\/li><li><strong>El senador conden\u00f3 las agresiones infundadas y sin sustento<\/strong><\/li><\/ul>\n\n\n\n<p class=\"wp-block-paragraph\"><strong>Redacci\u00f3n<\/strong><\/p>\n\n\n\n<p class=\"wp-block-paragraph\">SemM\u00e9xico, Morelia, Michoac\u00e1n, 16 de abril, 2022.- &nbsp;Antonio Garc\u00eda Conejo, senador de la Rep\u00fablica, conden\u00f3 en\u00e9rgicamente la violencia de g\u00e9nero que se ha ejercido en contra de la diputada federal, Edna D\u00edaz Acevedo, ya que esta pone en riesgo su integridad y seguridad.<\/p>\n\n\n\n<p class=\"wp-block-paragraph\">Garc\u00eda calific\u00f3 como intolerable que la legisladora sea atacada desde Palacio Nacional, ya que el Presidente se sum\u00f3 al linchamiento hacia la perredista, mismos que iniciaron los legisladores de Morena.<\/p>\n\n\n\n<p class=\"wp-block-paragraph\">\u201cSer\u00e1n responsables de lo que pueda sucederle a la diputada, a su familia y a sus allegados. Ya que son quienes incitan los ataques en su contra\u201d, sentenci\u00f3.<\/p>\n\n\n\n<p class=\"wp-block-paragraph\">Aunado a ello lament\u00f3 que las acusaciones se hicieran sin fundamento y abusando de su condici\u00f3n de mujer para denostarla y enga\u00f1ar a la ciudadan\u00eda entorno a la rispida discusi\u00f3n sobre la reforma a la Ley de la Industria El\u00e9ctrica.<\/p>\n\n\n\n<p class=\"wp-block-paragraph\">\u201cLa agresi\u00f3n hacia su persona no es pol\u00edtica sino misoginia\u201d, enfatiz\u00f3.<\/p>\n\n\n\n<p class=\"wp-block-paragraph\">A la par, el senador expres\u00f3 su respaldo a todas y todos los legisladores de oposici\u00f3n en la C\u00e1mara de Diputados que est\u00e1n siendo atacados ante la desesperaci\u00f3n del Grupo Parlamentario de Morena al no conseguir su respaldo a la propuesta de reforma, misma que se discutir\u00e1 ma\u00f1ana domingo.<\/p>\n\n\n\n<p class=\"wp-block-paragraph\">Garcia concluy\u00f3 diciendo que la ola de violencia debe de parar de inmediato e hizo un llamado a los y las diputados a tener un debate sano en su siguiente sesi\u00f3n.<\/p>\n","protected":false},"excerpt":{"rendered":"<p>Responsabiliz\u00f3 a Morena de lo que puede sucederle a Edna D\u00edaz Acevedo<\/p>\n","protected":false},"author":3,"featured_media":48524,"comment_status":"open","ping_status":"open","sticky":false,"template":"","format":"standard","meta":{"_monsterinsights_skip_tracking":false,"footnotes":""},"categories":[693,50],"tags":[149,142],"class_list":["post-48523","post","type-post","status-publish","format-standard","has-post-thumbnail","category-693","category-congreso","tag-mujeres","tag-violencia"],"_links":{"self":[{"href":"https:\/\/redsemlac.com\/semmexico\/wp-json\/wp\/v2\/posts\/48523","targetHints":{"allow":["GET"]}}],"collection":[{"href":"https:\/\/redsemlac.com\/semmexico\/wp-json\/wp\/v2\/posts"}],"about":[{"href":"https:\/\/redsemlac.com\/semmexico\/wp-json\/wp\/v2\/types\/post"}],"author":[{"embeddable":true,"href":"https:\/\/redsemlac.com\/semmexico\/wp-json\/wp\/v2\/users\/3"}],"replies":[{"embeddable":true,"href":"https:\/\/redsemlac.com\/semmexico\/wp-json\/wp\/v2\/comments?post=48523"}],"version-history":[{"count":0,"href":"https:\/\/redsemlac.com\/semmexico\/wp-json\/wp\/v2\/posts\/48523\/revisions"}],"wp:featuredmedia":[{"embeddable":true,"href":"https:\/\/redsemlac.com\/semmexico\/wp-json\/wp\/v2\/media\/48524"}],"wp:attachment":[{"href":"https:\/\/redsemlac.com\/semmexico\/wp-json\/wp\/v2\/media?parent=48523"}],"wp:term":[{"taxonomy":"category","embeddable":true,"href":"https:\/\/redsemlac.com\/semmexico\/wp-json\/wp\/v2\/categories?post=48523"},{"taxonomy":"post_tag","embeddable":true,"href":"https:\/\/redsemlac.com\/semmexico\/wp-json\/wp\/v2\/tags?post=48523"}],"curies":[{"name":"wp","href":"https:\/\/api.w.org\/{rel}","templated":true}]}}