{"id":48519,"date":"2022-04-16T10:00:00","date_gmt":"2022-04-16T16:00:00","guid":{"rendered":"https:\/\/redsemlac.com\/semmexico\/?p=48519"},"modified":"2023-07-21T19:02:29","modified_gmt":"2023-07-22T00:02:29","slug":"la-fiscalia-de-la-ciudad-de-mexico-afirma-que-trabaja-en-la-localizacion-de-desapariciones-forzadas-de-mujeres","status":"publish","type":"post","link":"https:\/\/redsemlac.com\/semmexico\/la-fiscalia-de-la-ciudad-de-mexico-afirma-que-trabaja-en-la-localizacion-de-desapariciones-forzadas-de-mujeres\/","title":{"rendered":"La Fiscal\u00eda de la Ciudad de M\u00e9xico afirma que trabaja en la localizaci\u00f3n de desapariciones forzadas de mujeres"},"content":{"rendered":"\n<ul class=\"wp-block-list\"><li><strong>Anuncia que dos adolescentes ya fueron localizadas y se\u00f1ala que ha identificado a un sujeto abusador sexual<\/strong><\/li><\/ul>\n\n\n\n<ul class=\"wp-block-list\"><li><strong>Duda y se\u00f1ala que \u201cpodr\u00eda <\/strong><strong>tratarse de ausencias voluntarias\u201d<\/strong><\/li><\/ul>\n\n\n\n<p class=\"wp-block-paragraph\"><strong>Libertad L\u00f3pez<\/strong><\/p>\n\n\n\n<p class=\"wp-block-paragraph\">SemM\u00e9xico, Cd.&nbsp; de M\u00e9xico, 16 de abril, 2022.- La Fiscal\u00eda General de Justicia de la Ciudad de M\u00e9xico (FGJCDMX) inform\u00f3 el jueves pasado que realiza trabajos de b\u00fasqueda para la localizaci\u00f3n de tres adolescentes, quienes fueron reportadas como ausentes en hechos por separado y cuyos casos no guardan ninguna relaci\u00f3n entre s\u00ed.<\/p>\n\n\n\n<p class=\"wp-block-paragraph\">Lo hace en el escenario en que las Naciones Unidas se\u00f1al\u00f3 que de cerca de 100 mil desapariciones en general, 25 por ciento de mujeres, lo que priva es la impunidad, y solamente hay 36 carpetas de investigaci\u00f3n.<\/p>\n\n\n\n<h3 class=\"wp-block-heading\" id=\"vea-el-sureste-de-mexico-con-la-mayor-desaparicion-de-mujeres-y-ninas-hasta-67-ciento-en-campeche-chiapas-tabasco-y-yucatan\">Vea: <a href=\"https:\/\/redsemlac.com\/semmexico\/el-sureste-de-mexico-con-la-mayor-desaparicion-de-mujeres-y-ninas-hasta-67-ciento-en-campeche-chiapas-tabasco-y-yucatan\/\">El sureste de M\u00e9xico con la mayor desaparici\u00f3n de mujeres y ni\u00f1as, hasta 67 ciento en Campeche, Chiapas, Tabasco y Yucat\u00e1n<\/a><\/h3>\n\n\n\n<div class=\"wp-block-columns is-layout-flex wp-container-core-columns-is-layout-8f761849 wp-block-columns-is-layout-flex\">\n<div class=\"wp-block-column is-layout-flow wp-block-column-is-layout-flow\">\n<figure class=\"wp-block-embed is-type-wp-embed is-provider-semmexico wp-block-embed-semmexico\"><div class=\"wp-block-embed__wrapper\">\n<blockquote class=\"wp-embedded-content\" data-secret=\"wHNVBMV8Qo\"><a href=\"https:\/\/redsemlac.com\/semmexico\/el-sureste-de-mexico-con-la-mayor-desaparicion-de-mujeres-y-ninas-hasta-67-ciento-en-campeche-chiapas-tabasco-y-yucatan\/\">El sureste de M\u00e9xico con la mayor desaparici\u00f3n de mujeres y ni\u00f1as, hasta 67 ciento en Campeche, Chiapas, Tabasco y Yucat\u00e1n<\/a><\/blockquote><iframe loading=\"lazy\" class=\"wp-embedded-content\" sandbox=\"allow-scripts\" security=\"restricted\" style=\"position: absolute; visibility: hidden;\" title=\"\u00abEl sureste de M\u00e9xico con la mayor desaparici\u00f3n de mujeres y ni\u00f1as, hasta 67 ciento en Campeche, Chiapas, Tabasco y Yucat\u00e1n\u00bb \u2014 SemM\u00e9xico\" src=\"https:\/\/redsemlac.com\/semmexico\/el-sureste-de-mexico-con-la-mayor-desaparicion-de-mujeres-y-ninas-hasta-67-ciento-en-campeche-chiapas-tabasco-y-yucatan\/embed\/#?secret=XMCiBGHcli#?secret=wHNVBMV8Qo\" data-secret=\"wHNVBMV8Qo\" width=\"600\" height=\"338\" frameborder=\"0\" marginwidth=\"0\" marginheight=\"0\" scrolling=\"no\"><\/iframe>\n<\/div><\/figure>\n<\/div>\n\n\n\n<div class=\"wp-block-column is-layout-flow wp-block-column-is-layout-flow\">\n<p class=\"wp-block-paragraph\">En los tres casos, &#8211; sin dar hechos o carpetas- se\u00f1ala que desde el momento en que se denunciaron sus ausencias, personal de la Fiscal\u00eda de B\u00fasqueda de Personas Desaparecidas, adscrita a la Coordinaci\u00f3n General de Investigaci\u00f3n de Delitos de G\u00e9nero y Atenci\u00f3n a V\u00edctimas, elabor\u00f3 y difundi\u00f3 el fotovolante respectivo, adem\u00e1s de emitir la Alerta Amber correspondiente en cada caso.<\/p>\n\n\n\n<p class=\"wp-block-paragraph\">Asimismo, personal ministerial, dijo, as\u00ed como la Polic\u00eda de Investigaci\u00f3n (PDI), y el Grupo Especializado en B\u00fasqueda y Reacci\u00f3n Inmediata (GEBRI), ha realizado diversos trabajos de gabinete y campo, as\u00ed como un extenso rastreo institucional en cada uno de los asuntos.<\/p>\n\n\n\n<p class=\"wp-block-paragraph\">Del mismo modo, se ha mantenido contacto directo con familiares de las adolescentes reportadas como ausentes para informarles los avances en las investigaciones.<\/p>\n<\/div>\n<\/div>\n\n\n\n<p class=\"wp-block-paragraph\">De acuerdo con reportes preliminares e informaci\u00f3n con la que se cuenta hasta el momento, posiblemente en todos los casos, podr\u00eda tratarse de ausencias voluntarias.<\/p>\n\n\n\n<p class=\"wp-block-paragraph\">El primer caso se relaciona con una adolescente, de 15 a\u00f1os de edad, quien fue vista por \u00faltima vez el pasado 28 de marzo en la alcald\u00eda Gustavo A. Madero. El segundo es el de una adolescente, de 16 a\u00f1os de edad, quien fue vista por \u00faltima vez el pasado 01 de abril en la alcald\u00eda Venustiano Carranza; y el tercero se refiere a otra joven, tambi\u00e9n de 16 a\u00f1os de edad, quien fue vista por \u00faltima vez el pasado 06 de abril en esa misma alcald\u00eda.<\/p>\n\n\n\n<h2 class=\"wp-block-heading\" id=\"localiza-sanas-y-salvas-a-dos-adolescentes-reportadas-como-ausentes-a-principios-de-abril\"><strong>Localiza sanas y salvas a dos adolescentes reportadas como ausentes a principios de abril<\/strong><strong><\/strong><\/h2>\n\n\n\n<p class=\"wp-block-paragraph\">La Fiscal\u00eda General de Justicia de la Ciudad de M\u00e9xico (FGJCDMX) informa que fueron localizadas, sanas y salvas, dos adolescentes de 15 y 17 a\u00f1os de edad, en la colonia Ni\u00f1os H\u00e9roes de Chapultepec, alcald\u00eda Benito Ju\u00e1rez; ambas contaban con reporte de ausencia.<\/p>\n\n\n\n<p class=\"wp-block-paragraph\">A partir de que tom\u00f3 conocimiento, la Fiscal\u00eda de Investigaci\u00f3n y Persecuci\u00f3n de los Delitos en Materia de Desaparici\u00f3n Forzada de Personas y la Desaparici\u00f3n Cometida por Particulares y B\u00fasqueda de Personas Desaparecidas, emiti\u00f3 de manera inmediata los fotovolantes correspondientes.<\/p>\n\n\n\n<p class=\"wp-block-paragraph\">En forma paralela, agentes de la Polic\u00eda de Investigaci\u00f3n (PDI) y del Grupo Especializado en B\u00fasqueda y Reacci\u00f3n Inmediata (GEBRI) realizaron las diligencias que permitieron conocer el paradero de ambas adolescentes.<\/p>\n\n\n\n<p class=\"wp-block-paragraph\">Las menores se encontraban en el domicilio de un familiar de una ellas; de acuerdo con los protocolos, para salvaguardar su integridad f\u00edsica y emocional ambas fueron canalizadas a la Agencia 59.<\/p>\n\n\n\n<p class=\"wp-block-paragraph\">Personal de la Coordinaci\u00f3n General de Investigaci\u00f3n de Delitos de G\u00e9nero y Atenci\u00f3n a V\u00edctimas ofrece atenci\u00f3n integral a ambas adolescentes.<\/p>\n\n\n\n<h2 class=\"wp-block-heading\" id=\"cumplimenta-orden-de-aprehension-contra-un-hombre-por-probable-abuso-sexual\"><strong>Cumplimenta orden de aprehensi\u00f3n contra un hombre por probable abuso sexual<\/strong><strong><\/strong><\/h2>\n\n\n\n<p class=\"wp-block-paragraph\">Por su probable participaci\u00f3n en el delito de abuso sexual, un hombre fue aprehendido por agentes de la Fiscal\u00eda General de Justicia de la Ciudad de M\u00e9xico (FGJCDMX), en la colonia San Juan, alcald\u00eda Xochimilco.<\/p>\n\n\n\n<p class=\"wp-block-paragraph\">El agente del Ministerio P\u00fablico de la Fiscal\u00eda de Investigaci\u00f3n de Delitos Sexuales, de la Coordinaci\u00f3n General de Investigaci\u00f3n de Delitos de G\u00e9nero y Atenci\u00f3n a V\u00edctimas, reuni\u00f3 suficientes datos de prueba para solicitar y obtener el mandamiento judicial, por lo que agentes de la Polic\u00eda de Investigaci\u00f3n (PDI), adscritos a la Coordinaci\u00f3n de Cumplimiento y Ejecuci\u00f3n de Mandamiento Judiciales, desarrollaron tareas de inteligencia para localizarlo.<\/p>\n\n\n\n<p class=\"wp-block-paragraph\">Una vez que lo tuvieron a la vista, los detectives descartaron una homonimia, procedieron a la lectura de los derechos constitucionales del individuo y lo trasladaron ante el juez que lo requiri\u00f3, al interior del Reclusorio Preventivo Varonil Norte.<\/p>\n\n\n\n<p class=\"wp-block-paragraph\">De acuerdo con la investigaci\u00f3n, el hombre probablemente realiz\u00f3 tocamientos de \u00edndole sexual a una mujer y luego la agredi\u00f3 f\u00edsicamente, en hechos registrados en 2018 en la alcald\u00eda Coyoac\u00e1n.<\/p>\n\n\n\n<p class=\"wp-block-paragraph\">A la persona mencionada en este comunicado se le presume inocente y ser\u00e1 tratada como tal en todas las etapas del procedimiento, mientras no se declare su responsabilidad mediante sentencia emitida por el \u00f3rgano jurisdiccional, en los t\u00e9rminos se\u00f1alados en el C\u00f3digo Nacional de Procedimientos Penales.<\/p>\n\n\n\n<p class=\"wp-block-paragraph\">La FGJCDMX reitera que una de sus prioridades es atender a las v\u00edctimas con perspectiva de g\u00e9nero, enfoque diferencial y especializado, as\u00ed como garantizar una nueva manera para investigar los delitos, con especial \u00e9nfasis en la justicia hacia las mujeres.<\/p>\n","protected":false},"excerpt":{"rendered":"<p>Anuncia que dos adolescentes ya fueron localizadas y se\u00f1ala que ha identificado a un sujeto abusador sexual<\/p>\n","protected":false},"author":3,"featured_media":48521,"comment_status":"open","ping_status":"open","sticky":false,"template":"","format":"standard","meta":{"_monsterinsights_skip_tracking":false,"footnotes":""},"categories":[693,51],"tags":[],"class_list":["post-48519","post","type-post","status-publish","format-standard","has-post-thumbnail","category-693","category-ejecutivo"],"_links":{"self":[{"href":"https:\/\/redsemlac.com\/semmexico\/wp-json\/wp\/v2\/posts\/48519","targetHints":{"allow":["GET"]}}],"collection":[{"href":"https:\/\/redsemlac.com\/semmexico\/wp-json\/wp\/v2\/posts"}],"about":[{"href":"https:\/\/redsemlac.com\/semmexico\/wp-json\/wp\/v2\/types\/post"}],"author":[{"embeddable":true,"href":"https:\/\/redsemlac.com\/semmexico\/wp-json\/wp\/v2\/users\/3"}],"replies":[{"embeddable":true,"href":"https:\/\/redsemlac.com\/semmexico\/wp-json\/wp\/v2\/comments?post=48519"}],"version-history":[{"count":0,"href":"https:\/\/redsemlac.com\/semmexico\/wp-json\/wp\/v2\/posts\/48519\/revisions"}],"wp:featuredmedia":[{"embeddable":true,"href":"https:\/\/redsemlac.com\/semmexico\/wp-json\/wp\/v2\/media\/48521"}],"wp:attachment":[{"href":"https:\/\/redsemlac.com\/semmexico\/wp-json\/wp\/v2\/media?parent=48519"}],"wp:term":[{"taxonomy":"category","embeddable":true,"href":"https:\/\/redsemlac.com\/semmexico\/wp-json\/wp\/v2\/categories?post=48519"},{"taxonomy":"post_tag","embeddable":true,"href":"https:\/\/redsemlac.com\/semmexico\/wp-json\/wp\/v2\/tags?post=48519"}],"curies":[{"name":"wp","href":"https:\/\/api.w.org\/{rel}","templated":true}]}}