{"id":48516,"date":"2022-04-15T09:28:00","date_gmt":"2022-04-15T15:28:00","guid":{"rendered":"https:\/\/redsemlac.com\/semmexico\/?p=48516"},"modified":"2023-07-21T19:02:29","modified_gmt":"2023-07-22T00:02:29","slug":"la-esterilizacion-se-considera-violencia-sexual-expresan-diputadas-de-movimiento-ciudadano","status":"publish","type":"post","link":"https:\/\/redsemlac.com\/semmexico\/la-esterilizacion-se-considera-violencia-sexual-expresan-diputadas-de-movimiento-ciudadano\/","title":{"rendered":"La esterilizaci\u00f3n se considera violencia sexual, expresan diputadas de Movimiento Ciudadano"},"content":{"rendered":"\n<ul class=\"wp-block-list\"><li><strong>Otras reformas para que la CNDH sea garant\u00eda de la no Impunidad. Y se precisan, todo a comisiones, fortalecer la legislaci\u00f3n contra abuso sexual infantil &nbsp;<\/strong><\/li><\/ul>\n\n\n\n<ul class=\"wp-block-list\"><li><strong>Iniciativas que se suman al rezago de m\u00e1s de 500 en comisiones, tanto en el Senado como en la diputaci\u00f3n<\/strong><\/li><\/ul>\n\n\n\n<p class=\"wp-block-paragraph\"><strong>Redacci\u00f3n<\/strong><strong><br><\/strong>SemM\u00e9xico, Cd. de M\u00e9xico, 15 de abril, 2022.-En M\u00e9xico, cuatro de cada 10 delitos sexuales son en contra de menores de edad; adem\u00e1s, se calcula que cada a\u00f1o se cometen al menos 600 mil il\u00edcitos de este tipo; sin embargo, estas cifras \u201cson poco realistas\u201d debido a que se estima que s\u00f3lo se denuncia uno de cada 100 casos de abuso sexual infantil, dijo la morenista, senadora Mar\u00eda Antonia C\u00e1rdenas Mariscal.<\/p>\n\n\n\n<p class=\"wp-block-paragraph\">Esta semana de asueto, tanto en el Senado como en la C\u00e1mara de Diputados se presentaron varias iniciativas para reformar, adicionar o \u201cperfeccionar\u201d, leyes relativas a la violencia contra las mujeres y la infancia; igualmente c\u00f3mo puede actuar la Comisi\u00f3n Nacional de Derechos Humanos CNDH para enfrentar la impunidad.<\/p>\n\n\n\n<p class=\"wp-block-paragraph\">Las y los legisladores, este a\u00f1o, han propuesto reformas s\u00f3lo alrededor de la violencia y la situaci\u00f3n de la ni\u00f1ez y no dan cuenta de su vigilancia a pol\u00edticas p\u00fablicas, ni a la disminuci\u00f3n de programas que la actual administraci\u00f3n hace y en la pr\u00e1ctica paraliza lo que ya est\u00e1 legislados. Estas nuevas iniciativas de ajuste o nuevas proporciones sobre leyes vigentes y programas inexistentes, se suman a la literatura legal, sin atender la desaparici\u00f3n de recursos y pol\u00edticas como el de la prevenci\u00f3n de la violencia.<\/p>\n\n\n\n<p class=\"wp-block-paragraph\">Una de las iniciativas, dice que la Comisi\u00f3n Nacional de los Derechos Humanos debe ser garant\u00eda contra la impunidad y otra, propone agregar a la violencia Obst\u00e9trica ya en la ley, los actos de esterilizaci\u00f3n forzada. Reactivas a la afirmaci\u00f3n de Naciones Unidas que el peor problema en M\u00e9xico, es la impunidad. El andamiaje legal es extenso en la Constituci\u00f3n.<\/p>\n\n\n\n<p class=\"wp-block-paragraph\">As\u00ed la senadora C\u00e1rdenas Mariscal de la ni\u00f1ez dijo que el escenario documentado de lo que vive la ni\u00f1ez, es un asunto \u201cde la mayor importancia \u201c.<\/p>\n\n\n\n<p class=\"wp-block-paragraph\">Y suma a los diagn\u00f3sticos e iniciativas en el Congreso, su convicci\u00f3n de que todos los casos de violencia y explotaci\u00f3n sexual contra ni\u00f1as, ni\u00f1os y adolescentes, deber\u00edan ser debidamente investigados y sancionados, sin importar la edad de la persona que denuncia.&nbsp;<\/p>\n\n\n\n<p class=\"wp-block-paragraph\">Luego ejemplific\u00f3 la morenista:&nbsp; en abril de 2019, la C\u00e1mara de Diputados aprob\u00f3 el dictamen que reforma los art\u00edculos 203 y 205 bis del C\u00f3digo Penal Federal, para aumentar de 15 a 30 a\u00f1os de prisi\u00f3n y de mil a 30 mil d\u00edas de multa las sanciones para quien cometa el delito de turismo sexual. &nbsp;<\/p>\n\n\n\n<p class=\"wp-block-paragraph\">\u201cSin embargo, hasta el momento sigue pendiente en las Comisiones de Justicia y de Estudios Legislativos, Primera, del Senado de la Rep\u00fablica\u201d.&nbsp;<\/p>\n\n\n\n<p class=\"wp-block-paragraph\">Adem\u00e1s, en M\u00e9xico a\u00fan existen legislaciones en que esos delitos tienen plazo de prescripci\u00f3n, como lo inform\u00f3 50 por ciento de los organismos p\u00fablicos defensores de derechos humanos, que participaron en una encuesta que sobre la materia realiz\u00f3 la CNDH.&nbsp;<\/p>\n\n\n\n<p class=\"wp-block-paragraph\">Por ello propone modificar el C\u00f3digo Penal Federal para precisar que se comete el delito de abuso sexual en contra de ni\u00f1as, ni\u00f1os y adolescentes, cuando una persona que, sin el prop\u00f3sito de llegar a la c\u00f3pula, ejecute un acto sexual, obligue a observarla o la haga ejecutarlo, a\u00fan con su consentimiento. &nbsp;<\/p>\n\n\n\n<p class=\"wp-block-paragraph\">La reforma, busca establecer que se entender\u00e1 por acto sexual los tocamientos o manoseos corporales obscenos o lascivos, que se caractericen por un contenido er\u00f3tico, o los que representen actos expl\u00edcitamente sexuales u obliguen a la v\u00edctima a representarlos.&nbsp;Previstos en las leyes, ahora.<\/p>\n\n\n\n<p class=\"wp-block-paragraph\">Con estas precisiones, acot\u00f3, el tipo penal \u201cse ajustar\u00eda a criterios de taxatividad, plenitud herm\u00e9tica, inter\u00e9s superior de la ni\u00f1ez y la adolescencia; as\u00ed como a una interpretaci\u00f3n conforme a los est\u00e1ndares internacionales en materia de derechos humanos\u201d.&nbsp;<\/p>\n\n\n\n<p class=\"wp-block-paragraph\">Insisti\u00f3 que de esta forma se dar\u00eda visibilidad a las medidas de protecci\u00f3n para este sector poblacional, de tal manera que los \u00f3rganos jurisdiccionales y los ministerios p\u00fablicos atiendan estos delitos sexuales con un enfoque de los derechos de la ni\u00f1ez y la adolescencia. Dicen las especialistas que ese es el problema. La abogada Andrea Medina, ha insistido hace varios a\u00f1os que no se capacita a los operadores de la justicia. No obstante, se disminuyeron los recursos para capacitaci\u00f3n en este sexenio. Ahora paralizados los programas o subsumidos en la Secretar\u00eda de Gobernaci\u00f3n.<\/p>\n\n\n\n<h3 class=\"wp-block-heading\" id=\"consultar-paralizado-el-paimef-unico-programa-de-prevencion-a-la-violencia-contra-las-mujeres\">Consultar: <a href=\"https:\/\/redsemlac.com\/semmexico\/paralizado-el-paimef-unico-programa-de-prevencion-a-la-violencia-contra-las-mujeres\/\"><a href=\"https:\/\/redsemlac.com\/semmexico\/paralizado-el-paimef-unico-programa-de-prevencion-a-la-violencia-contra-las-mujeres\/\">Paralizado el PAIMEF, \u00fanico programa de prevenci\u00f3n a la violencia contra las mujeres<\/a><\/a><\/h3>\n\n\n\n<div class=\"wp-block-columns is-layout-flex wp-container-core-columns-is-layout-8f761849 wp-block-columns-is-layout-flex\">\n<div class=\"wp-block-column is-layout-flow wp-block-column-is-layout-flow\">\n<figure class=\"wp-block-embed is-type-wp-embed is-provider-semmexico wp-block-embed-semmexico\"><div class=\"wp-block-embed__wrapper\">\n<blockquote class=\"wp-embedded-content\" data-secret=\"DMyDbo808s\"><a href=\"https:\/\/redsemlac.com\/semmexico\/paralizado-el-paimef-unico-programa-de-prevencion-a-la-violencia-contra-las-mujeres\/\">Paralizado el PAIMEF, \u00fanico programa de prevenci\u00f3n a la violencia contra las mujeres<\/a><\/blockquote><iframe loading=\"lazy\" class=\"wp-embedded-content\" sandbox=\"allow-scripts\" security=\"restricted\" style=\"position: absolute; visibility: hidden;\" title=\"\u00abParalizado el PAIMEF, \u00fanico programa de prevenci\u00f3n a la violencia contra las mujeres\u00bb \u2014 SemM\u00e9xico\" src=\"https:\/\/redsemlac.com\/semmexico\/paralizado-el-paimef-unico-programa-de-prevencion-a-la-violencia-contra-las-mujeres\/embed\/#?secret=DqiXKKR1TO#?secret=DMyDbo808s\" data-secret=\"DMyDbo808s\" width=\"600\" height=\"338\" frameborder=\"0\" marginwidth=\"0\" marginheight=\"0\" scrolling=\"no\"><\/iframe>\n<\/div><\/figure>\n<\/div>\n\n\n\n<div class=\"wp-block-column is-layout-flow wp-block-column-is-layout-flow\">\n<p class=\"wp-block-paragraph\">Todo esto, consider\u00f3 y dijo, a fin de garantizar su derecho a una vida libre de violencia, de estereotipos y prejuicios.&nbsp;<\/p>\n\n\n\n<p class=\"wp-block-paragraph\">En la iniciativa, que fue turnada a las comisiones unidas de Justicia y de Estudios Legislativos, Segunda, la senadora&nbsp;tambi\u00e9n plantea modificar el art\u00edculo 137 para que en las medidas de protecci\u00f3n trat\u00e1ndose de delitos cometidos en contra menores, se aplique de manera supletoria lo previsto en la Ley General de los Derechos de Ni\u00f1as, Ni\u00f1os y Adolescentes.&nbsp;<\/p>\n<\/div>\n<\/div>\n\n\n\n<h2 class=\"wp-block-heading\" id=\"abatir-la-impunidad-pide-luis-david-ortiz\">Abatir la impunidad pide Luis David Ortiz<\/h2>\n\n\n\n<p class=\"wp-block-paragraph\">A nombre de Movimiento Ciudadano, el senador Luis David Ortiz Salinas pide fortalecer las tareas de la Comisi\u00f3n Nacional de Derechos Humanos CNDH, para abatir la impunidad en los casos de violaciones graves a los derechos humanos y garantizar el acceso a la justicia de las v\u00edctimas. &nbsp;<\/p>\n\n\n\n<p class=\"wp-block-paragraph\">\u201cDurante la \u00faltima d\u00e9cada -afirm\u00f3 el senador-, la situaci\u00f3n de los derechos humanos en M\u00e9xico se ha deteriorado notablemente\u201d. &nbsp;<\/p>\n\n\n\n<p class=\"wp-block-paragraph\">A pesar del reconocimiento que el gobierno mexicano ha hecho de esta situaci\u00f3n y de las medidas que se han tomado para enfrentarla, la realidad nos muestra que las violaciones a los derechos humanos, y la falta de respuesta adecuada de parte de las instituciones de procuraci\u00f3n y administraci\u00f3n de justicia, siguen siendo la regla y no la excepci\u00f3n, se\u00f1al\u00f3. &nbsp;<\/p>\n\n\n\n<p class=\"wp-block-paragraph\">Ortiz Salinas present\u00f3 una iniciativa que busca incluir en la&nbsp;Ley de la CNDH los par\u00e1metros que permitan clarificar cuando los hechos sometidos a una investigaci\u00f3n han sobrepasado el umbral de la gravedad.&nbsp;<\/p>\n\n\n\n<h3 class=\"wp-block-heading\" id=\"consultar-el-sureste-de-mexico-con-la-mayor-desaparicion-de-mujeres-y-ninas-hasta-67-ciento-en-campeche-chiapas-tabasco-y-yucatan\">Consultar: <a href=\"https:\/\/redsemlac.com\/semmexico\/el-sureste-de-mexico-con-la-mayor-desaparicion-de-mujeres-y-ninas-hasta-67-ciento-en-campeche-chiapas-tabasco-y-yucatan\/\">El sureste de M\u00e9xico con la mayor desaparici\u00f3n de mujeres y ni\u00f1as, hasta 67 ciento en Campeche, Chiapas, Tabasco y Yucat\u00e1n<\/a><\/h3>\n\n\n\n<div class=\"wp-block-columns is-layout-flex wp-container-core-columns-is-layout-8f761849 wp-block-columns-is-layout-flex\">\n<div class=\"wp-block-column is-layout-flow wp-block-column-is-layout-flow\">\n<figure class=\"wp-block-embed is-type-wp-embed is-provider-semmexico wp-block-embed-semmexico\"><div class=\"wp-block-embed__wrapper\">\n<blockquote class=\"wp-embedded-content\" data-secret=\"LVBgC6BPl9\"><a href=\"https:\/\/redsemlac.com\/semmexico\/el-sureste-de-mexico-con-la-mayor-desaparicion-de-mujeres-y-ninas-hasta-67-ciento-en-campeche-chiapas-tabasco-y-yucatan\/\">El sureste de M\u00e9xico con la mayor desaparici\u00f3n de mujeres y ni\u00f1as, hasta 67 ciento en Campeche, Chiapas, Tabasco y Yucat\u00e1n<\/a><\/blockquote><iframe loading=\"lazy\" class=\"wp-embedded-content\" sandbox=\"allow-scripts\" security=\"restricted\" style=\"position: absolute; visibility: hidden;\" title=\"\u00abEl sureste de M\u00e9xico con la mayor desaparici\u00f3n de mujeres y ni\u00f1as, hasta 67 ciento en Campeche, Chiapas, Tabasco y Yucat\u00e1n\u00bb \u2014 SemM\u00e9xico\" src=\"https:\/\/redsemlac.com\/semmexico\/el-sureste-de-mexico-con-la-mayor-desaparicion-de-mujeres-y-ninas-hasta-67-ciento-en-campeche-chiapas-tabasco-y-yucatan\/embed\/#?secret=MYMK9Bxm2f#?secret=LVBgC6BPl9\" data-secret=\"LVBgC6BPl9\" width=\"600\" height=\"338\" frameborder=\"0\" marginwidth=\"0\" marginheight=\"0\" scrolling=\"no\"><\/iframe>\n<\/div><\/figure>\n<\/div>\n\n\n\n<div class=\"wp-block-column is-layout-flow wp-block-column-is-layout-flow\">\n<p class=\"wp-block-paragraph\">Este ordenamiento, explic\u00f3 el legislador, no establece de forma adecuada las caracter\u00edsticas con los que la CNDH debe de calificar los casos como violaciones graves a derechos humanos y a qui\u00e9nes podr\u00e1n determinar la gravedad de esas transgresiones. &nbsp;<\/p>\n\n\n\n<p class=\"wp-block-paragraph\">Actualmente, esta falta de criterio en el marco normativo permite que sea el libre criterio del presidente en turno del organismo el que otorgue la calificaci\u00f3n o recalificaci\u00f3n de los expedientes. &nbsp;<\/p>\n\n\n\n<p class=\"wp-block-paragraph\">El senador dijo que es urgente esta reforma, sobre todo para impedir la libre aplicaci\u00f3n de criterios jur\u00eddicos que conllevan el riesgo de dejar en la impunidad los casos, como hoy sucede, y negarles a las v\u00edctimas sus derechos a la verdad, la justicia y a la reparaci\u00f3n integral del da\u00f1o. &nbsp;<\/p>\n<\/div>\n<\/div>\n\n\n\n<p class=\"wp-block-paragraph\">El senador emecista propuso que no pueda clasificarse como reservada o confidencial aquella informaci\u00f3n que est\u00e9 relacionada con violaciones graves a derechos humanos o delitos de lesa humanidad. &nbsp;<\/p>\n\n\n\n<p class=\"wp-block-paragraph\">La iniciativa fue turnada a las comisiones unidas de Derechos Humanos y de Estudios Legislativos Segunda, para su an\u00e1lisis y dictamen correspondiente. &nbsp;<\/p>\n\n\n\n<h2 class=\"wp-block-heading\" id=\"catalogar-como-violencia-contra-las-mujeres-en-salud-sexual-y-reproductiva\">Catalogar como violencia contra las mujeres en salud sexual y reproductiva<\/h2>\n\n\n\n<p class=\"wp-block-paragraph\">Con el objetivo de reconocer como una modalidad de violencia hacia las mujeres la que se ejerce en relaci\u00f3n a su salud sexual y reproductiva, diputadas y diputados de MC plantearon reformas a las leyes generales de Acceso de las Mujeres a una Vida Libre de Violencia y de Salud.&nbsp;<\/p>\n\n\n\n<p class=\"wp-block-paragraph\">La iniciativa propone modificar los art\u00edculos 6 y 46, y adicionar el Cap\u00edtulo V Bis, ambos de la Ley General de Acceso de las Mujeres a una Vida Libre de Violencia.&nbsp;<\/p>\n\n\n\n<p class=\"wp-block-paragraph\">Se\u00f1ala que la violencia en la salud sexual y reproductiva en contra de las mujeres se configura cuando el personal profesional, t\u00e9cnico o auxiliar de las disciplinas para la salud y, en general, toda persona relacionada con la pr\u00e1ctica m\u00e9dica perteneciente a los servicios de salud p\u00fablicos o privados del Sistema Nacional de Salud tenga una conducta, acto u omisi\u00f3n que cause afectaci\u00f3n f\u00edsica y psicol\u00f3gica en los procesos de revisi\u00f3n ginecol\u00f3gica y durante el embarazo, el parto y el puerperio.<\/p>\n\n\n\n<p class=\"wp-block-paragraph\">Establece las conductas que se considerar\u00e1n violencia obst\u00e9trica cuando se manifiesten durante el embarazo, el parto y puerperio. Asimismo, para la violencia ginecol\u00f3gica cuando se manifiesten durante la revisi\u00f3n. Esa violencia ya est\u00e1 incluida en la legislaci\u00f3n, no obstante, la propuesta aclara y ampl\u00eda el concepto.<\/p>\n\n\n\n<h3 class=\"wp-block-heading\" id=\"consultar-violencia-obstetrica-normalizada-institucional-que-ha-persistido-a-lo-largo-del-tiempo\">Consultar: <a href=\"https:\/\/redsemlac.com\/semmexico\/violencia-obstetrica-normalizada-institucional-que-ha-persistido-a-lo-largo-del-tiempo\/\">Violencia obst\u00e9trica normalizada, institucional, que ha persistido a lo largo del tiempo<\/a><\/h3>\n\n\n\n<div class=\"wp-block-columns is-layout-flex wp-container-core-columns-is-layout-8f761849 wp-block-columns-is-layout-flex\">\n<div class=\"wp-block-column is-layout-flow wp-block-column-is-layout-flow\">\n<figure class=\"wp-block-embed is-type-wp-embed is-provider-semmexico wp-block-embed-semmexico\"><div class=\"wp-block-embed__wrapper\">\n<blockquote class=\"wp-embedded-content\" data-secret=\"L3VX03yREV\"><a href=\"https:\/\/redsemlac.com\/semmexico\/violencia-obstetrica-normalizada-institucional-que-ha-persistido-a-lo-largo-del-tiempo\/\">Violencia obst\u00e9trica normalizada, institucional, que ha persistido a lo largo del tiempo<\/a><\/blockquote><iframe loading=\"lazy\" class=\"wp-embedded-content\" sandbox=\"allow-scripts\" security=\"restricted\" style=\"position: absolute; visibility: hidden;\" title=\"\u00abViolencia obst\u00e9trica normalizada, institucional, que ha persistido a lo largo del tiempo\u00bb \u2014 SemM\u00e9xico\" src=\"https:\/\/redsemlac.com\/semmexico\/violencia-obstetrica-normalizada-institucional-que-ha-persistido-a-lo-largo-del-tiempo\/embed\/#?secret=coe1AXyskn#?secret=L3VX03yREV\" data-secret=\"L3VX03yREV\" width=\"600\" height=\"338\" frameborder=\"0\" marginwidth=\"0\" marginheight=\"0\" scrolling=\"no\"><\/iframe>\n<\/div><\/figure>\n<\/div>\n\n\n\n<div class=\"wp-block-column is-layout-flow wp-block-column-is-layout-flow\">\n<p class=\"wp-block-paragraph\">Destaca que ser\u00e1 violencia obst\u00e9trica y ginecol\u00f3gica cuando el personal m\u00e9dico realice pr\u00e1cticas inadecuadas y ejerza malos tratos, niegue la autonom\u00eda y capacidad de decidir de las mujeres, emita agresiones verbales y observaciones sexistas, practique la esterilizaci\u00f3n forzada y sin consentimiento informado y realice tactos inapropiados en la consulta, entre otras.&nbsp;<\/p>\n\n\n\n<p class=\"wp-block-paragraph\">Define a la Violencia Obst\u00e9trica y a la Violencia Ginecol\u00f3gica como toda acci\u00f3n u omisi\u00f3n por parte del personal profesional, t\u00e9cnico o auxiliar de las disciplinas para la salud y, en general, toda persona relacionada con la pr\u00e1ctica m\u00e9dica perteneciente a los servicios de salud p\u00fablicos o privados del Sistema Nacional de Salud, que violente, vulnere, denigre, discrimine o que cause da\u00f1o f\u00edsico o psicol\u00f3gico a la mujer, durante el embarazo, el parto y el puerperio, o las denigre en la revisi\u00f3n ginecol\u00f3gica, ya sea de manera verbal o f\u00edsica.&nbsp;<\/p>\n<\/div>\n<\/div>\n\n\n\n<p class=\"wp-block-paragraph\">Las reformas a los art\u00edculos 64 y adiciones al 64 Bis y 644 Bis de la Ley General de Salud, estipulan que, en la organizaci\u00f3n y operaci\u00f3n de los servicios de salud destinados a la atenci\u00f3n materno-infantil, las autoridades sanitarias llevar\u00e1n a cabo acciones de capacitaci\u00f3n y orientaci\u00f3n que informen y concienticen al personal profesional, t\u00e9cnico o auxiliar de las disciplinas para la salud.&nbsp;<\/p>\n\n\n\n<p class=\"wp-block-paragraph\">Y, en general, a toda persona relacionada con la pr\u00e1ctica m\u00e9dica perteneciente a los servicios de salud p\u00fablicos o privados del Sistema Nacional de Salud, sobre los efectos de la violencia obst\u00e9trica y por qu\u00e9 no deben de ejercerla.&nbsp;<\/p>\n\n\n\n<p class=\"wp-block-paragraph\">Adem\u00e1s, indican que la atenci\u00f3n que sea prestada a las mujeres embarazadas que presenten una urgencia obst\u00e9trica por ning\u00fan motivo podr\u00e1 ser ejercida con violencia y malos tratos.&nbsp;<\/p>\n\n\n\n<p class=\"wp-block-paragraph\">Advierten que el personal profesional, t\u00e9cnico o auxiliar de las disciplinas para la salud y, en general, a toda persona relacionada con la pr\u00e1ctica m\u00e9dica que promueva o ejerza la violencia obst\u00e9trica o ginecol\u00f3gica, se le impondr\u00e1 la suspensi\u00f3n en el ejercicio profesional de uno a tres a\u00f1os.&nbsp;<\/p>\n\n\n\n<p class=\"wp-block-paragraph\">La iniciativa fue turnada a las comisiones de Igualdad de G\u00e9nero, y de Salud.<\/p>\n","protected":false},"excerpt":{"rendered":"<p>Otras reformas para que la CNDH sea garant\u00eda de la no Impunidad. Y se precisan, todo a comisiones, fortalecer la legislaci\u00f3n contra abuso sexual infantil \u00a0<\/p>\n","protected":false},"author":3,"featured_media":48517,"comment_status":"open","ping_status":"open","sticky":false,"template":"","format":"standard","meta":{"_monsterinsights_skip_tracking":false,"footnotes":""},"categories":[693,50],"tags":[],"class_list":["post-48516","post","type-post","status-publish","format-standard","has-post-thumbnail","category-693","category-congreso"],"_links":{"self":[{"href":"https:\/\/redsemlac.com\/semmexico\/wp-json\/wp\/v2\/posts\/48516","targetHints":{"allow":["GET"]}}],"collection":[{"href":"https:\/\/redsemlac.com\/semmexico\/wp-json\/wp\/v2\/posts"}],"about":[{"href":"https:\/\/redsemlac.com\/semmexico\/wp-json\/wp\/v2\/types\/post"}],"author":[{"embeddable":true,"href":"https:\/\/redsemlac.com\/semmexico\/wp-json\/wp\/v2\/users\/3"}],"replies":[{"embeddable":true,"href":"https:\/\/redsemlac.com\/semmexico\/wp-json\/wp\/v2\/comments?post=48516"}],"version-history":[{"count":0,"href":"https:\/\/redsemlac.com\/semmexico\/wp-json\/wp\/v2\/posts\/48516\/revisions"}],"wp:featuredmedia":[{"embeddable":true,"href":"https:\/\/redsemlac.com\/semmexico\/wp-json\/wp\/v2\/media\/48517"}],"wp:attachment":[{"href":"https:\/\/redsemlac.com\/semmexico\/wp-json\/wp\/v2\/media?parent=48516"}],"wp:term":[{"taxonomy":"category","embeddable":true,"href":"https:\/\/redsemlac.com\/semmexico\/wp-json\/wp\/v2\/categories?post=48516"},{"taxonomy":"post_tag","embeddable":true,"href":"https:\/\/redsemlac.com\/semmexico\/wp-json\/wp\/v2\/tags?post=48516"}],"curies":[{"name":"wp","href":"https:\/\/api.w.org\/{rel}","templated":true}]}}