{"id":48507,"date":"2022-04-14T14:21:52","date_gmt":"2022-04-14T20:21:52","guid":{"rendered":"https:\/\/redsemlac.com\/semmexico\/?p=48507"},"modified":"2023-07-21T19:02:29","modified_gmt":"2023-07-22T00:02:29","slug":"exigen-justicia-por-feminicidio-de-una-mejor-en-la-costa-chica-oaxaquena","status":"publish","type":"post","link":"https:\/\/redsemlac.com\/semmexico\/exigen-justicia-por-feminicidio-de-una-mejor-en-la-costa-chica-oaxaquena\/","title":{"rendered":"Exigen justicia por feminicidio de una mejor en la costa chica oaxaque\u00f1a"},"content":{"rendered":"\n<ul class=\"wp-block-list\"><li><strong> Frida Alondra ten\u00eda 13 a\u00f1os, hab\u00eda estado desaparecida y fue localizada sin vida<\/strong><\/li><\/ul>\n\n\n\n<ul class=\"wp-block-list\"><li><strong>Colectiva de Mujeres Afromexicanas de la Costa Chica de Oaxaca y Guerrero \u00a0conden\u00f3 el feminicidio<\/strong><\/li><\/ul>\n\n\n\n<p class=\"wp-block-paragraph\"><strong>Patricia Brise\u00f1o<\/strong><\/p>\n\n\n\n<p class=\"wp-block-paragraph\">SemM\u00e9xico, Oaxaca, 14 de abril, 2022.- Una menor de edad, de 13 a\u00f1os, que hab\u00eda sido reportada como desaparecida fue encontrada sin vida en el municipio de San Juan Bautista Lo de Soto, en la regi\u00f3n Costa, de ah\u00ed que la Fiscal\u00eda General del Estado de Oaxaca (FGEO) inici\u00f3 la carpeta de investigaci\u00f3n por el delito de feminicidio.<\/p>\n\n\n\n<p class=\"wp-block-paragraph\">La v\u00edctima, identificada como Frida Alondra, fue hallada en un camino de terracer\u00eda dentro de esta comunidad afromexicana, vecina del estado de Guerrero.<\/p>\n\n\n\n<p class=\"wp-block-paragraph\">La Vicefiscal\u00eda Regional de la Costa acudi\u00f3 al lugar para realizar las diligencias periciales correspondientes, e inici\u00f3 una carpeta de investigaci\u00f3n por el delito de feminicidio.<\/p>\n\n\n\n<p class=\"wp-block-paragraph\">Despu\u00e9s de confirmarse el hallazgo, la Colectiva de Mujeres Afromexicanas de la Costa Chica de Oaxaca y Guerrero (Muafro) conden\u00f3 el feminicidio de Frida Alondra, originaria de Cuajinicuilapa, Guerrero, y cuyo cuerpo fue encontrado en Lo de Soto, donde la chica hab\u00eda estado, el pasado 8 de abril, con motivo del Viernes de Dolores.<\/p>\n\n\n\n<p class=\"wp-block-paragraph\">\u201cEste acto de violencia extrema contra una joven afromexicana no es un hecho aislado, se da en un contexto de impunidad y violencia generalizada en nuestros territorios y en el pa\u00eds, en un M\u00e9xico Feminicida donde se asesinan a 11 mujeres diariamente\u201d, expuso Beatriz Amaro Clemente, integrante de la colectiva.<\/p>\n\n\n\n<p class=\"wp-block-paragraph\">Exigi\u00f3 al gobierno de Oaxaca \u201cuna investigaci\u00f3n pronta y expedita, con perspectiva intercultural y de g\u00e9nero que permita el esclarecimiento del feminicidio, as\u00ed como la aplicaci\u00f3n de las sanciones correspondientes al responsable, como un acto de m\u00ednima justicia a su memoria\u201d.<\/p>\n\n\n\n<p class=\"wp-block-paragraph\">De igual manera, Amaro Clemente dijo que la Colectiva solicit\u00f3 al gobierno federal \u201cdatos desagregados que permitan nombrar y visibilizar las m\u00faltiples violencias, condiciones de vulneraci\u00f3n de derechos y marginaci\u00f3n en las que el racismo estructural, institucional y sist\u00e9mico ha colocado hist\u00f3ricamente a ni\u00f1as, adolescentes y mujeres afromexicanas ante el silencio de una sociedad c\u00f3mplice\u201d.<\/p>\n\n\n\n<p class=\"wp-block-paragraph\">SEM\/pb<\/p>\n","protected":false},"excerpt":{"rendered":"<p>Colectiva de Mujeres Afromexicanas de la Costa Chica de Oaxaca y Guerrero \u00a0conden\u00f3 el feminicidio<\/p>\n","protected":false},"author":3,"featured_media":48508,"comment_status":"open","ping_status":"open","sticky":false,"template":"","format":"standard","meta":{"_monsterinsights_skip_tracking":false,"footnotes":""},"categories":[693,47,48],"tags":[146,142],"class_list":["post-48507","post","type-post","status-publish","format-standard","has-post-thumbnail","category-693","category-no-mas-impunidad","category-no-mas-impunidad-no-mas-impunidad","tag-oaxaca","tag-violencia"],"_links":{"self":[{"href":"https:\/\/redsemlac.com\/semmexico\/wp-json\/wp\/v2\/posts\/48507","targetHints":{"allow":["GET"]}}],"collection":[{"href":"https:\/\/redsemlac.com\/semmexico\/wp-json\/wp\/v2\/posts"}],"about":[{"href":"https:\/\/redsemlac.com\/semmexico\/wp-json\/wp\/v2\/types\/post"}],"author":[{"embeddable":true,"href":"https:\/\/redsemlac.com\/semmexico\/wp-json\/wp\/v2\/users\/3"}],"replies":[{"embeddable":true,"href":"https:\/\/redsemlac.com\/semmexico\/wp-json\/wp\/v2\/comments?post=48507"}],"version-history":[{"count":0,"href":"https:\/\/redsemlac.com\/semmexico\/wp-json\/wp\/v2\/posts\/48507\/revisions"}],"wp:featuredmedia":[{"embeddable":true,"href":"https:\/\/redsemlac.com\/semmexico\/wp-json\/wp\/v2\/media\/48508"}],"wp:attachment":[{"href":"https:\/\/redsemlac.com\/semmexico\/wp-json\/wp\/v2\/media?parent=48507"}],"wp:term":[{"taxonomy":"category","embeddable":true,"href":"https:\/\/redsemlac.com\/semmexico\/wp-json\/wp\/v2\/categories?post=48507"},{"taxonomy":"post_tag","embeddable":true,"href":"https:\/\/redsemlac.com\/semmexico\/wp-json\/wp\/v2\/tags?post=48507"}],"curies":[{"name":"wp","href":"https:\/\/api.w.org\/{rel}","templated":true}]}}