{"id":48505,"date":"2022-04-14T14:19:00","date_gmt":"2022-04-14T20:19:00","guid":{"rendered":"https:\/\/redsemlac.com\/semmexico\/?p=48505"},"modified":"2023-07-21T19:02:30","modified_gmt":"2023-07-22T00:02:30","slug":"entresemana-san-andres-manuel-patrono-de-los-otros-datos","status":"publish","type":"post","link":"https:\/\/redsemlac.com\/semmexico\/entresemana-san-andres-manuel-patrono-de-los-otros-datos\/","title":{"rendered":"Entresemana| San Andr\u00e9s Manuel, Patrono de los otros datos"},"content":{"rendered":"\n<p class=\"wp-block-paragraph\"><strong>Mois\u00e9s S\u00e1nchez Lim\u00f3n<\/strong><\/p>\n\n\n\n<p class=\"wp-block-paragraph\">SemM\u00e9xico, Cd. de M\u00e9xico, 14 de abril, 2022.- \u00a1Caray! \u00bfQui\u00e9n asesora a Su Alteza Seren\u00edsima Andr\u00e9s Manuel I?<\/p>\n\n\n\n<p class=\"wp-block-paragraph\">Porque, mire usted, en la ma\u00f1anera de media semana ha dicho tal sarta de barbaridades que lo instalan en ese nivel que lo manda a la esquina del sal\u00f3n de clases, de espalda a los escolapios, coronado con orejas de asno, \u00bfo de ac\u00e9mila?<\/p>\n\n\n\n<p class=\"wp-block-paragraph\">El Duce anda nervioso.<\/p>\n\n\n\n<p class=\"wp-block-paragraph\">Porque, en tanto trasciende que Ignacio Mier y prohombres del corporativo Morena buscan maicear a diputados federales de oposici\u00f3n \u2013como Carlos Miguel Aysa Damas \u00bfa poco no? &#8212; para sumar votos a favor de la reforma el\u00e9ctrica, San Andr\u00e9s Manuel, envuelto en el l\u00e1baro patrio, anuncia el Plan B y dice que ya firm\u00f3 una reforma a la Ley Minera, ser\u00eda al art\u00edculo 10, dizque para proteger al litio de los perversos neoliberales que pretenden entregarlo a intereses extranjeros.<\/p>\n\n\n\n<p class=\"wp-block-paragraph\">\u00bfAcaso lo asesora el fil\u00f3sofo del Z\u00f3calo Chucho Ram\u00edrez? \u00bfTal vez Epigmenio y el \u201cperiodista\u201d John Ackerman? \u00bfQuiz\u00e1 los moneros que pontifican como due\u00f1os de la verdad absoluta en televisoras p\u00fablicas, es decir, con cargo al erario?<\/p>\n\n\n\n<p class=\"wp-block-paragraph\">Bueno, bueno, quien sea si es que llega al nivel de asesor con suficiente capacidad para influir en el hacer y decir del licenciado presidente, en esa magistral pr\u00e1ctica de mentir y blofear, insultar y hacerse el gracioso e incluso elevarse al nivel de sabelotodo, debi\u00f3 haberle entregado una tarjeta con los que mandata el art\u00edculo 27 de la Constituci\u00f3n Pol\u00edtica de los Estados Unidos Mexicanos, es decir, la ley suprema que est\u00e1 por encima de las leyes secundarias.<\/p>\n\n\n\n<p class=\"wp-block-paragraph\">Lea usted.<\/p>\n\n\n\n<p class=\"wp-block-paragraph\">\u201cArt\u00edculo 27.-&nbsp;<strong>La propiedad de las tierras y aguas comprendidas dentro de los l\u00edmites del territorio nacional, corresponde originariamente a la Naci\u00f3n<\/strong>, la cual ha tenido y tiene el derecho de transmitir el dominio de ellas a los particulares, constituyendo la propiedad privada.<\/p>\n\n\n\n<p class=\"wp-block-paragraph\">\u201cLas expropiaciones s\u00f3lo podr\u00e1n hacerse por causa de utilidad p\u00fablica y mediante indemnizaci\u00f3n.<\/p>\n\n\n\n<p class=\"wp-block-paragraph\">La naci\u00f3n tendr\u00e1 en todo tiempo el derecho de imponer a la propiedad privada las modalidades que dicte el inter\u00e9s p\u00fablico, as\u00ed como el de regular, en beneficio social, el aprovechamiento de los elementos naturales susceptibles de apropiaci\u00f3n, con objeto de hacer una distribuci\u00f3n equitativa de la riqueza p\u00fablica, cuidar de su conservaci\u00f3n, lograr el desarrollo equilibrado del pa\u00eds y el mejoramiento de las condiciones de vida de la poblaci\u00f3n rural y urbana (\u2026)\u201d.<\/p>\n\n\n\n<p class=\"wp-block-paragraph\">Y la Ley Minera que pretende reformar el licenciado presidente, con ese arrojo de patriota, igualito que los ministros y las ministras que aprobaron la Ley Bartlett, es la Ley Reglamentaria del 27 constitucional en cuyo art\u00edculo 10 del Cap\u00edtulo Segundo, relativo las concesiones, asignaciones y reservas mineras, establece con claridad;<\/p>\n\n\n\n<p class=\"wp-block-paragraph\"><strong>\u201cLa exploraci\u00f3n y explotaci\u00f3n de los minerales o sustancias a que se refiere el art\u00edculo 4, as\u00ed como de las salinas formadas directamente por las aguas marinas provenientes de mares actuales, superficial o subterr\u00e1neamente, de modo natural o artificial, y de las sales y subproductos de \u00e9stas, s\u00f3lo podr\u00e1 realizarse por personas f\u00edsicas de nacionalidad mexicana, ejidos y comunidades agrarias, pueblos y comunidades ind\u00edgenas a que se refiere el art\u00edculo 2o. Constitucional reconocidos como tales por las Constituciones y Leyes de las Entidades Federativas, y sociedades constituidas conforme a las leyes mexicanas, mediante concesiones mineras otorgadas por la Secretar\u00eda\u201d.<\/strong><\/p>\n\n\n\n<p class=\"wp-block-paragraph\">Este p\u00e1rrafo, fundamental porque incluye al litio, fue reformado en 2005. Peeero, el patriota San Andr\u00e9s Manuel aprovecha los d\u00edas de guardar para erigirse Patrono de los otros datos. \u00bfCu\u00e1les, Su Alteza Seren\u00edsima?<\/p>\n\n\n\n<p class=\"wp-block-paragraph\">\u00bfTiene usted alguna duda? He aqu\u00ed lo que cita el art\u00edculo 4 de la Ley Minera.<\/p>\n\n\n\n<p class=\"wp-block-paragraph\">\u201cArt\u00edculo 4. Son minerales o sustancias que en vetas, mantos, masas o yacimientos constituyen dep\u00f3sitos distintos de los componentes de los terrenos los siguientes:<\/p>\n\n\n\n<p class=\"wp-block-paragraph\">\u201cI. Minerales o sustancias de los que se extraigan antimonio, ars\u00e9nico, bario, berilio, bismuto, boro, bromo, cadmio, cesio, cobalto, cobre, cromo, escandio, esta\u00f1o, estroncio, fl\u00faor, f\u00f3sforo, galio, germanio, hafnio, hierro, indio, iridio, itrio,&nbsp;<strong>lant\u00e1nidos, litio, magnesio,<\/strong>&nbsp;manganeso, mercurio, molibdeno, niobio, n\u00edquel, oro, osmio, paladio, plata, platino, plomo, potasio, renio, rodio, rubidio, rutenio, selenio, sodio, talio, tantalio, telurio, titanio, tungsteno, vanadio, zinc, zirconio y yodo\u201d. Igual, es vigente desde 2005, cuando fue reformado.<\/p>\n\n\n\n<p class=\"wp-block-paragraph\">\u00bfEntonces? \u00bfPatriota due\u00f1o de los otros datos? Miente como respira, enga\u00f1a y blofea frente a todo el mundo. Y nadie le contradice, nadie, mucho menos la barra mercenaria que le arrima las preguntas para el lucimiento personal\u00edsimo.<\/p>\n\n\n\n<p class=\"wp-block-paragraph\">As\u00ed, en el tr\u00e1nsito de estos d\u00edas de guardar, no cabe duda de que Andr\u00e9s Manuel I se elev\u00f3 al nivel de Santo Patrono de los otros datos, tanos que le permiten despreciar recomendaciones, observaciones de organismos internacionales y acusarlos de ignorantes, cuando la ignorancia es la aureola con la que aparece coronado todas las ma\u00f1anas en el p\u00falpito presidencial para mentir.<\/p>\n\n\n\n<p class=\"wp-block-paragraph\">Tal es el caso de lo que la respetada y respetable colega Claudia Guerrero le pregunt\u00f3.<\/p>\n\n\n\n<p class=\"wp-block-paragraph\"><strong>&#8212;<\/strong>Presidente, ya, por \u00faltimo, quisiera preguntarle sobre el informe que present\u00f3 el Comit\u00e9 Contra la Desaparici\u00f3n Forzada, de la ONU. Est\u00e1 reportando que las desapariciones en M\u00e9xico se siguen incrementando, que se llevan a cabo por la delincuencia organizada, pero que hay participaci\u00f3n de las autoridades.<\/p>\n\n\n\n<p class=\"wp-block-paragraph\">Tambi\u00e9n hay un fen\u00f3meno reciente, preocupante, sobre el incremento de desapariciones de ni\u00f1as y adolescentes.<\/p>\n\n\n\n<p class=\"wp-block-paragraph\">\u00bfQu\u00e9 opina de este informe? \u00bfY c\u00f3mo responder\u00eda el Estado mexicano a las recomendaciones? Y si est\u00e1n pensando en alguna estrategia en particular para frenar este fen\u00f3meno\u2014pregunt\u00f3 Claudia.<\/p>\n\n\n\n<p class=\"wp-block-paragraph\"><strong>&#8212;<\/strong>Ya se est\u00e1 atendiendo lo de la recomendaci\u00f3n, lo est\u00e1 haciendo la Secretar\u00eda de Gobernaci\u00f3n, ayer incluso dieron a conocer un informe la Secretar\u00eda de Gobernaci\u00f3n, Alejandro Encinas\u2014respondi\u00f3 Su Alteza Seren\u00edsima.<\/p>\n\n\n\n<p class=\"wp-block-paragraph\"><strong>&#8212;<\/strong>Pero una de las recomendaciones es desmilitarizar la seguridad p\u00fablica. \u00bfUsted estar\u00eda dispuesto a dar este paso? \u2014enfatiz\u00f3 Claudia.<\/p>\n\n\n\n<p class=\"wp-block-paragraph\">Y entonces el cielo se abri\u00f3 y con el canto celestial y querubines al lado, el Santo Patrono de los otros datos, cuya aureola brill\u00f3 con tal intensidad de oropel de la Lagunilla, despach\u00f3 la en\u00e9sima mentira.<\/p>\n\n\n\n<p class=\"wp-block-paragraph\"><strong>&#8211;Ellos no tienen \u2013puntualiz\u00f3 San Andr\u00e9s&#8211; con todo respeto, toda la informaci\u00f3n, no est\u00e1n actuando con apego a la verdad (\u00bfmentirosos?)<\/strong>. Ya no es el tiempo de antes en que se usaba al Ej\u00e9rcito para reprimir o para rematar heridos, como se hac\u00eda en la \u00e9poca de Calder\u00f3n, o para desaparecer a personas, ya no es ese tiempo. Entonces, todo esto lo est\u00e1 aclarando Gobernaci\u00f3n.<\/p>\n\n\n\n<p class=\"wp-block-paragraph\"><strong>&#8212;<\/strong>Pero \u00bfalguna estrategia especial que pudieran poner en marcha? \u2014insisti\u00f3 Claudia.<\/p>\n\n\n\n<p class=\"wp-block-paragraph\">&#8211;La que est\u00e1 llevando a cabo la Secretar\u00eda de Gobernaci\u00f3n y el plan de b\u00fasqueda, que es de lo mejor del mundo en cuanto a profesionalismo, a trabajo y, algo que es muy importante, la honestidad. Y, desde luego, no hay impunidad\u2014presumi\u00f3 el licenciado presidente.<\/p>\n\n\n\n<p class=\"wp-block-paragraph\">Luego se sirvi\u00f3 con m\u00e1s de lo mismo. Juzgue usted:<\/p>\n\n\n\n<p class=\"wp-block-paragraph\">\u201cLa diferencia entre los gobiernos neoliberales y nosotros es que no permitimos nosotros, como ellos, la corrupci\u00f3n, no permitimos la impunidad. Y el ejemplo m\u00e1s claro, notorio, aunque se oculta por conveniencia, es lo que sucedi\u00f3 durante el gobierno de Calder\u00f3n (\u2026)\u201d. Y bla, bla, bla, bla.<\/p>\n\n\n\n<p class=\"wp-block-paragraph\">Y remat\u00f3:<\/p>\n\n\n\n<p class=\"wp-block-paragraph\">\u201cEntonces, esto hay que informarlo a la ONU, porque ellos no vieron nada de los abusos que se comet\u00edan, cr\u00edmenes de Estado durante el periodo neoliberal, hay que ponerlos al tanto de que ya es otra realidad y lo est\u00e1 haciendo la Secretar\u00eda de Gobernaci\u00f3n\u201d. \u00a1Sopas!<\/p>\n\n\n\n<p class=\"wp-block-paragraph\">Do you speak Spanish? Preguntar\u00eda a los funcionarios del Comit\u00e9 Contra la Desaparici\u00f3n Forzada, de la ONU, por aquello de entender el espa\u00f1ol de los otros datos del Duce quien, adem\u00e1s, gallito bravuc\u00f3n, los ret\u00f3:<\/p>\n\n\n\n<p class=\"wp-block-paragraph\">\u201cY ning\u00fan organismo internacional va a ponernos en el banquillo de los acusados si estamos actuando con legalidad, con humanismo, si no permitimos la corrupci\u00f3n, si no permitimos la impunidad. \u00bfQu\u00e9 pueden hacer? Nada. Inventar, eso s\u00ed\u201d.<\/p>\n\n\n\n<p class=\"wp-block-paragraph\">Su Alteza Seren\u00edsima en su \u00ednsula, due\u00f1o de M\u00e9xico, gu\u00eda y m\u00e1rtir de los pobres, pueblo bueno que, obligadamente, debe votar a favor de sus ocurrencias. No se hagan bolas, es Mal\u00e9fica con el espejo m\u00e1gico: espejo, espejo, \u00bfqui\u00e9n es el m\u00e1s ching\u00f3n de la pradera? \u00a1Aj\u00e1! \u00bfY el m\u00e1s falaz presidente en la historia patria? Digo.<\/p>\n\n\n\n<p class=\"wp-block-paragraph\"><a href=\"mailto:sanchezlimon@gmail.com\" target=\"_blank\" rel=\"noreferrer noopener\">sanchezlimon@gmail.com<\/a>&nbsp;&nbsp;&nbsp;<a href=\"http:\/\/www.entresemana.mx\/\" target=\"_blank\" rel=\"noreferrer noopener\">www.entresemana.mx<\/a>&nbsp;&nbsp;&nbsp;<strong>@msanchezlimon&nbsp;&nbsp; @msanchezlimon1<\/strong><\/p>\n","protected":false},"excerpt":{"rendered":"<p>\u00a1Caray! \u00bfQui\u00e9n asesora a Su Alteza Seren\u00edsima Andr\u00e9s Manuel I?<\/p>\n","protected":false},"author":3,"featured_media":15805,"comment_status":"open","ping_status":"open","sticky":false,"template":"","format":"standard","meta":{"_monsterinsights_skip_tracking":false,"footnotes":""},"categories":[693,105,83,35],"tags":[459],"class_list":["post-48505","post","type-post","status-publish","format-standard","has-post-thumbnail","category-693","category-entresemana","category-moises-sanchez-limon","category-opinion","tag-opinion"],"_links":{"self":[{"href":"https:\/\/redsemlac.com\/semmexico\/wp-json\/wp\/v2\/posts\/48505","targetHints":{"allow":["GET"]}}],"collection":[{"href":"https:\/\/redsemlac.com\/semmexico\/wp-json\/wp\/v2\/posts"}],"about":[{"href":"https:\/\/redsemlac.com\/semmexico\/wp-json\/wp\/v2\/types\/post"}],"author":[{"embeddable":true,"href":"https:\/\/redsemlac.com\/semmexico\/wp-json\/wp\/v2\/users\/3"}],"replies":[{"embeddable":true,"href":"https:\/\/redsemlac.com\/semmexico\/wp-json\/wp\/v2\/comments?post=48505"}],"version-history":[{"count":0,"href":"https:\/\/redsemlac.com\/semmexico\/wp-json\/wp\/v2\/posts\/48505\/revisions"}],"wp:featuredmedia":[{"embeddable":true,"href":"https:\/\/redsemlac.com\/semmexico\/wp-json\/wp\/v2\/media\/15805"}],"wp:attachment":[{"href":"https:\/\/redsemlac.com\/semmexico\/wp-json\/wp\/v2\/media?parent=48505"}],"wp:term":[{"taxonomy":"category","embeddable":true,"href":"https:\/\/redsemlac.com\/semmexico\/wp-json\/wp\/v2\/categories?post=48505"},{"taxonomy":"post_tag","embeddable":true,"href":"https:\/\/redsemlac.com\/semmexico\/wp-json\/wp\/v2\/tags?post=48505"}],"curies":[{"name":"wp","href":"https:\/\/api.w.org\/{rel}","templated":true}]}}