{"id":48495,"date":"2022-04-13T10:10:20","date_gmt":"2022-04-13T16:10:20","guid":{"rendered":"https:\/\/redsemlac.com\/semmexico\/?p=48495"},"modified":"2023-07-21T19:02:30","modified_gmt":"2023-07-22T00:02:30","slug":"la-compania-nacional-de-danza-despedira-a-la-primera-bailarina-agustina-galizzi-en-el-palacio-de-bellas-artes","status":"publish","type":"post","link":"https:\/\/redsemlac.com\/semmexico\/la-compania-nacional-de-danza-despedira-a-la-primera-bailarina-agustina-galizzi-en-el-palacio-de-bellas-artes\/","title":{"rendered":"La Compa\u00f1\u00eda Nacional de Danza despedir\u00e1 a la primera bailarina Agustina Galizzi en el Palacio de Bellas Artes"},"content":{"rendered":"\n<ul class=\"wp-block-list\"><li>Tras 22 a\u00f1os en la agrupaci\u00f3n del Inbal, se despedir\u00e1 con la interpretaci\u00f3n de \u00a1Esquina bajan!, de Nellie Happee, y de Impermanente, de Yazm\u00edn Barrag\u00e1n<\/li><li>Jueves 28 de abril a las 20:00 horas y s\u00e1bado 30 a las 13:00 y 17:00 horas<\/li><\/ul>\n\n\n\n<p class=\"wp-block-paragraph\">Redacci\u00f3n<\/p>\n\n\n\n<p class=\"wp-block-paragraph\">SemM\u00e9xico, Cd. de M\u00e9xico, 13 de abril, 2022.- Con la interpretaci\u00f3n de \u00a1Esquina bajan!, de Nellie Happee, la cual retrata la infancia de la core\u00f3grafa considerada uno de los pilares de la danza mexicana, y de Impermanente, de Yazm\u00edn Barrag\u00e1n, pieza realizada ex profeso para Agustina Galizzi, la primera bailarina de la Compa\u00f1\u00eda Nacional de Danza (CND) se despedir\u00e1 de los escenarios en el tercer programa de la temporada 2022 de la agrupaci\u00f3n del Instituto Nacional de Bellas Artes y Literatura (Inbal), en el marco de la estrategia #VolverAVerte de la Secretar\u00eda de Cultura federal.<\/p>\n\n\n\n<p class=\"wp-block-paragraph\">Las funciones ser\u00e1n el jueves 28 de abril a las 20:00 horas, y s\u00e1bado 30 a las 13:00 y 17:00, en la Sala Principal del Palacio de Bellas Artes. Los boletos se encuentran a la venta en las taquillas del recinto y a trav\u00e9s del sistema Ticketmaster.<\/p>\n\n\n\n<p class=\"wp-block-paragraph\">Galizzi, quien en enero pasado cumpli\u00f3 22 a\u00f1os de pertenecer a la CND, alcanz\u00f3 en 2009 la m\u00e1s alta categor\u00eda del ballet: primera bailarina. Originaria de Buenos Aires, Argentina, ingres\u00f3 a la agrupaci\u00f3n en 2000, tras egresar del Instituto Superior de Arte del Teatro Col\u00f3n.<\/p>\n\n\n\n<p class=\"wp-block-paragraph\">En 1995 obtuvo la Medalla de Plata en el Festival del Mercado Com\u00fan del Sur (Mercosur). En la Helsinki International Ballet Competition 2001, la prensa la calific\u00f3 como mejor int\u00e9rprete. Ha sido invitada a bailar al lado de artistas de trayectoria internacional en distintos festivales y galas de Argentina, Paraguay, Uruguay, Brasil, Ecuador, Chile y Estados Unidos.<\/p>\n\n\n\n<p class=\"wp-block-paragraph\">Entre los papeles m\u00e1s significativos que ha interpretado destacan los protag\u00f3nicos de obras como Carmen, Onegin, La fierecilla domada, Romeo y Julieta, Manon, Giselle, El lago de los cisnes y La s\u00edlfide y el escoc\u00e9s.<\/p>\n\n\n\n<p class=\"wp-block-paragraph\">Galizzi refiere que retirarse \u201cha sido una decisi\u00f3n dif\u00edcil de tomar, de soltar. Como todo ciclo, \u00e9ste tuvo un inicio y tendr\u00e1 un final. Para m\u00ed es un honor haberlo iniciado y ahora concluirlo bajo la direcci\u00f3n del maestro Cuauht\u00e9moc N\u00e1jera\u201d.<\/p>\n\n\n\n<p class=\"wp-block-paragraph\">Sobre el programa de su despedida, se\u00f1ala que lo interpretar\u00e1 como un regalo a M\u00e9xico. \u201cEscog\u00ed \u00a1Esquina bajan! porque la maestra Nellie ha sido una persona muy importante para m\u00ed y mi carrera, y porque es un ballet exclusivo de la Compa\u00f1\u00eda. Es puramente mexicano. Es lo m\u00ednimo que puedo hacer en agradecimiento a todo lo que me ha dado este pa\u00eds al que llegu\u00e9 con dos maletas y llena de sue\u00f1os\u201d, que se hicieron realidad a lo largo de m\u00e1s de dos d\u00e9cadas de entrega profesional, concluye.<\/p>\n\n\n\n<p class=\"wp-block-paragraph\">Habr\u00e1 un estricto apego a las medidas de protecci\u00f3n para artistas, trabajadores y asistentes, las cuales consisten en la instalaci\u00f3n de un filtro con tapete desinfectante, aplicaci\u00f3n de gel antibacterial, revisi\u00f3n de la temperatura que no rebase los 37.5\u00baC, uso obligatorio de cubreboca al momento del acceso y durante las funciones, y respeto a la sana distancia. El cambio de programaci\u00f3n est\u00e1 sujeto a las condiciones sanitarias establecidas por las autoridades de las secretar\u00edas de Salud y de Cultura federales.<\/p>\n","protected":false},"excerpt":{"rendered":"<p>Tras 22 a\u00f1os en la agrupaci\u00f3n del Inbal, se despedir\u00e1 con la interpretaci\u00f3n de \u00a1Esquina bajan!, de Nellie Happee, y de Impermanente, de Yazm\u00edn Barrag\u00e1n Jueves 28 de abril a las 20:00 horas y s\u00e1bado 30 a las 13:00 y 17:00 horas Redacci\u00f3n SemM\u00e9xico, Cd. de M\u00e9xico, 13 de abril, 2022.- Con la interpretaci\u00f3n de [&hellip;]<\/p>\n","protected":false},"author":3,"featured_media":48496,"comment_status":"open","ping_status":"open","sticky":false,"template":"","format":"standard","meta":{"_monsterinsights_skip_tracking":false,"footnotes":""},"categories":[693,45,46],"tags":[],"class_list":["post-48495","post","type-post","status-publish","format-standard","has-post-thumbnail","category-693","category-cultura","category-cultura-cultura"],"_links":{"self":[{"href":"https:\/\/redsemlac.com\/semmexico\/wp-json\/wp\/v2\/posts\/48495","targetHints":{"allow":["GET"]}}],"collection":[{"href":"https:\/\/redsemlac.com\/semmexico\/wp-json\/wp\/v2\/posts"}],"about":[{"href":"https:\/\/redsemlac.com\/semmexico\/wp-json\/wp\/v2\/types\/post"}],"author":[{"embeddable":true,"href":"https:\/\/redsemlac.com\/semmexico\/wp-json\/wp\/v2\/users\/3"}],"replies":[{"embeddable":true,"href":"https:\/\/redsemlac.com\/semmexico\/wp-json\/wp\/v2\/comments?post=48495"}],"version-history":[{"count":0,"href":"https:\/\/redsemlac.com\/semmexico\/wp-json\/wp\/v2\/posts\/48495\/revisions"}],"wp:featuredmedia":[{"embeddable":true,"href":"https:\/\/redsemlac.com\/semmexico\/wp-json\/wp\/v2\/media\/48496"}],"wp:attachment":[{"href":"https:\/\/redsemlac.com\/semmexico\/wp-json\/wp\/v2\/media?parent=48495"}],"wp:term":[{"taxonomy":"category","embeddable":true,"href":"https:\/\/redsemlac.com\/semmexico\/wp-json\/wp\/v2\/categories?post=48495"},{"taxonomy":"post_tag","embeddable":true,"href":"https:\/\/redsemlac.com\/semmexico\/wp-json\/wp\/v2\/tags?post=48495"}],"curies":[{"name":"wp","href":"https:\/\/api.w.org\/{rel}","templated":true}]}}