{"id":48472,"date":"2022-04-12T14:22:43","date_gmt":"2022-04-12T20:22:43","guid":{"rendered":"https:\/\/redsemlac.com\/semmexico\/?p=48472"},"modified":"2023-07-21T19:02:30","modified_gmt":"2023-07-22T00:02:30","slug":"califican-de-machista-la-imagen-de-la-copa-america-femenina","status":"publish","type":"post","link":"https:\/\/redsemlac.com\/semmexico\/califican-de-machista-la-imagen-de-la-copa-america-femenina\/","title":{"rendered":"Califican de machista la imagen de la Copa Am\u00e9rica Femenina"},"content":{"rendered":"\n<ul class=\"wp-block-list\"><li><strong> \u201cAlma\u201d es una perra atrevida e irreverente dice Conmebol<\/strong><\/li><\/ul>\n\n\n\n<ul class=\"wp-block-list\"><li><strong>El t\u00e9rmino \u201cperra\u201d se ha utilizado hist\u00f3ricamente para despreciar a las mujeres<\/strong><\/li><\/ul>\n\n\n\n<p class=\"wp-block-paragraph\"><strong>Lizbeth \u00c1lvarez Mart\u00ednez.&nbsp;<\/strong><\/p>\n\n\n\n<p class=\"wp-block-paragraph\">SemM\u00e9xico, Cd. de M\u00e9xico, 12 de abril, 2022.- En el sorteo de la Copa Am\u00e9rica femenina Colombia 2022 fue presentada de manera oficial la mascota del campeonato llamada Alma, cuya imagen es una perra, con caracter\u00edsticas de atrevida e irreverente, de acuerdo al comunicado de la Conmebol (Copa Am\u00e9rica Femenina), lo que desat\u00f3 la pol\u00e9mica al ser considerada como una imagen machista.<\/p>\n\n\n\n<p class=\"wp-block-paragraph\">De acuerdo con la Conmebol, se menciona que Alma se declara muy fan\u00e1tica del f\u00fatbol, tanto dentro como fuera de la cancha y adem\u00e1s es muy competitiva. Su personalidad amigable le permite hacer amistades en todos lados y hace que todos quieran jugar con ella. As\u00ed, va contagiando su pasi\u00f3n por el f\u00fatbol y logrando que la Conmebol llegue cada vez a m\u00e1s fan\u00e1ticos.<\/p>\n\n\n\n<h2 class=\"wp-block-heading\" id=\"imagen-machista\"><strong>Imagen machista<\/strong><\/h2>\n\n\n\n<p class=\"wp-block-paragraph\">Sin embargo, este anuncio caus\u00f3 la pol\u00e9mica en las redes sociales por el tipo de animal para representar a las mujeres porque es machista.<\/p>\n\n\n\n<p class=\"wp-block-paragraph\">Y es que, el t\u00e9rmino \u201cperra\u201d se ha utilizado hist\u00f3ricamente para despreciar a las mujeres, por lo que muchos usuarios y usuarias de las redes sociales consideran que la Conmebol est\u00e1, de alguna manera, menospreciando a las mujeres y reforzando estereotipos negativos contra ellas.<\/p>\n\n\n\n<figure class=\"wp-block-gallery has-nested-images columns-1 is-cropped wp-block-gallery-1 is-layout-flex wp-block-gallery-is-layout-flex\">\n<figure class=\"wp-block-image size-large\"><a href=\"https:\/\/redsemlac.com\/semmexico\/wp-content\/uploads\/2022\/04\/Captura-de-pantalla-2022-04-12-a-las-15.06.14.png\"><img loading=\"lazy\" decoding=\"async\" width=\"518\" height=\"149\" data-id=\"48473\" src=\"https:\/\/redsemlac.com\/semmexico\/wp-content\/uploads\/2022\/04\/Captura-de-pantalla-2022-04-12-a-las-15.06.14.png\" alt=\"\" class=\"wp-image-48473\"\/><\/a><\/figure>\n\n\n\n<figure class=\"wp-block-image size-large\"><a href=\"https:\/\/redsemlac.com\/semmexico\/wp-content\/uploads\/2022\/04\/Captura-de-pantalla-2022-04-12-a-las-15.06.43.png\"><img loading=\"lazy\" decoding=\"async\" width=\"681\" height=\"466\" data-id=\"48475\" src=\"https:\/\/redsemlac.com\/semmexico\/wp-content\/uploads\/2022\/04\/Captura-de-pantalla-2022-04-12-a-las-15.06.43.png\" alt=\"\" class=\"wp-image-48475\"\/><\/a><\/figure>\n\n\n\n<figure class=\"wp-block-image size-large\"><a href=\"https:\/\/redsemlac.com\/semmexico\/wp-content\/uploads\/2022\/04\/Captura-de-pantalla-2022-04-12-a-las-15.06.56.png\"><img loading=\"lazy\" decoding=\"async\" width=\"676\" height=\"671\" data-id=\"48478\" src=\"https:\/\/redsemlac.com\/semmexico\/wp-content\/uploads\/2022\/04\/Captura-de-pantalla-2022-04-12-a-las-15.06.56.png\" alt=\"\" class=\"wp-image-48478\"\/><\/a><\/figure>\n\n\n\n<figure class=\"wp-block-image size-large\"><a href=\"https:\/\/redsemlac.com\/semmexico\/wp-content\/uploads\/2022\/04\/Captura-de-pantalla-2022-04-12-a-las-15.07.24.png\"><img loading=\"lazy\" decoding=\"async\" width=\"660\" height=\"402\" data-id=\"48474\" src=\"https:\/\/redsemlac.com\/semmexico\/wp-content\/uploads\/2022\/04\/Captura-de-pantalla-2022-04-12-a-las-15.07.24.png\" alt=\"\" class=\"wp-image-48474\"\/><\/a><\/figure>\n\n\n\n<figure class=\"wp-block-image size-large\"><a href=\"https:\/\/redsemlac.com\/semmexico\/wp-content\/uploads\/2022\/04\/WhatsApp-Image-2022-04-12-at-3.11.39-PM.jpeg\"><img decoding=\"async\" data-id=\"48476\" src=\"https:\/\/redsemlac.com\/semmexico\/wp-content\/uploads\/2022\/04\/WhatsApp-Image-2022-04-12-at-3.11.39-PM-1024x762.jpeg\" alt=\"\" class=\"wp-image-48476\"\/><\/a><\/figure>\n\n\n\n<figure class=\"wp-block-image size-large\"><a href=\"https:\/\/redsemlac.com\/semmexico\/wp-content\/uploads\/2022\/04\/WhatsApp-Image-2022-04-12-at-3.11.53-PM.jpeg\"><img decoding=\"async\" data-id=\"48477\" src=\"https:\/\/redsemlac.com\/semmexico\/wp-content\/uploads\/2022\/04\/WhatsApp-Image-2022-04-12-at-3.11.53-PM-879x1024.jpeg\" alt=\"\" class=\"wp-image-48477\"\/><\/a><\/figure>\n<\/figure>\n\n\n\n<p class=\"wp-block-paragraph\">Al finalizar el comunicado de la Conmebol, menciona que en los pr\u00f3ximos d\u00edas sabremos m\u00e1s sobre Alma, a quien la veremos en Colombia acompa\u00f1ando cada partido durante la CONMEBOL Copa Am\u00e9rica Femenina que se disputar\u00e1 del 8 al 30 de julio en Cali, Armenia y Bucaramanga. Con Alma llegaremos a cada rinc\u00f3n de Sudam\u00e9rica, y mostraremos desde sus estadios hasta la intimidad del torneo y sus jugadoras.<\/p>\n\n\n\n<p class=\"wp-block-paragraph\">SEM\/lam\/sj<\/p>\n","protected":false},"excerpt":{"rendered":"<p> \u201cAlma\u201d es una perra atrevida e irreverente dice Conmebol<\/p>\n","protected":false},"author":3,"featured_media":48479,"comment_status":"open","ping_status":"open","sticky":false,"template":"","format":"standard","meta":{"_monsterinsights_skip_tracking":false,"footnotes":""},"categories":[693,54],"tags":[],"class_list":["post-48472","post","type-post","status-publish","format-standard","has-post-thumbnail","category-693","category-mujeres"],"_links":{"self":[{"href":"https:\/\/redsemlac.com\/semmexico\/wp-json\/wp\/v2\/posts\/48472","targetHints":{"allow":["GET"]}}],"collection":[{"href":"https:\/\/redsemlac.com\/semmexico\/wp-json\/wp\/v2\/posts"}],"about":[{"href":"https:\/\/redsemlac.com\/semmexico\/wp-json\/wp\/v2\/types\/post"}],"author":[{"embeddable":true,"href":"https:\/\/redsemlac.com\/semmexico\/wp-json\/wp\/v2\/users\/3"}],"replies":[{"embeddable":true,"href":"https:\/\/redsemlac.com\/semmexico\/wp-json\/wp\/v2\/comments?post=48472"}],"version-history":[{"count":0,"href":"https:\/\/redsemlac.com\/semmexico\/wp-json\/wp\/v2\/posts\/48472\/revisions"}],"wp:featuredmedia":[{"embeddable":true,"href":"https:\/\/redsemlac.com\/semmexico\/wp-json\/wp\/v2\/media\/48479"}],"wp:attachment":[{"href":"https:\/\/redsemlac.com\/semmexico\/wp-json\/wp\/v2\/media?parent=48472"}],"wp:term":[{"taxonomy":"category","embeddable":true,"href":"https:\/\/redsemlac.com\/semmexico\/wp-json\/wp\/v2\/categories?post=48472"},{"taxonomy":"post_tag","embeddable":true,"href":"https:\/\/redsemlac.com\/semmexico\/wp-json\/wp\/v2\/tags?post=48472"}],"curies":[{"name":"wp","href":"https:\/\/api.w.org\/{rel}","templated":true}]}}