{"id":48407,"date":"2022-04-11T11:15:21","date_gmt":"2022-04-11T17:15:21","guid":{"rendered":"https:\/\/redsemlac.com\/semmexico\/?p=48407"},"modified":"2023-07-21T19:02:32","modified_gmt":"2023-07-22T00:02:32","slug":"alfa-omega-el-presidente-desconoce-viola-y-vulnera-la-legalidad","status":"publish","type":"post","link":"https:\/\/redsemlac.com\/semmexico\/alfa-omega-el-presidente-desconoce-viola-y-vulnera-la-legalidad\/","title":{"rendered":"Alfa Omega| El Presidente Desconoce, Viola y Vulnera la Legalidad"},"content":{"rendered":"\n<p class=\"wp-block-paragraph\"><strong>Jorge Herrera Valenzuela<\/strong><\/p>\n\n\n\n<p class=\"has-text-align-right wp-block-paragraph\"><strong><em>Contesta El Abogado, Acad\u00e9mico y Notario Morales Lechuga<\/em><\/strong><\/p>\n\n\n\n<p class=\"wp-block-paragraph\">SemM\u00e9xico, Cd. de M\u00e9xico, 11 de abril, 2022.- Durante las \u00faltimas semanas, sobre todo en las dos iniciales de abril, hemos presenciado, le\u00eddo y escuchado noticias relacionadas con actos, eventos y declaraciones que son, sin argumento en contra, violatorias a la Constituci\u00f3n Pol\u00edtica y a las Leyes que de ella emanan, as\u00ed los funcionarios p\u00fablicos abandonan sus funciones, marginando los reglamentos aprobados por ellos mismos, para dedicar el tiempo a promover una \u201cconsulta popular\u201d ordenada por el Presidente de la Rep\u00fablica.<\/p>\n\n\n\n<p class=\"wp-block-paragraph\">Emulando a los gobernantes de Venezuela y de Bolivia, el tabasque\u00f1o que vive, no paga renta y despacha en Palacio Nacional, dispuso reformas constitucionales para crear \u201c<strong>la revocaci\u00f3n de mandato<\/strong>\u201d. Esta debi\u00f3 ser acci\u00f3n emprendida por la ciudadan\u00eda y organizada, realizada y calificada por el Instituto Nacional Electoral y, en su caso, conocida por los magistrados del Tribunal Electoral del Poder Judicial de la Federaci\u00f3n.<\/p>\n\n\n\n<p class=\"wp-block-paragraph\">Sin embargo, empezando por el Presidente de la Rep\u00fablica, funcionarios federales, estatales, municipales, legisladores y, por primera vez en la historia, hasta los militares han participado en m\u00edtines \u2013\u201casambleas informativas\u201d\u2014para invitar a mujeres y a hombres para que este <strong>Domingo 10 de Abril<\/strong> por escrito opinen si el hijo de Macuspana debe o no seguir en el mandato presidencial.<\/p>\n\n\n\n<p class=\"wp-block-paragraph\">Hasta ahora nadie le ha dicho \u201cvete\u201d, simplemente porque fue electo en julio de 2018 y el 1 de diciembre, de ese mismo a\u00f1o, &nbsp;asumi\u00f3 el poder, plenamente consciente, para gobernar por 6 a\u00f1os. Con toda premeditaci\u00f3n, alevos\u00eda y ventaja, desde su sexta campa\u00f1a (dos para gobernador, una en el D. F. y tres presidenciales) habl\u00f3 de que a la mitad del sexenio proceder\u00eda a \u201cla consulta\u201d,&nbsp; de si continuaba o no. &nbsp;Los culpables de una violaci\u00f3n, clara y concreta, a la Constituci\u00f3n, son los integrantes del Congreso de la Uni\u00f3n que aprobaron el capricho u ocurrencia.<\/p>\n\n\n\n<h2 class=\"wp-block-heading\" id=\"angustia-y-desesperacion\"><strong>Angustia y desesperaci\u00f3n<\/strong><\/h2>\n\n\n\n<p class=\"wp-block-paragraph\">A tres a\u00f1os de que en la C\u00e1mara de Diputados se aprob\u00f3 el dictamen relacionado con \u201cla revocaci\u00f3n de mandato\u201d, a instancia y petici\u00f3n personal del Presidente de M\u00e9xico. Ell equipo del tabasque\u00f1o est\u00e1 sudando la gota gorda. No hay un solo funcionario que no est\u00e9 en la calle llamando, invitando, a la gente para que acuda a cualquiera de las 57,517 casillas que instalar\u00e1 el INE. Morena por su parte pondr\u00e1 \u201cmesas receptoras\u201d, por orden de ya saben qui\u00e9n.<\/p>\n\n\n\n<p class=\"wp-block-paragraph\">Desde el comienzo de esta campa\u00f1a, sacudir al pa\u00eds es la prioridad n\u00famero&nbsp; uno para el inquilino de Palacio Nacional, En su programa televisivo \u201cLa Ma\u00f1anera\u201d, en sus recorridos semanales por los Estados y en todo espacio que encuentra solo habla de que todos \u201cparticipen en este ejercicio democr\u00e1tico\u201d. Las manifestaciones en contra aumentaron, &nbsp;el domingo pasado, en las ciudades capitales de casi todo el pa\u00eds. A los que protestaron en las calles y convocaron a no ir a las casillas, los chairos afirmaron que se trata de \u201cgente pagada\u201d.<\/p>\n\n\n\n<p class=\"wp-block-paragraph\">La pregunta obligada: \u201clas &nbsp;manifestaciones a favor del mandato, la colocaci\u00f3n de espectaculares con la foto del tabasque\u00f1o, las mantas convocando a votar y los cartelones impresos, qui\u00e9n o qui\u00e9nes los pagaron? En la Ciudad de M\u00e9xico trascendi\u00f3 que un contratista del gobierno de Claudia Sheinbaum Pardo, es el mecenas. El acarreo de \u201csimpatizantes\u201d tambi\u00e9n tiene un costo.<\/p>\n\n\n\n<p class=\"wp-block-paragraph\">La desesperaci\u00f3n y la angustia est\u00e1n a simple vista. Necesitan conseguir el 40 por ciento de participantes, del Padr\u00f3n Electoral. 37 millones de ciudadanos, mujeres y hombres, deben de dar su opini\u00f3n, pues no es voto; se trata de una consulta; no se va a elegir a una persona. En las fotos period\u00edsticas y en los videos de noticias, siempre, en los templetes, aparecen las mismas personas. Son &nbsp;colaboradores del gobierno, funcionarios de medio pelo y legisladores. Adem\u00e1s \u201cdel pueblo espont\u00e1neo\u201d..<\/p>\n\n\n\n<h2 class=\"wp-block-heading\" id=\"hasta-los-militares-entran\"><strong>Hasta los militares entran<\/strong><\/h2>\n\n\n\n<p class=\"wp-block-paragraph\">Hace ya un largo trecho que en la pol\u00edtica mexicana los militares no figuraban. Hoy su participaci\u00f3n es en todos los campos, no hay actividad que est\u00e9 en mejores manos que las de soldados y marinos, de acuerdo con el Presidente de M\u00e9xico. El mismo general de 4 estrellas, el secretario de la Defensa Nacional, se ha declarado abiertamente soldado de la llamada cuarta transformaci\u00f3n.<\/p>\n\n\n\n<p class=\"wp-block-paragraph\">Fue utilizado un avi\u00f3n de la Guardia Nacional para trasladar a un grupo encabezado por el titular de la Secretar\u00eda de Gobernaci\u00f3n, <strong>Ad\u00e1n Augusto L\u00f3pez Hern\u00e1ndez<\/strong> para asistir los m\u00edtines en Torre\u00f3n y en Hermosillo. El encargado de la pol\u00edtica interior del pa\u00eds, despu\u00e9s los eventos, al ser entrevistado por la prensa, se mof\u00f3 de los consejeros del INE, y dijo que no le preocupan las sanciones &nbsp;porque \u201cal fin ya se van a ir\u201d. Despu\u00e9s en Palacio Nacional lo justificaron, argumentando que \u201candaba en asuntos de la seguridad, que son de su competencia\u201d. \u00bfPor qu\u00e9 no acude a donde siguen las masacres?<\/p>\n\n\n\n<p class=\"wp-block-paragraph\">Las versiones period\u00edsticas revelaron con nombres y apellidos, adem\u00e1s de sus cargos en el gobierno, a los jefes militares que tambi\u00e9n andan en la campa\u00f1a pro mandato de revocaci\u00f3n. El subdirector de Seguridad P\u00fablica, de apellido Mej\u00eda pidi\u00f3 licencia go para entrar a la tarea pol\u00edtica y de paso iniciar su precampa\u00f1a para gobernador. Los problemas de la seguridad nacional casi est\u00e1n resueltos y do\u00f1a Rosa Icela puede solita con los de Zacatecas, Guanajuato, Guerrero, Tamaulipas, Michoac\u00e1n y anexas.<\/p>\n\n\n\n<h2 class=\"wp-block-heading\" id=\"loret-de-mola-y-su-publicista\"><strong>Loret de Mola y su publicist<\/strong>a<\/h2>\n\n\n\n<p class=\"wp-block-paragraph\">Abuelo, padre y nieto. Tres generaciones en el periodismo mexicano. Dos de ellos estuvieron activos en la pol\u00edtica. De este tr\u00edo, el nieto est\u00e1 en la mente del inquilino de Palacio Nacional. A partir del momento en que se revel\u00f3 la vida de lujo de <strong>Jos\u00e9 Ram\u00f3n L\u00f3pez Beltr\u00e1n, <\/strong>su poderoso pap\u00e1 aument\u00f3 los ataques a Carlos Loret Mola \u00c1lvarez. Nada m\u00e1s que sus \u201corejas\u201d no recaban los datos que apunten hacia la corrupci\u00f3n del periodista.<\/p>\n\n\n\n<p class=\"wp-block-paragraph\">Conoc\u00ed a Loret de Loma Mediz, director del noticiero cinematogr\u00e1fico, producido en el Distrito y difundido internacionalmente, titulado <strong>Espa\u00f1a-M\u00e9xico-Argentina, Noticiero EMA. <\/strong>En Radio F\u00f3rmula (970) compart\u00ed cr\u00e9ditos con&nbsp; su hijo Rafael, en el noticiero \u201cSeis en Punto\u201d. Al nieto solo una vez lo he visto, en el Aeropuerto Internacional de la Ciudad de M\u00e9xico.<\/p>\n\n\n\n<p class=\"wp-block-paragraph\"><strong>Carlos Loret de Mola Mediz<\/strong>, que me fue presentado por don Fernando Marcos, muri\u00f3 en un accidente automovil\u00edstico. <strong>Rafael Loret de Mola Vadillo<\/strong>, escritor, analista pol\u00edtico, autor de libros sobre sucesos pol\u00edticos y magn\u00edfico amigo. <strong>Carlos Loret de Mola \u00c1lvarez, <\/strong>reportero diarista, columnista, cr\u00edtico period\u00edstico y \u201ccliente\u201d del Presidente de M\u00e9xico, cuya publicidad jam\u00e1s pens\u00f3 tener el yucateco de 45 a\u00f1os de edad.<\/p>\n\n\n\n<p class=\"wp-block-paragraph\">El pleito que inici\u00f3 el tabasque\u00f1o contra el reportero y conductor de noticieros, creo que tiene su origen en las entrevistas que tuvieron en el programa televisivo \u201cTercer Grado\u201d. Le preocupa al Presidente de M\u00e9xico cu\u00e1nto gana mensualmente Carlos, qu\u00e9 bienes tiene, adem\u00e1s de calificarlo con todos los ep\u00edtetos que se le ocurren. No mide sus difamaciones y dispara contra todo lo que considera es un conservador, un fif\u00ed, un neoliberal, un enemigo del pueblo. Luego se disculpa, como con los banqueros.<\/p>\n\n\n\n<p class=\"wp-block-paragraph\">Hace unas semanas en un video, escuch\u00e9 a Rafael interviniendo en defensa de su v\u00e1stago y fue certero al afirmar: \u201c<strong>Recuerda que tu dejar\u00e1s de ser presidente y nosotros seguiremos siendo periodistas<\/strong>\u201d.<\/p>\n\n\n\n<p class=\"wp-block-paragraph\">El pasado mi\u00e9rcoles en su programa televisivo \u201cLa Ma\u00f1anera\u201d, el de Macuspana, la emprendi\u00f3 contra Carlos porque \u201cse dice\u201d que es due\u00f1o de un departamento por el que pag\u00f3 24 millones de pesos y tiene un extenso terreno en Valle de Bravo de M\u00e9xico. Sali\u00f3 a relucir el nombre del jurista, acad\u00e9mico, exrector de la Escuela Libre de Derecho, <strong>Ignacio R. Morales Lechuga<\/strong>, por su intervenci\u00f3n como Notario P\u00fablico en los asuntos jur\u00eddicos y legales de su cliente Carlos Loret de Mola \u00c1lvarez.<\/p>\n\n\n\n<p class=\"wp-block-paragraph\">Ante la imposibilidad de revelar datos sobre los negocios que atiende el Notario P\u00fablico, el exprocurador de justicia en el Distrito Federal y en la General de la Rep\u00fablica, manifest\u00f3 el mismo mi\u00e9rcoles: \u201cLa Ley de Notar\u00edas de la Ciudad de M\u00e9xico exige atender con imparcialidad, probidad y legalidad en el marco constitucional de derechos de la legalidad,<strong><em> misma que el presidente, d\u00eda a d\u00eda, desconoce, viola y vulnera<\/em><\/strong>\u201d<strong><em>.<\/em><\/strong><\/p>\n\n\n\n<h2 class=\"wp-block-heading\" id=\"el-aifa-sin-servicio-nocturno\"><strong>El AIFA sin servicio nocturno<\/strong><\/h2>\n\n\n\n<p class=\"wp-block-paragraph\">Lo que vivi\u00f3 una pasajera al llegar de Guadalajara al <strong>Aeropuerto Internacional Felipe \u00c1ngeles<\/strong>, la noche del mi\u00e9rcoles pasado, es digno de una en\u00e9rgica protesta y llamada de atenci\u00f3n, por el peligro, molestia y terror por el abandono de servicios para los viajeros. La denunciante dijo haber padecido angustia y desesperaci\u00f3n al no encontrar transportaci\u00f3n para salir del AIFA (hay quien lo llama CAIFAN, Central Avionera Felipe \u00c1ngeles).<\/p>\n\n\n\n<p class=\"wp-block-paragraph\">Los turistas, a horas de la noche, arrastrando y cargando maletas, encontraron a un trabajador de la construcci\u00f3n y \u00e9l les orient\u00f3 para ir a la terminal del \u201cmexibus\u201d o viajar en una combi. Tambi\u00e9n ese alba\u00f1il les dijo que tuvieran cuidado porque los asaltos, por esos rumbos, son frecuentes.<\/p>\n\n\n\n<p class=\"wp-block-paragraph\">&nbsp;\u201cEntre empujones, dimes y diretes, llegamos a la Estaci\u00f3n Ciudad Azteca, del Metro\u201d, coment\u00f3 la viajera. Despu\u00e9s de muchas peripecias, coment\u00f3 (plenamente identificada): \u201csalt\u00e9 de alegr\u00eda cuando vi, Metro direcci\u00f3n Universidad\u201d. Cuatro horas tard\u00f3 en llegar a su casa.<\/p>\n\n\n\n<p class=\"wp-block-paragraph\">Otro se\u00f1alamiento que hizo la atormentada pasajera fue que no se permite que haya servicio de Uber u otras compa\u00f1\u00edas de transportaci\u00f3n. Los taxis que daban servicio, fueron ocupados inmediatamente. La tarifa: 1,000 pesos a la Ciudad de M\u00e9xico. En la terminal de la central avionera no hay cajeros y el pago a los choferes debe ser en efectivo.<\/p>\n\n\n\n<p class=\"wp-block-paragraph\">La pregunta es muy simple: \u00bfQui\u00e9n es la autoridad en ese aeropuerto? La administraci\u00f3n est\u00e1 a cargo de los militares, pero tambi\u00e9n los civiles de la Secretar\u00eda de Infraestructura y Comunicaciones tienen injerencia en la terminal.<\/p>\n\n\n\n<h2 class=\"wp-block-heading\" id=\"amenazan-a-deportistas\"><strong>Amenazan a deportistas<\/strong><\/h2>\n\n\n\n<p class=\"wp-block-paragraph\">Sin duda que las redes sociales, un medio donde hay absoluta libertad de expresi\u00f3n, se cometen delitos y deseo que los polic\u00edas investigadores encargados de esa rama cibern\u00e9tica, pongan un alto a los sinverg\u00fcenzas que no reparan en lanzar amenazas de muerte e insultos a las personas. Uno de los casos fue publicado, el pasado viernes 8, en la secci\u00f3n deportiva del diario Reforma.<\/p>\n\n\n\n<p class=\"wp-block-paragraph\">Tres v\u00edctimas de los malandrines son los j\u00f3venes clavadistas ol\u00edmpicos que, a ra\u00edz de su participaci\u00f3n en los Juegos Ol\u00edmpicos Tokio 2020, por no clasificar, a trav\u00e9s de las redes sociales reciben todo tipo de insultos y amenazas.<\/p>\n\n\n\n<p class=\"wp-block-paragraph\"><strong>Arantxa Ch\u00e1vez, Joanna Jim\u00e9nez y Diego Balleza,<\/strong> relataron lo que les tiene preocupados. Temen por sus vidas y las familias intranquilas ante tal situaci\u00f3n, demandan la intervenci\u00f3n de las autoridades correspondientes.<\/p>\n\n\n\n<p class=\"wp-block-paragraph\">&nbsp;Arantxa declar\u00f3 que recibe \u201cataques, memes y tik toks relacionados con no clasificar en la prueba y eso fue mucho impacto en m\u00ed\u201d. Meses antes del evento, muri\u00f3 el pap\u00e1 de la clavadista y eso tambi\u00e9n influye en su des\u00e1nimo.<\/p>\n\n\n\n<p class=\"wp-block-paragraph\">Joanna es una medallista panamericana que ha superado mucho la discriminaci\u00f3n que sufre desde peque\u00f1a. Logr\u00f3 que su esfuerzo la lleve adelante, esperando no ser blanco de comentarios negativos ni memes. Diego qued\u00f3 en cuarto lugar en plataforma de 10 metros y eso motiva a sus adversarios a lanzarle amenazas de muerte.<\/p>\n\n\n\n<p class=\"wp-block-paragraph\"><strong>jherrerav@live.com.mx<\/strong><\/p>\n","protected":false},"excerpt":{"rendered":"<p>Durante las \u00faltimas semanas, sobre todo en las dos iniciales de abril, hemos presenciado, le\u00eddo y escuchado noticias relacionadas con actos, eventos y declaraciones que son, sin argumento en contra, violatorias a la Constituci\u00f3n Pol\u00edtica<\/p>\n","protected":false},"author":3,"featured_media":7843,"comment_status":"open","ping_status":"open","sticky":false,"template":"","format":"standard","meta":{"_monsterinsights_skip_tracking":false,"footnotes":""},"categories":[693,94,35],"tags":[459],"class_list":["post-48407","post","type-post","status-publish","format-standard","has-post-thumbnail","category-693","category-jorge-herrera-valenzuela","category-opinion","tag-opinion"],"_links":{"self":[{"href":"https:\/\/redsemlac.com\/semmexico\/wp-json\/wp\/v2\/posts\/48407","targetHints":{"allow":["GET"]}}],"collection":[{"href":"https:\/\/redsemlac.com\/semmexico\/wp-json\/wp\/v2\/posts"}],"about":[{"href":"https:\/\/redsemlac.com\/semmexico\/wp-json\/wp\/v2\/types\/post"}],"author":[{"embeddable":true,"href":"https:\/\/redsemlac.com\/semmexico\/wp-json\/wp\/v2\/users\/3"}],"replies":[{"embeddable":true,"href":"https:\/\/redsemlac.com\/semmexico\/wp-json\/wp\/v2\/comments?post=48407"}],"version-history":[{"count":0,"href":"https:\/\/redsemlac.com\/semmexico\/wp-json\/wp\/v2\/posts\/48407\/revisions"}],"wp:featuredmedia":[{"embeddable":true,"href":"https:\/\/redsemlac.com\/semmexico\/wp-json\/wp\/v2\/media\/7843"}],"wp:attachment":[{"href":"https:\/\/redsemlac.com\/semmexico\/wp-json\/wp\/v2\/media?parent=48407"}],"wp:term":[{"taxonomy":"category","embeddable":true,"href":"https:\/\/redsemlac.com\/semmexico\/wp-json\/wp\/v2\/categories?post=48407"},{"taxonomy":"post_tag","embeddable":true,"href":"https:\/\/redsemlac.com\/semmexico\/wp-json\/wp\/v2\/tags?post=48407"}],"curies":[{"name":"wp","href":"https:\/\/api.w.org\/{rel}","templated":true}]}}