{"id":48374,"date":"2022-04-09T15:16:10","date_gmt":"2022-04-09T21:16:10","guid":{"rendered":"https:\/\/redsemlac.com\/semmexico\/?p=48374"},"modified":"2023-07-21T19:02:33","modified_gmt":"2023-07-22T00:02:33","slug":"mujer-y-poder-no-habra-urnas-vacias","status":"publish","type":"post","link":"https:\/\/redsemlac.com\/semmexico\/mujer-y-poder-no-habra-urnas-vacias\/","title":{"rendered":"Mujer y Poder| \u00a1No Habr\u00e1 Urnas Vac\u00edas!"},"content":{"rendered":"\n<p class=\"wp-block-paragraph\">Natalia Vidales de Bitterlin<\/p>\n\n\n\n<p class=\"wp-block-paragraph\">SemM\u00e9xico, Hermosillo, Sonora, 9 de abril, 2022.- El autoritarismo del presidente se ha exacerbado en los \u00faltimos d\u00edas.<\/p>\n\n\n\n<p class=\"wp-block-paragraph\">Ha dejado ver se\u00f1ales claras y precisas de no aceptar un estado democr\u00e1tico, llegando a grado tal de decirles, textualmente, a los ministros de la Suprema Corte que \u201cNo me vengan con ese cuento de que la ley es la ley\u201d.&nbsp;<\/p>\n\n\n\n<p class=\"wp-block-paragraph\">Especial importancia revisten sus palabras, as\u00ed como las acciones emprendidas en contra del Instituto Nacional Electoral (INE) a quien ha tratado de desprestigiar para ir por el camino que ya nos ha anunciado: su destrucci\u00f3n para sustituirla por otra, similar a la que exist\u00eda en el pasado, donde el propio gobierno contaba con el poder para la selecci\u00f3n de los consejeros.<\/p>\n\n\n\n<p class=\"wp-block-paragraph\">De suceder lo anterior\u2026al traste se ir\u00eda el esfuerzo de a\u00f1os para lograr elecciones limpias, confiables, de credibilidad.<\/p>\n\n\n\n<p class=\"wp-block-paragraph\">El desprecio a las leyes por parte del presidente ha sido una constante en su gobierno, y hoy de nuevo se encapricha en hacer su voluntad en el pr\u00f3ximo proceso de Revocaci\u00f3n de Mandato, al ignorar y pisotear las leyes que los propios miembros de MORENA aprobaron en el Congreso y que ahora pretenden cambiar.&nbsp; Y ello es lo que ha desatado este feroz ataque a Lorenzo C\u00f3rdova, como castigo a las medidas cautelares que el titular del INE ha dictado para que la propaganda, desde el gobierno y con dinero del erario y recursos p\u00fablicos&nbsp;&nbsp;&nbsp; a favor de L\u00f3pez Obrador -y lo cual est\u00e1 prohibido-&nbsp; &nbsp;cese y los m\u00e1s de 600 espectaculares promocionales con el #que sigaAMLO y con una foto suya monumental y dem\u00e1s carteles y anuncios que se han instalado a lo largo y ancho del pa\u00eds, se retiren.<\/p>\n\n\n\n<p class=\"wp-block-paragraph\">El titular del INE solo ha hecho lo que le corresponde: vigilar el proceso electoral y no se ha doblado ante las intenciones del presidente, confiado en que cuenta con el aval de la ciudadan\u00eda que ha visto los esfuerzos realizados por la instituci\u00f3n para sacar adelante el proceso pese a la reducci\u00f3n significativa de recursos y por ello le ha brindado su apoyo.&nbsp; A diferencia del discurso de divisi\u00f3n y de polarizaci\u00f3n del presidente, el Instituto promueve el de que \u00a8el INE nos UNE\u00a8.&nbsp;&nbsp;&nbsp;&nbsp;<\/p>\n\n\n\n<p class=\"wp-block-paragraph\">\u00bfQu\u00e9 m\u00e1s queremos ver?<\/p>\n\n\n\n<p class=\"wp-block-paragraph\">M\u00e9xico est\u00e1 a punto de perder sus libertades y solo nosotros, los ciudadanos podemos evitarlo. Hoy es tiempo de definici\u00f3n; es tiempo de acudir al llamado de M\u00e9xico para salvarlo de una dictadura que ya ha comenzado.<\/p>\n\n\n\n<p class=\"wp-block-paragraph\">Las se\u00f1ales son muy claras de hacia d\u00f3nde vamos si el presidente contin\u00faa en su cargo. Pero la buena noticia es que hay manera de quitarle el poder que los mexicanos depositamos en \u00e9l: contamos con la Ley de Revocaci\u00f3n de Mandato que nos da oportunidad de componer el rumbo e iniciar la reconstrucci\u00f3n de nuestro querido pa\u00eds. Recordemos que, como ya ha ocurrido en otros pa\u00edses al dejar que los males contin\u00faen, despu\u00e9s puede quedar muy poco que rescatar, y requerirse de mucho tiempo y esfuerzo para levantar de nuevo lo que fue despreciado.<\/p>\n\n\n\n<p class=\"wp-block-paragraph\">Podemos, claro que s\u00ed, hacer historia y mostrar al mundo entero de que los mexicanos tambi\u00e9n luchamos por salvar a nuestro pa\u00eds de una nueva autocracia, como la que padecimos apenas el siglo pasado y que no pensamos que podr\u00eda llegar alguien a imponerla de nuevo.&nbsp;&nbsp;&nbsp; Los mexicanos queremos un gobierno democr\u00e1tico, donde impere la ley, el orden, la paz, la libertad.&nbsp; No deseamos un pa\u00eds donde la ley del m\u00e1s fuerte se imponga, donde se instaure la anarqu\u00eda y se acaben las libertades y el respeto a los derechos humanos.<\/p>\n\n\n\n<p class=\"wp-block-paragraph\">Ya no es momento de dudar&nbsp;&nbsp; -por tantas opiniones adversas-&nbsp; del proceso. La Revocaci\u00f3n va, es constitucional, y debemos utilizarla porque nos da la opci\u00f3n de interrumpir el per\u00edodo gubernamental \u00a8por p\u00e9rdida de confianza en el presidente\u00a8\u2026como lo marca la ley.<\/p>\n\n\n\n<p class=\"wp-block-paragraph\">Este domingo\u2026 \u00a1vamos todos a votar!&nbsp; No seamos parte del abstencionismo que en innumerables ocasiones ha triunfado en las elecciones.&nbsp; Tomemos hoy el destino de nuestro pa\u00eds en nuestras manos, no permitiendo que otros decidan por nosotros.<\/p>\n\n\n\n<p class=\"wp-block-paragraph\">Este domingo\u2026 \u00a1que no haya urnas vac\u00edas! Lleguemos como tsunami a las casetas y sorprendamos al mundo con nuestro activismo. Recuerden que en las elecciones: los votos son los que cuentan.<\/p>\n\n\n\n<p class=\"wp-block-paragraph\"><strong>*Periodista y activista social sonorense, desde hace m\u00e1s de 40 a\u00f1os. Fundadora y directora de la revista Mujer y Poder. <\/strong><a href=\"http:\/\/www.mujerypoder.com.mx\"><strong>www.mujerypoder.com.mx<\/strong><\/a><strong>&nbsp; Contacto whats up: 6621441440.<\/strong><\/p>\n","protected":false},"excerpt":{"rendered":"<p>El desprecio a las leyes por parte del presidente ha sido una constante en su gobierno.<\/p>\n","protected":false},"author":3,"featured_media":38550,"comment_status":"open","ping_status":"open","sticky":false,"template":"","format":"standard","meta":{"_monsterinsights_skip_tracking":false,"footnotes":""},"categories":[693,100,72,35],"tags":[],"class_list":["post-48374","post","type-post","status-publish","format-standard","has-post-thumbnail","category-693","category-mujer-y-poder","category-natalia-vidales","category-opinion"],"_links":{"self":[{"href":"https:\/\/redsemlac.com\/semmexico\/wp-json\/wp\/v2\/posts\/48374","targetHints":{"allow":["GET"]}}],"collection":[{"href":"https:\/\/redsemlac.com\/semmexico\/wp-json\/wp\/v2\/posts"}],"about":[{"href":"https:\/\/redsemlac.com\/semmexico\/wp-json\/wp\/v2\/types\/post"}],"author":[{"embeddable":true,"href":"https:\/\/redsemlac.com\/semmexico\/wp-json\/wp\/v2\/users\/3"}],"replies":[{"embeddable":true,"href":"https:\/\/redsemlac.com\/semmexico\/wp-json\/wp\/v2\/comments?post=48374"}],"version-history":[{"count":0,"href":"https:\/\/redsemlac.com\/semmexico\/wp-json\/wp\/v2\/posts\/48374\/revisions"}],"wp:featuredmedia":[{"embeddable":true,"href":"https:\/\/redsemlac.com\/semmexico\/wp-json\/wp\/v2\/media\/38550"}],"wp:attachment":[{"href":"https:\/\/redsemlac.com\/semmexico\/wp-json\/wp\/v2\/media?parent=48374"}],"wp:term":[{"taxonomy":"category","embeddable":true,"href":"https:\/\/redsemlac.com\/semmexico\/wp-json\/wp\/v2\/categories?post=48374"},{"taxonomy":"post_tag","embeddable":true,"href":"https:\/\/redsemlac.com\/semmexico\/wp-json\/wp\/v2\/tags?post=48374"}],"curies":[{"name":"wp","href":"https:\/\/api.w.org\/{rel}","templated":true}]}}