{"id":48371,"date":"2022-04-09T15:07:35","date_gmt":"2022-04-09T21:07:35","guid":{"rendered":"https:\/\/redsemlac.com\/semmexico\/?p=48371"},"modified":"2023-07-21T19:02:33","modified_gmt":"2023-07-22T00:02:33","slug":"vida-y-lectura-fatima-zohra-imalayene","status":"publish","type":"post","link":"https:\/\/redsemlac.com\/semmexico\/vida-y-lectura-fatima-zohra-imalayene\/","title":{"rendered":"Vida y Lectura| F\u00c1TIMA ZOHRA IMALAY\u00c8NE"},"content":{"rendered":"\n<p class=\"wp-block-paragraph\"><strong>Una historia que no debemos perdernos&nbsp;&nbsp;&nbsp;&nbsp;&nbsp;<\/strong><\/p>\n\n\n\n<p class=\"wp-block-paragraph\">Marcela Eternod Ar\u00e1mburu<\/p>\n\n\n\n<p class=\"wp-block-paragraph\">SemM\u00e9xico, Aguascalientes, 9 de abril, 2022.- Siempre me sorprende, aunque con la frecuencia que eso pasa ya no deber\u00eda de sucederme, la fuerza que tienen nuestros estereotipos y la facilidad con la que nuestros prejuicios operan, provocando \u2014la mayor\u00eda de las veces\u2014 que nuestras opiniones sean de lo m\u00e1s desacertadas y sesgadas. Mucho se puede decir de los or\u00edgenes de nuestra intolerancia cuando analizamos las preconcepciones y desmenuzamos nuestras creencias.<\/p>\n\n\n\n<p class=\"wp-block-paragraph\">El hecho de que el conocimiento mundial se incrementa a una gran velocidad va de la mano con que nuestros conocimientos individuales son, d\u00eda con d\u00eda, mucho menores. Hay tantas \u00e1reas, temas, especialidades y problemas que resulta imposible estar al d\u00eda. A lo m\u00e1s que podemos aspirar es a especializarnos en algo donde podamos adquirir cierta experticia.<\/p>\n\n\n\n<p class=\"wp-block-paragraph\">Lo anterior viene a cuento porque, ignorante como soy de muchos temas, cay\u00f3 en mis manos una de esas revistas de consultorio que hablaba de la independencia de Argelia y de la creaci\u00f3n del \u201cFrente de Liberaci\u00f3n Nacional\u201d en 1954. El contexto era que Francia \u2014como acababa de perder sus territorios en la parte continental del sudeste asi\u00e1tico\u2014 estaba empe\u00f1ada en no ceder ante las demandas argelinas de independencia.<\/p>\n\n\n\n<p class=\"wp-block-paragraph\">La historia da cuenta del sangriento y cruel proceso de independencia de Argelia: la matanza de Philippeville (actualmente Skikda); la sa\u00f1a que mostraron los tristemente famosos regimientos de Zuavo; y las masacres que llevaron a cabo los Pies negros (europeos y sus descendientes que usaban botas negras a diferencia de los nativos), est\u00e1n ampliamente documentadas. Lo que llam\u00f3 mi atenci\u00f3n fue que se afirmaba que para iniciar la Batalla de Argel (septiembre de 1956) tres mujeres colocaron explosivos en distintos sitios, para que explotaran en forma simult\u00e1nea, lo que inici\u00f3 la cruenta batalla.<\/p>\n\n\n\n<p class=\"wp-block-paragraph\">Tres mujeres, 1956, Argelia, la Legi\u00f3n Extranjera, el ej\u00e9rcito, los k\u00e9pis bleus. \u00bfD\u00f3nde quedaban mis preconcepciones? \u00bfY mis prejuicios? \u00bfLas mujeres \u00e1rabes como parte del grupo de rebeldes, en la lucha por la independencia? \u00bfMujeres musulmanas, disciplinadas y organizadas, involucradas en la rebeli\u00f3n? \u00a1Mujeres participando activamente en la guerra de guerrillas! Mujeres contra los harkis. Qu\u00e9 sorpresa.<\/p>\n\n\n\n<p class=\"wp-block-paragraph\">Una peque\u00f1a investigaci\u00f3n en internet, una b\u00fasqueda de referencias, miles de menciones sobre los excesos de ambos bandos, cientos de alusiones a la contradicci\u00f3n de Francia como defensora de los derechos humanos en el mundo, masacrando a las y los argelinos. Detalladas descripciones de los inenarrables desentra\u00f1amientos, decapitaciones y lapidaciones de mujeres; asesinato de infantes, como en el siglo III antes de la era cristiana. Pero nada sobre la verdadera participaci\u00f3n de las mujeres, salvo peque\u00f1as menciones, algunas tan burdamente sesgadas como las del cine franc\u00e9s de los a\u00f1os setenta que a todas las consideraba malvadas terroristas (hay que recordar a las tres Djamilas). Otra vez, la invisibilizaci\u00f3n de las mujeres, \u00bfSolo los hombres liderearon, solo ellos participaron? \u00bfY las mujeres rebeldes que armaron la red de espionaje, las que lucharon contra los pies negros y derrotaron varias veces a los gorros azules?<\/p>\n\n\n\n<p class=\"wp-block-paragraph\">Afortunadamente, encontr\u00e9 la referencia de un libro: \u201cLa mujer sin sepultura\u201d de Assia Djebar, considerada una de las mejores escritoras argelinas del siglo XX. As\u00ed, gracias a ese peque\u00f1o art\u00edculo que me dio algunas pistas, descubr\u00ed con la lectura de \u201cLa mujer sin sepultura\u201d a dos mujeres impresionantes. La primera, F\u00e1tima Zohra Imalay\u00e8ne (1936-2015) que escribi\u00f3 con el nombre de Assia Djebar, entre otras muchas obras, una biograf\u00eda novelada de la hero\u00edna desconocida de la independencia argelina, una mujer que tuvo una vida excepcional en muchos aspectos: Zulija Udai, y tambi\u00e9n una muerte dram\u00e1tica, fue ejecutada y no recibi\u00f3 una sepultura apropiada, porque su cuerpo se le neg\u00f3 a su familia, de ah\u00ed el t\u00edtulo del libro. La segunda, Zulija Udai de quien no ten\u00eda ninguna referencia, y a quien Assia Djebar dibuja como una argelina instruida, independiente, atea, rebelde, libre pensadora, apasionada y comprometida con liberar a su pa\u00eds de los franceses.<\/p>\n\n\n\n<p class=\"wp-block-paragraph\">Desde mi perspectiva, el encanto de esta novela radica en que Djebar construye la narraci\u00f3n con base en los recuerdos que tienen otras mujeres de Zulija Udai. Se trata de sus hijas (Mina y Hania) a las que dej\u00f3 cuando se uni\u00f3 a la guerrilla; su gran amiga Lionne, que reconstruye partes de su vida en com\u00fan, habla de sus amores y de las redes de mujeres insurgentes; y su cu\u00f1ada Zora que destaca su rebeld\u00eda, su totalmente at\u00edpico modo de ser, pero tambi\u00e9n su valent\u00eda. El otro componente atractivo en \u201cLa mujer sin sepultura\u201d, es que la propia autora le da voz a Zulija Udai. Nada de lo que se pone en boca de la hero\u00edna insurgente tiene una fuente real, es la imaginaci\u00f3n de la escritora y la compenetraci\u00f3n con su contexto, lo que permite que la hero\u00edna tenga una voz firme y convincente en su biograf\u00eda.<\/p>\n\n\n\n<p class=\"wp-block-paragraph\">\u201cLa mujer sin sepultura\u201d arroja su luz sobre ese lejano mundo africano y ayuda a entender que las etiquetas \u2014muchas veces\u2014 limitan nuestros conocimientos, que los prejuicios impiden ver las otras historias, y que las mujeres, en todos lados, son complejas, diversas y plurales. \u201cLa mujer sin sepultura\u201d hace, una vez m\u00e1s, posible esa visibilizaci\u00f3n de las mujeres que tanto trabajo cuesta, pero que permite reconstruir la historia y ponderar la inclusi\u00f3n de las mujeres como estrictamente necesaria en todas las sociedades. Y, a la vez, la que har\u00e1 posible la construcci\u00f3n de una nueva narrativa hist\u00f3rica, donde ellas destacan y participan, mostrando que la invisibilizaci\u00f3n ha sido una de las herramientas m\u00e1s \u00fatiles del patriarcado para garantizar sumisi\u00f3n, exclusi\u00f3n y olvido.<\/p>\n","protected":false},"excerpt":{"rendered":"<p>F\u00e1tima Zohra Imalay\u00e8ne (1936-2015) que escribi\u00f3 con el nombre de Assia Djebar fue considerada una de las mejores escritoras argelinas del siglo XX. <\/p>\n","protected":false},"author":3,"featured_media":38638,"comment_status":"open","ping_status":"open","sticky":false,"template":"","format":"standard","meta":{"_monsterinsights_skip_tracking":false,"footnotes":""},"categories":[693,515,35,514],"tags":[],"class_list":["post-48371","post","type-post","status-publish","format-standard","has-post-thumbnail","category-693","category-marcela-eternod-aramburu","category-opinion","category-vida-y-lectura"],"_links":{"self":[{"href":"https:\/\/redsemlac.com\/semmexico\/wp-json\/wp\/v2\/posts\/48371","targetHints":{"allow":["GET"]}}],"collection":[{"href":"https:\/\/redsemlac.com\/semmexico\/wp-json\/wp\/v2\/posts"}],"about":[{"href":"https:\/\/redsemlac.com\/semmexico\/wp-json\/wp\/v2\/types\/post"}],"author":[{"embeddable":true,"href":"https:\/\/redsemlac.com\/semmexico\/wp-json\/wp\/v2\/users\/3"}],"replies":[{"embeddable":true,"href":"https:\/\/redsemlac.com\/semmexico\/wp-json\/wp\/v2\/comments?post=48371"}],"version-history":[{"count":0,"href":"https:\/\/redsemlac.com\/semmexico\/wp-json\/wp\/v2\/posts\/48371\/revisions"}],"wp:featuredmedia":[{"embeddable":true,"href":"https:\/\/redsemlac.com\/semmexico\/wp-json\/wp\/v2\/media\/38638"}],"wp:attachment":[{"href":"https:\/\/redsemlac.com\/semmexico\/wp-json\/wp\/v2\/media?parent=48371"}],"wp:term":[{"taxonomy":"category","embeddable":true,"href":"https:\/\/redsemlac.com\/semmexico\/wp-json\/wp\/v2\/categories?post=48371"},{"taxonomy":"post_tag","embeddable":true,"href":"https:\/\/redsemlac.com\/semmexico\/wp-json\/wp\/v2\/tags?post=48371"}],"curies":[{"name":"wp","href":"https:\/\/api.w.org\/{rel}","templated":true}]}}