{"id":48362,"date":"2022-04-09T14:29:25","date_gmt":"2022-04-09T20:29:25","guid":{"rendered":"https:\/\/redsemlac.com\/semmexico\/?p=48362"},"modified":"2023-07-21T19:02:33","modified_gmt":"2023-07-22T00:02:33","slug":"mujeres-pilar-fundamental-en-la-actividad-pesquera-sufren-desigualdad-de-genero-senalan-en-foro-en-la-camara-de-diputados","status":"publish","type":"post","link":"https:\/\/redsemlac.com\/semmexico\/mujeres-pilar-fundamental-en-la-actividad-pesquera-sufren-desigualdad-de-genero-senalan-en-foro-en-la-camara-de-diputados\/","title":{"rendered":"<strong>Mujeres pilar fundamental en la actividad pesquera sufren desigualdad de g\u00e9nero, se\u00f1alan en Foro en la C\u00e1mara de Diputados&nbsp;<\/strong>"},"content":{"rendered":"\n<p class=\"wp-block-paragraph\"><strong>Son preponderantes entre las personas dedicadas a la pesca y responsables principales que haya productos marinos en las mesas mexicanas<\/strong><\/p>\n\n\n\n<p class=\"wp-block-paragraph\"><strong>Talento desperdiciado:&nbsp; 22 mil mujeres en la actividad pesquera<\/strong><\/p>\n\n\n\n<p class=\"wp-block-paragraph\">Micaela M\u00e1rquez<\/p>\n\n\n\n<p class=\"wp-block-paragraph\">SemM\u00e9xico, Cd. de M\u00e9xico, 9 de abril 2022.- Visibilizar la participaci\u00f3n de las mujeres en la cadena de producci\u00f3n pesquera es fundamental, del arrastre, a la preparaci\u00f3n y comercializaci\u00f3n ellas est\u00e1n, pero son subvaloradas.<\/p>\n\n\n\n<p class=\"wp-block-paragraph\">En un foro de reflexi\u00f3n qued\u00f3 claro que la intervenci\u00f3n de las mujeres llega al 20 por ciento, en algunos casos hasta cinco de cada 10 personas que se dedican a la pesca en algunas regiones, son mujeres, as\u00ed se manifest\u00f3 el prop\u00f3sito del foro \u201cIgualdad de g\u00e9nero en las pesquer\u00edas mexicanas: Retos, oportunidades y casos de \u00e9xito\u201d.&nbsp;<\/p>\n\n\n\n<p class=\"wp-block-paragraph\">La diputada Mar\u00eda del Carmen Bautista Pel\u00e1ez que preside la Comisi\u00f3n de Pesca de la C\u00e1mara de Diputados, estim\u00f3 que las mujeres son el talento m\u00e1s grande desaprovechado en todo el mundo, en la pesca no es la excepci\u00f3n, ya que, dijo, esta actividad sobrevive por el trabajo de ellas, sin el cual el producto marino no podr\u00eda llegar a las familias mexicanas y este sector se vendr\u00eda abajo.<\/p>\n\n\n\n<p class=\"wp-block-paragraph\">\u201cEs innegable que en la pesca hay desigualdad de g\u00e9nero\u201d, dijo.&nbsp;<\/p>\n\n\n\n<p class=\"wp-block-paragraph\">Advirti\u00f3 que, en muchas comunidades originarias, a pesar de que las mujeres son las que lideran esta actividad, sufren desigualdad debido a las limitantes de las que son v\u00edctimas, tales como el nulo acceso a cr\u00e9ditos, por ejemplo.<\/p>\n\n\n\n<p class=\"wp-block-paragraph\">Durante el foro las diputadas Leonor Couti\u00f1o Guti\u00e9rrez de Morena, como N\u00e9lida Ivonne Sabrina D\u00edaz Tejeda del PRI coincidieron que las mujeres que se dedican a la pesca son su pilar fundamental.<\/p>\n\n\n\n<p class=\"wp-block-paragraph\"><strong>Mujeres en la actividad pesquera demandaron pol\u00edticas p\u00fablicas en Foro<\/strong><\/p>\n\n\n\n<p class=\"wp-block-paragraph\">Las especialistas y algunas pescadoras demandaron a las legisladoras crear pol\u00edticas p\u00fablicas que den acceso a las mujeres en igualdad, pidieron se escuchen sus problem\u00e1ticas y necesidades pues a pesar de son m\u00e1s de 22 mil mujeres, del total de 162 mil personas que participan en la actividad, su trabajo es infravalorado aun cuando participan como pescadoras, empacadoras, fileteadoras y dando valor agregado a los productos marinos.<\/p>\n\n\n\n<p class=\"wp-block-paragraph\">\u201cLas mujeres realizan una aportaci\u00f3n muy importante en el sector pesquero, ya que participan a lo largo de toda la cadena de valor, como pescadoras, procesadoras y vendedoras\u201d expres\u00f3 Carmen Pedroza Guti\u00e9rrez, profesora de la Universidad Nacional Aut\u00f3noma de M\u00e9xico.<\/p>\n\n\n\n<p class=\"wp-block-paragraph\">Expres\u00f3 que de acuerdo con la Comisi\u00f3n Nacional de Acuacultura y Pesca hay m\u00e1s de 162 mil hombres y mujeres dedicados a la pesca en M\u00e9xico, de los cuales 22 mil son mujeres.&nbsp;<\/p>\n\n\n\n<p class=\"wp-block-paragraph\">La especialista Neyra Solano Aparicio destac\u00f3 que los puntos importantes a abordar en la participaci\u00f3n de las mujeres en la pesca era el empoderamiento; atender sus recursos econ\u00f3micos y sociales, y su participaci\u00f3n en las instituciones.<\/p>\n\n\n\n<p class=\"wp-block-paragraph\">Dado que la especialista en igualdad de g\u00e9nero de la Comunidad y Biodiversidad, dijo que las mujeres est\u00e1n subrepresentadas en las actividades del sector pesquero, su trabajo es infravalorado y no son tomadas en cuenta en las decisiones del sector.<\/p>\n\n\n\n<p class=\"wp-block-paragraph\">Mientras que Delfina Mendoza Tinoco, integrante de la cooperativa Mujeres del Mar de Cort\u00e9s, indic\u00f3 que las mujeres de su comunidad participan como pescadoras, empacadoras, fileteadoras y dan valor agregado a los productos marinos.<\/p>\n\n\n\n<p class=\"wp-block-paragraph\">\u201cEs importante que valoren nuestras contribuciones ya que nos enfrentamos a la cr\u00edtica, jornadas largas de trabajo, salario poco justo e inclusive mujeres que han sufrido acoso sexual por parte de compa\u00f1eros en sus \u00e1reas de trabajo\u201d, dijo.&nbsp;<\/p>\n\n\n\n<p class=\"wp-block-paragraph\">Yanett Miranda Castro Medina, presidenta de Mujeres del Mar de Cort\u00e9s, dijo que se ha ido perdiendo los recursos econ\u00f3micos y de infraestructura para llevar a cabo esta actividad. Esta escasez, explic\u00f3, aumenta la desigualdad dentro del sector, por lo que exhort\u00f3 a las y los legisladores a crear pol\u00edticas p\u00fablicas que atiendan estas problem\u00e1ticas. \u201cLas mujeres siempre hemos estado presentes y sosteniendo la pesca\u201d.&nbsp;<\/p>\n\n\n\n<p class=\"wp-block-paragraph\">Martha Magdalena Garc\u00eda Ju\u00e1rez, integrante de la organizaci\u00f3n Pescadores Rescatando a Ensenada, se\u00f1al\u00f3 que quieren tener las mismas oportunidades en este sector que los hombres y para ello se han ido capacitando en diferentes \u00e1reas, a fin de ser m\u00e1s productivas dentro de la organizaci\u00f3n. Invit\u00f3 a las autoridades a que las escuchen y abran sus puertas para que conozcan sus problem\u00e1ticas y necesidades.<\/p>\n","protected":false},"excerpt":{"rendered":"<p>Visibilizar la participaci\u00f3n de las mujeres en la cadena de producci\u00f3n pesquera es fundamental, del arrastre, a la preparaci\u00f3n y comercializaci\u00f3n ellas est\u00e1n, pero son subvaloradas.<\/p>\n","protected":false},"author":3,"featured_media":48363,"comment_status":"open","ping_status":"open","sticky":false,"template":"","format":"standard","meta":{"_monsterinsights_skip_tracking":false,"footnotes":""},"categories":[693,50,54],"tags":[],"class_list":["post-48362","post","type-post","status-publish","format-standard","has-post-thumbnail","category-693","category-congreso","category-mujeres"],"_links":{"self":[{"href":"https:\/\/redsemlac.com\/semmexico\/wp-json\/wp\/v2\/posts\/48362","targetHints":{"allow":["GET"]}}],"collection":[{"href":"https:\/\/redsemlac.com\/semmexico\/wp-json\/wp\/v2\/posts"}],"about":[{"href":"https:\/\/redsemlac.com\/semmexico\/wp-json\/wp\/v2\/types\/post"}],"author":[{"embeddable":true,"href":"https:\/\/redsemlac.com\/semmexico\/wp-json\/wp\/v2\/users\/3"}],"replies":[{"embeddable":true,"href":"https:\/\/redsemlac.com\/semmexico\/wp-json\/wp\/v2\/comments?post=48362"}],"version-history":[{"count":0,"href":"https:\/\/redsemlac.com\/semmexico\/wp-json\/wp\/v2\/posts\/48362\/revisions"}],"wp:featuredmedia":[{"embeddable":true,"href":"https:\/\/redsemlac.com\/semmexico\/wp-json\/wp\/v2\/media\/48363"}],"wp:attachment":[{"href":"https:\/\/redsemlac.com\/semmexico\/wp-json\/wp\/v2\/media?parent=48362"}],"wp:term":[{"taxonomy":"category","embeddable":true,"href":"https:\/\/redsemlac.com\/semmexico\/wp-json\/wp\/v2\/categories?post=48362"},{"taxonomy":"post_tag","embeddable":true,"href":"https:\/\/redsemlac.com\/semmexico\/wp-json\/wp\/v2\/tags?post=48362"}],"curies":[{"name":"wp","href":"https:\/\/api.w.org\/{rel}","templated":true}]}}