{"id":48352,"date":"2022-04-09T14:16:42","date_gmt":"2022-04-09T20:16:42","guid":{"rendered":"https:\/\/redsemlac.com\/semmexico\/?p=48352"},"modified":"2023-07-21T19:02:34","modified_gmt":"2023-07-22T00:02:34","slug":"embarazo-adolescente-en-cuba-reclama-perspectiva-de-desarrollo","status":"publish","type":"post","link":"https:\/\/redsemlac.com\/semmexico\/embarazo-adolescente-en-cuba-reclama-perspectiva-de-desarrollo\/","title":{"rendered":"Embarazo adolescente en Cuba reclama perspectiva de desarrollo"},"content":{"rendered":"\n<p class=\"wp-block-paragraph\">De acuerdo con las estad\u00edsticas, 15,5 por ciento de los nacimientos en la isla durante 2020 los aportaron madres menores de 20 a\u00f1os.<\/p>\n\n\n\n<p class=\"wp-block-paragraph\"><a href=\"https:\/\/www.ipscuba.net\/author\/luis-brizuela\/\" target=\"_blank\" rel=\"noreferrer noopener\">Luis Brizuela<\/a><\/p>\n\n\n\n<p class=\"wp-block-paragraph\">SemM\u00e9xico\/IPS, La Habana, 9 de abril, 2022. &#8212; El embarazo adolescente mantiene altas tasas en Cuba, pese a las varias pol\u00edticas p\u00fablicas establecidas para combatirlo. Atender sus m\u00faltiples causas desde un enfoque humano de desarrollo aportar\u00eda mayor integralidad a las acciones para reducir esta brecha social.<\/p>\n\n\n\n<p class=\"wp-block-paragraph\">Para la soci\u00f3loga Reina Fleitas, ese enfoque del desarrollo \u201ctiene como centro a la gente, sus capacidades y bienestar\u201d y \u201cnos dice que el entorno socioecon\u00f3mico debe ofrecer oportunidades que hagan posible el crecimiento de esas personas, sus familias e instituciones\u201d.<\/p>\n\n\n\n<p class=\"wp-block-paragraph\">Al conversar con IPS, la tambi\u00e9n profesora titular de la Universidad de La Habana argument\u00f3 que el embarazo adolescente no es solo un asunto de g\u00e9nero en salud, sino tambi\u00e9n \u201cun problema de bienestar\u201d, y recomend\u00f3 estudiarlo a partir de un an\u00e1lisis entrecruzado o interseccional de desigualdades sociales como las basadas en el g\u00e9nero, color de la piel, territorio y edad, entre otras.<\/p>\n\n\n\n<p class=\"wp-block-paragraph\">La necesidad de prevenir los embarazos en la adolescencia fue el tema central de un panel el 30 de marzo, como parte del Congreso Internacional de Investigadores sobre Infancias, Adolescencias y Juventudes efectuado en La Habana del 29 al 31 de ese mes, y organizado por el estatal Centro de Estudios Sobre la Juventud, junto con otras entidades.<\/p>\n\n\n\n<p class=\"wp-block-paragraph\">Los datos compartidos mostraron que la maternidad adolescente es esencialmente un dilema de las mujeres, en t\u00e9rminos cuantitativos y cualitativos, aunque sus efectos impactan en las familias y la sociedad.<\/p>\n\n\n\n<p class=\"wp-block-paragraph\">De acuerdo con las estad\u00edsticas, 15,5 por ciento de los nacimientos en la isla durante 2020 los aportaron madres menores de 20 a\u00f1os, para una tasa de fecundidad adolescente de 51,5 nacimientos por cada 1000 mujeres de 15 a 19 a\u00f1os.<\/p>\n\n\n\n<p class=\"wp-block-paragraph\">Solo 2,6 por ciento de esos nacimientos tuvieron como progenitores a adolescentes varones.<\/p>\n\n\n\n<p class=\"wp-block-paragraph\">Seg\u00fan el&nbsp;<a href=\"https:\/\/lac.unfpa.org\/es\" target=\"_blank\" rel=\"noreferrer noopener\">Fondo de Poblaci\u00f3n de las Naciones Unidas<\/a>&nbsp;(UNFPA), Am\u00e9rica Latina y el Caribe registra la segunda tasa m\u00e1s alta de embarazos adolescentes del mundo, solo por detr\u00e1s de \u00c1frica subsahariana.<\/p>\n\n\n\n<p class=\"wp-block-paragraph\">Estima que casi 18 por ciento de los nacimientos en la regi\u00f3n corresponden a madres menores de 20 a\u00f1os, y una media superior a 60 por ciento por cada 1000 mil j\u00f3venes en ese rango de edad.<\/p>\n\n\n\n<p class=\"wp-block-paragraph\">Se precis\u00f3 que en el caso cubano el embarazo temprano se concentra en la llamada adolescencia tard\u00eda, de 17 a 19 a\u00f1os, y que la central provincia de Camag\u00fcey, y las orientales Las Tunas, Holgu\u00edn y Granma, muestran indicadores por encima de la media nacional.<\/p>\n\n\n\n<p class=\"wp-block-paragraph\">Algunos de esos territorios son, entre las 15 provincias cubanas, los que exhiben mayores porcentajes de ruralidad y m\u00e1s bajos niveles de desarrollo socioecon\u00f3mico, seg\u00fan el cuarto informe Nacional de Desarrollo Humano, publicado en 2019.<\/p>\n\n\n\n<p class=\"has-medium-font-size wp-block-paragraph\"><strong>Causas y contextos<\/strong><\/p>\n\n\n\n<p class=\"wp-block-paragraph\">Resultados de investigaciones explican que, aunque el embarazo adolescente tiene m\u00faltiples causas, sus condicionantes est\u00e1n muy vinculadas con las desigualdades de g\u00e9nero, la calidad del desarrollo socioecon\u00f3mico territorial y la pobreza.<\/p>\n\n\n\n<p class=\"wp-block-paragraph\">En ese sentido, resultan m\u00e1s proclives a embarazos tempranos las adolescentes mestizas y negras, residentes en entornos rurales, desvinculadas del estudio y el trabajo, y en viviendas con bajos ingresos y en condiciones precarias.<\/p>\n\n\n\n<p class=\"wp-block-paragraph\">Fleitas matiz\u00f3 que, aunque las zonas rurales han avanzado en cuanto a estrategias de empoderamiento, \u201ca\u00fan esos territorios no brindan todas las oportunidades de empleo para las mujeres, de servicios de apoyo al trabajo dom\u00e9stico, de reinserci\u00f3n escolar cuando interrumpen los estudios (y donde) el trabajo agr\u00edcola sigue siendo la opci\u00f3n fundamental y no siempre est\u00e1 tecnificado\u201d.<\/p>\n\n\n\n<p class=\"wp-block-paragraph\">Por ello, complement\u00f3 la soci\u00f3loga, muchas adolescentes ante la falta de oportunidades, \u201cescogen un proyecto de maternidad a partir de la creencia de que esa puede ser una v\u00eda de migraci\u00f3n, mejorar su bienestar, salir de la pobreza o de la familia de origen, incluso algunas creen lograr independencia\u201d,<\/p>\n\n\n\n<p class=\"wp-block-paragraph\">En el contexto cubano, otros factores que favorecen este tipo de embarazo son el inicio precoz de las relaciones sexuales y una insuficiente educaci\u00f3n integral de la sexualidad, seg\u00fan expertos.<\/p>\n\n\n\n<p class=\"wp-block-paragraph\">Suman la deficitaria disponibilidad de m\u00e9todos anticonceptivos en las farmacias, baja percepci\u00f3n de riesgo sobre las pr\u00e1cticas sexuales sin protecci\u00f3n y poca autonom\u00eda, sobre todo de las muchachas, debido a inequidades de g\u00e9nero.<\/p>\n\n\n\n<p class=\"wp-block-paragraph\">Si bien todas las mujeres en edad f\u00e9rtil est\u00e1n en situaci\u00f3n de riesgo de embarazos no deseados, las adolescentes son m\u00e1s vulnerables, \u201cpor los cambios anatomofisiol\u00f3gicos de la pubertad, y el incipiente desarrollo psicosocial que hace que sean fr\u00e1giles para tomar decisiones y asumir las consecuencias\u201d, explic\u00f3 a IPS la psic\u00f3loga Natividad Guerrero, del estatal Centro Nacional de Educaci\u00f3n Sexual (Cenesex).<\/p>\n\n\n\n<p class=\"wp-block-paragraph\">El encuentro coincidi\u00f3 con la presentaci\u00f3n del informe de UNFPA&nbsp;<a href=\"https:\/\/ipsnoticias.net\/2022\/03\/casi-la-mitad-de-los-embarazos-en-el-mundo-son-no-deseados\/\" target=\"_blank\" rel=\"noreferrer noopener\">sobre el estado de la poblaci\u00f3n mundial 2022 \u201cVisibilizar lo invisible\u201d<\/a>, que se centra en los embarazos no intencionales, que define como aquellos que una mujer no quiere tener.<\/p>\n\n\n\n<p class=\"wp-block-paragraph\">Seg\u00fan el informe sobre fen\u00f3meno a nivel mundial, lanzado el 30 de marzo, los embarazos no intencionales derivan de circunstancias vinculadas con la vulneraci\u00f3n del derecho a la autonom\u00eda corporal para decidir asuntos como cu\u00e1ndo y en qu\u00e9 circunstancias mantener relaciones sexuales, la opci\u00f3n de recurrir al m\u00e9todo anticonceptivo id\u00f3neo o establecer si se quiere concebir y cu\u00e1ndo.<\/p>\n\n\n\n<p class=\"wp-block-paragraph\">Tambi\u00e9n apunt\u00f3 que existe una alta correlaci\u00f3n entre desigualdad de g\u00e9nero y los embarazos no intencionales y que su reducci\u00f3n contribuir\u00e1 a alcanzar los Objetivos de Desarrollo Sostenible (ODS), al aumentar la capacidad de acci\u00f3n de las mujeres y el desarrollo de su potencial con efectos positivos para las familias y las sociedades.<\/p>\n\n\n\n<p class=\"wp-block-paragraph\">\u201cEl informe subraya la conexi\u00f3n entre los embarazos no intencionales con el ejercicio de derechos y el desarrollo, dos conceptos medulares\u201d, reflexion\u00f3 Livia Quintana, Asociada de Programa del UNFPA en Cuba.<\/p>\n\n\n\n<p class=\"wp-block-paragraph\">Quintana enfatiz\u00f3 a IPS sobre la necesidad de prestar atenci\u00f3n a la autonom\u00eda corporal y la educaci\u00f3n integral de la sexualidad, \u201cadem\u00e1s de revisar los elementos de tipo pol\u00edtico, jur\u00eddico y de acceso a los servicios que ayuden a remover las normas culturales que sustenta este tipo de embarazos\u201d.<\/p>\n\n\n\n<p class=\"wp-block-paragraph\">La evidencia cient\u00edfica se\u00f1ala que la mayor\u00eda de los embarazos en la adolescencia son no intencionales y pueden prevenirse.<\/p>\n\n\n\n<p class=\"has-medium-font-size wp-block-paragraph\"><strong>Sexualidad responsable desde la educaci\u00f3n<\/strong><\/p>\n\n\n\n<p class=\"wp-block-paragraph\">Cuba dispone de pol\u00edticas p\u00fablicas y legislaciones que favorecen el acceso de adolescentes y j\u00f3venes a servicios de salud sexual y reproductiva, como parte de un sistema de salud universal y gratuito.<\/p>\n\n\n\n<p class=\"wp-block-paragraph\">La Constituci\u00f3n vigente desde 2019 consagra los derechos de igualdad y no discriminaci\u00f3n por razones de g\u00e9nero, mientras desde marzo de 2021 el Programa Nacional para el Adelanto de la Mujer devino pol\u00edtica del Estado cubano para el empoderamiento e igualdad, con un ac\u00e1pite espec\u00edfico sobre la salud sexual y reproductiva.<\/p>\n\n\n\n<p class=\"wp-block-paragraph\">\u201cLa salud sexual y reproductiva integral de los adolescentes es un desaf\u00edo social. La escuela, la familia, la comunidad y los medios de comunicaci\u00f3n tienen la responsabilidad de prepararlos en un tema que a\u00fan se sataniza y creemos que le toca \u201ca otros\u201d. Debemos propiciarles informaci\u00f3n y acceso a todos los m\u00e9todos anticonceptivos para evitar embarazos no deseados\u201d, signific\u00f3 Guerrero.<\/p>\n\n\n\n<p class=\"wp-block-paragraph\">Del 1 de febrero al 30 de abril transcurre en los barrios de los 168 municipios cubanos el an\u00e1lisis y discusi\u00f3n popular del proyecto de C\u00f3digo de las Familias que, con rango de ley, ser\u00e1 sometido a refer\u00e9ndum en el segundo semestre de este a\u00f1o.<\/p>\n\n\n\n<p class=\"wp-block-paragraph\">Entre m\u00faltiples aportes, la norma busca promover maternidades y paternidades responsables, adem\u00e1s de fijar en 18 a\u00f1os la edad m\u00ednima para el matrimonio.<\/p>\n\n\n\n<p class=\"wp-block-paragraph\">Con ello se eliminar\u00eda la actual excepcionalidad, con un sesgo de g\u00e9nero, que permite a padres y madres autorizar el casamiento de hijos menores de edad, a los 14 a\u00f1os en el caso de las hembras y 16 a\u00f1os para los varones.<\/p>\n\n\n\n<p class=\"wp-block-paragraph\">Investigaciones refieren que el v\u00ednculo conyugal est\u00e1 asociado con m\u00e1s de 70 % de la fecundidad adolescente en Cuba, mientras cientistas sociales han mostrado preocupaci\u00f3n por el incremento del n\u00famero de matrimonios en los que intervienen personas menores de 18 a\u00f1os, mayoritariamente mujeres.<\/p>\n\n\n\n<p class=\"wp-block-paragraph\">En septiembre de 2021, activistas de la comunidad LGBTIQ y otras voces ciudadanas solicitaron al Ministerio de Educaci\u00f3n auxiliarse de teleclases, softwares educativos y otras v\u00edas creativas para aplicar la resoluci\u00f3n No.16, de febrero de ese a\u00f1o, que aprob\u00f3 el Programa de educaci\u00f3n integral en sexualidad con enfoque de g\u00e9nero y derechos sexuales y reproductivos en el sistema nacional de educaci\u00f3n.<\/p>\n\n\n\n<p class=\"wp-block-paragraph\">La exhortaci\u00f3n ocurri\u00f3 luego que el ministerio anunciara el aplazamiento de la resoluci\u00f3n \u201chasta tanto est\u00e9n creadas las condiciones necesarias\u201d.<\/p>\n\n\n\n<p class=\"wp-block-paragraph\">Como en otros pa\u00edses de la regi\u00f3n la norma ha sido cuestionada y rechazada por representantes de varias denominaciones religiosas, quienes esgrimen un supuesto impacto negativo en el bienestar de ni\u00f1as, ni\u00f1os y adolescentes, a lo cual se suman personas con posturas antiderechos y fundamentalistas.<\/p>\n\n\n\n<p class=\"wp-block-paragraph\">Sem\/sl<\/p>\n","protected":false},"excerpt":{"rendered":"<p>El embarazo adolescente mantiene altas tasas en Cuba, pese a las varias pol\u00edticas p\u00fablicas establecidas para combatirlo.<\/p>\n","protected":false},"author":3,"featured_media":48353,"comment_status":"open","ping_status":"open","sticky":false,"template":"","format":"standard","meta":{"_monsterinsights_skip_tracking":false,"footnotes":""},"categories":[693,53],"tags":[],"class_list":["post-48352","post","type-post","status-publish","format-standard","has-post-thumbnail","category-693","category-internacional"],"_links":{"self":[{"href":"https:\/\/redsemlac.com\/semmexico\/wp-json\/wp\/v2\/posts\/48352","targetHints":{"allow":["GET"]}}],"collection":[{"href":"https:\/\/redsemlac.com\/semmexico\/wp-json\/wp\/v2\/posts"}],"about":[{"href":"https:\/\/redsemlac.com\/semmexico\/wp-json\/wp\/v2\/types\/post"}],"author":[{"embeddable":true,"href":"https:\/\/redsemlac.com\/semmexico\/wp-json\/wp\/v2\/users\/3"}],"replies":[{"embeddable":true,"href":"https:\/\/redsemlac.com\/semmexico\/wp-json\/wp\/v2\/comments?post=48352"}],"version-history":[{"count":0,"href":"https:\/\/redsemlac.com\/semmexico\/wp-json\/wp\/v2\/posts\/48352\/revisions"}],"wp:featuredmedia":[{"embeddable":true,"href":"https:\/\/redsemlac.com\/semmexico\/wp-json\/wp\/v2\/media\/48353"}],"wp:attachment":[{"href":"https:\/\/redsemlac.com\/semmexico\/wp-json\/wp\/v2\/media?parent=48352"}],"wp:term":[{"taxonomy":"category","embeddable":true,"href":"https:\/\/redsemlac.com\/semmexico\/wp-json\/wp\/v2\/categories?post=48352"},{"taxonomy":"post_tag","embeddable":true,"href":"https:\/\/redsemlac.com\/semmexico\/wp-json\/wp\/v2\/tags?post=48352"}],"curies":[{"name":"wp","href":"https:\/\/api.w.org\/{rel}","templated":true}]}}