{"id":48337,"date":"2022-04-09T13:50:50","date_gmt":"2022-04-09T19:50:50","guid":{"rendered":"https:\/\/redsemlac.com\/semmexico\/?p=48337"},"modified":"2023-07-21T19:02:34","modified_gmt":"2023-07-22T00:02:34","slug":"aprobada-la-ley-que-penaliza-el-acoso-en-clinicas-abortivas","status":"publish","type":"post","link":"https:\/\/redsemlac.com\/semmexico\/aprobada-la-ley-que-penaliza-el-acoso-en-clinicas-abortivas\/","title":{"rendered":"Aprobada la ley que penaliza el acoso en cl\u00ednicas abortivas"},"content":{"rendered":"\n<p class=\"wp-block-paragraph\">El derecho al aborto en Madrid supone la visibilizaci\u00f3n de un tipo de acoso que se produce desde hace a\u00f1os<\/p>\n\n\n\n<p class=\"wp-block-paragraph\">La soluci\u00f3n ante los problemas no puede ser s\u00f3lo punitiva<\/p>\n\n\n\n<p class=\"wp-block-paragraph\">Redacci\u00f3n<\/p>\n\n\n\n<p class=\"wp-block-paragraph\">SemM\u00e9xico\/AmecoPress, Madrid, 9 de abril, 2022.-&nbsp;<em>El Pleno del Senado ha dado luz verde a la proposici\u00f3n de ley que penaliza el acoso ante las cl\u00ednicas abortistas, con 154 votos a favor frente a los 105 en contra del PP y Vox.<\/em><\/p>\n\n\n\n<p class=\"wp-block-paragraph\">Todos aquellos \u00abactos molestos, ofensivos, intimidatorios o coactivos\u00bb que \u00abmenoscaben la libertad de las mujeres\u00bb, ser\u00e1n castigados con la pena de prisi\u00f3n de 3 meses a 1 a\u00f1o o bien con trabajos en beneficio de la comunidad de 31 a 80 d\u00edas, y establece que el tribunal podr\u00e1 imponer, adem\u00e1s, la prohibici\u00f3n de acudir a determinados lugares durante un periodo de 6 meses a 3 a\u00f1os.<\/p>\n\n\n\n<p class=\"wp-block-paragraph\">Desde la Comisi\u00f3n por el derecho al aborto en Madrid han emitido un comunicado en el que reconocen que esto supone la visibilizaci\u00f3n de un tipo de acoso que lleva produci\u00e9ndose desde hace a\u00f1os y la protecci\u00f3n de las libertades de las mujeres de ejercer sus derechos y decidir sobre sus cuerpos.<\/p>\n\n\n\n<p class=\"wp-block-paragraph\">Sin embargo, la Comisi\u00f3n remarca la urgencia de resolver la situaci\u00f3n de fondo:<\/p>\n\n\n\n<ul class=\"wp-block-list\"><li>La Administraci\u00f3n p\u00fablica no puede financiar grupos antielecci\u00f3n que utilizan recursos de todas y todos para presionarnos ante el ejercicio de nuestros derechos sexuales y reproductivos reconocidos tanto en la Ley del Estado como en las Leyes de Derechos Humanos Internacionales.<\/li><\/ul>\n\n\n\n<p class=\"wp-block-paragraph\">Estos grupos, que adem\u00e1s tambi\u00e9n son financiados por la extrema derecha y grupos conservadores y religiosos, han ampliado las maneras de acosarnos. D\u00eda a d\u00eda acosan frente a las cl\u00ednicas, juzgando, obstaculizando, culpabilizando y estigmatizando. Adem\u00e1s, en muchas ciudades del Estado vemos c\u00f3mo cubren edificios enteros con sus mensajes contra nosotras, se publicitan en marquesinas o alquilan locales frente a cl\u00ednicas para que tengamos que ver su propaganda. Por lo que exigimos que la Ordenanza de Publicidad Exterior no permita que en la v\u00eda p\u00fablica se muestren mensajes de acoso.<\/p>\n\n\n\n<ul class=\"wp-block-list\"><li>&nbsp;Las feministas entendemos que la soluci\u00f3n ante los problemas no puede ser s\u00f3lo punitiva. Esta reforma del C\u00f3digo Penal sanciona el acoso a las mujeres que acuden a las c\u00ednicas de aborto con una pena de prisi\u00f3n de tres meses a un a\u00f1o o con trabajos en beneficio de la comunidad. Para nosotras, la soluci\u00f3n real est\u00e1 en una Educaci\u00f3n Afectivo Sexual desde la diversidad que promueva una sociedad igualitaria. Porque educar en el respeto significa prevenir el acoso y la violencia.<br><\/li><li>La mejor manera de erradicar el acoso es abortar en la Sanidad P\u00fablica. Lo que necesitamos es que la Interrupci\u00f3n Voluntaria del Embarazo se realice con normalidad en ambulatorios y hospitales, como una prestaci\u00f3n m\u00e1s del Sistema de Salud.<br><\/li><li>Exigimos Sanidad Universal: Garantizar el derecho al aborto es garantizar el derecho para todas todas todas. Las feministas no podemos olvidar que en el Estado Espa\u00f1ol hay personas que no pueden acceder a la Sanidad P\u00fablica. Denunciamos que adem\u00e1s en la Comunidad de Madrid, el colapso de los Servicios Sociales y del Sistema de Salud P\u00fablico impide realizar los tr\u00e1mites necesarios para el acceso al aborto de las mujeres en situaci\u00f3n administrativa irregular.<br><\/li><li>La Comunidad de Madrid bloquea en la pr\u00e1ctica el acceso a nuestros Derechos Sexuales y Reproductivos. Denunciamos la Ley \u00d3mnibus con la que Ayuso privatiza, desmantela y limita de forma global los servicios sociales y p\u00fablicos necesarios tambi\u00e9n para ejercer nuestros derechos sexuales y reproductivos.<\/li><\/ul>\n\n\n\n<p class=\"wp-block-paragraph\">Estas situaciones expresan la necesidad de una visi\u00f3n integral que reforme La Ley de los Derechos Sexuales y Reproductivos, con mecanismos de obligado cumplimiento en todas las Comunidades Aut\u00f3nomas.<\/p>\n\n\n\n<p class=\"wp-block-paragraph\">Foto: archivo AmecoPress<\/p>\n","protected":false},"excerpt":{"rendered":"<p>El derecho al aborto en Madrid supone la visibilizaci\u00f3n de un tipo de acoso que se produce desde hace a\u00f1os.<\/p>\n","protected":false},"author":3,"featured_media":48338,"comment_status":"open","ping_status":"open","sticky":false,"template":"","format":"standard","meta":{"_monsterinsights_skip_tracking":false,"footnotes":""},"categories":[693,53],"tags":[],"class_list":["post-48337","post","type-post","status-publish","format-standard","has-post-thumbnail","category-693","category-internacional"],"_links":{"self":[{"href":"https:\/\/redsemlac.com\/semmexico\/wp-json\/wp\/v2\/posts\/48337","targetHints":{"allow":["GET"]}}],"collection":[{"href":"https:\/\/redsemlac.com\/semmexico\/wp-json\/wp\/v2\/posts"}],"about":[{"href":"https:\/\/redsemlac.com\/semmexico\/wp-json\/wp\/v2\/types\/post"}],"author":[{"embeddable":true,"href":"https:\/\/redsemlac.com\/semmexico\/wp-json\/wp\/v2\/users\/3"}],"replies":[{"embeddable":true,"href":"https:\/\/redsemlac.com\/semmexico\/wp-json\/wp\/v2\/comments?post=48337"}],"version-history":[{"count":0,"href":"https:\/\/redsemlac.com\/semmexico\/wp-json\/wp\/v2\/posts\/48337\/revisions"}],"wp:featuredmedia":[{"embeddable":true,"href":"https:\/\/redsemlac.com\/semmexico\/wp-json\/wp\/v2\/media\/48338"}],"wp:attachment":[{"href":"https:\/\/redsemlac.com\/semmexico\/wp-json\/wp\/v2\/media?parent=48337"}],"wp:term":[{"taxonomy":"category","embeddable":true,"href":"https:\/\/redsemlac.com\/semmexico\/wp-json\/wp\/v2\/categories?post=48337"},{"taxonomy":"post_tag","embeddable":true,"href":"https:\/\/redsemlac.com\/semmexico\/wp-json\/wp\/v2\/tags?post=48337"}],"curies":[{"name":"wp","href":"https:\/\/api.w.org\/{rel}","templated":true}]}}