{"id":48325,"date":"2022-04-09T13:38:26","date_gmt":"2022-04-09T19:38:26","guid":{"rendered":"https:\/\/redsemlac.com\/semmexico\/?p=48325"},"modified":"2023-07-21T19:02:34","modified_gmt":"2023-07-22T00:02:34","slug":"a-25-meses-de-la-pandemia-300-feminicidios-contra-ninas-y-adolescentes-cuatro-mil-homicidios-culposos-y-abandono-escolar-de-3-5-millones-de-escolares","status":"publish","type":"post","link":"https:\/\/redsemlac.com\/semmexico\/a-25-meses-de-la-pandemia-300-feminicidios-contra-ninas-y-adolescentes-cuatro-mil-homicidios-culposos-y-abandono-escolar-de-3-5-millones-de-escolares\/","title":{"rendered":"A 25 meses de la pandemia: 300 feminicidios contra ni\u00f1as y adolescentes, cuatro mil homicidios culposos y abandono escolar de 3.5 millones de menores"},"content":{"rendered":"\n<p class=\"wp-block-paragraph\">World Visi\u00f3n M\u00e9xico hall\u00f3 hechos incontrovertibles y se present\u00f3 en el Senado<\/p>\n\n\n\n<p class=\"wp-block-paragraph\"><em>Josefina V\u00e1zquez Mota plante\u00f3 la urgencia de atender esta crisis y actuar<\/em><\/p>\n\n\n\n<p class=\"wp-block-paragraph\">Sara Lovera<\/p>\n\n\n\n<p class=\"wp-block-paragraph\">SemM\u00e9xico, Cd. de M\u00e9xico, 9 de abril, 2022.- El Informe Nacional sobre Violencia contra Ni\u00f1as, Ni\u00f1os y Adolescentes, de World Visi\u00f3n M\u00e9xico, revel\u00f3 una grave situaci\u00f3n de violencia, de homicidios y feminicidios; de relaciones violentas en casa, agudizados en los 25 meses de la crisis pand\u00e9mica Covid 19, lo que obliga a una estrategia nacional, pol\u00edticas p\u00fablicas y recursos.<\/p>\n\n\n\n<p class=\"wp-block-paragraph\">La investigaci\u00f3n que suma un documento de cien p\u00e1ginas, realizada mediante encuestas directas, recoge testimonios y precepciones; en la mitad de los municipios del pa\u00eds se realizaron &nbsp;grupos focales para que las infancias hablaran directamente, arroj\u00f3 datos duros, situaciones vividas, que requieren valorarse porque constituyen &nbsp;un llamado urgente para velar por la integridad de los menores y frenar la violencia en su contra, as\u00ed dijo la senadora Josefina V\u00e1zquez Mota, presidenta de la Comisi\u00f3n de la Ni\u00f1ez y de la Adolescencia &nbsp;en el Senado de la Rep\u00fablica.<\/p>\n\n\n\n<p class=\"wp-block-paragraph\">Habl\u00f3 en el marco de la presentaci\u00f3n del &nbsp;reporte de World Visi\u00f3n M\u00e9xico, estudio calificado como un reflejo objetivo de la situaci\u00f3n que para las infancias mexicanas caus\u00f3 la pandemia. Esta situaci\u00f3n transform\u00f3 hogares en infiernos, y mostr\u00f3 las realidades que enfrentamos en el pa\u00eds. No se pueden obviar.<\/p>\n\n\n\n<p class=\"wp-block-paragraph\"><br>La senadora sostuvo que el reporte deja claro que 50 por ciento de las y los menores dijeron que su casa es el espacio m\u00e1s peligroso y con mayor violencia, por lo que se convirti\u00f3 en el lugar de mayor riesgo para las ni\u00f1as y los ni\u00f1os, eso, es \u201cterrible porque debiera ser un lugar de amor y convivencia\u201d<\/p>\n\n\n\n<p class=\"wp-block-paragraph\">El estudio abarca la situaci\u00f3n comparativa de ni\u00f1os y ni\u00f1as, ellas, van m\u00e1s a la escuela, pero tienen sobrecargas dom\u00e9sticas, y empiezan a tener claridad sobre la discriminaci\u00f3n.<\/p>\n\n\n\n<div class=\"wp-block-image\"><figure class=\"aligncenter size-full\"><a href=\"https:\/\/redsemlac.com\/semmexico\/wp-content\/uploads\/2022\/04\/nin-02.png\"><img loading=\"lazy\" decoding=\"async\" width=\"665\" height=\"551\" src=\"https:\/\/redsemlac.com\/semmexico\/wp-content\/uploads\/2022\/04\/nin-02.png\" alt=\"\" class=\"wp-image-48333\"\/><\/a><\/figure><\/div>\n\n\n\n<p class=\"wp-block-paragraph\">A m\u00e1s de 25 meses de la pandemia en M\u00e9xico, se han reportado como nunca m\u00e1s casos de agresi\u00f3n, ya que han sucedido m\u00e1s de 300 feminicidios contra ni\u00f1as y adolescentes, m\u00e1s de cuatro mil homicidios culposos entre las infancias y m\u00e1s de 3.5 millones de menores y j\u00f3venes que abandonaron la escuela.<\/p>\n\n\n\n<p class=\"wp-block-paragraph\">Josefina V\u00e1zquez asever\u00f3 que el estudio tambi\u00e9n arroj\u00f3 un tema que debiera ser materia de pol\u00edticas p\u00fablicas que es el valor de las l\u00edneas telef\u00f3nicas, las cuales se convirtieron en un importante medio de denuncia, pues m\u00e1s del 90 por ciento de ni\u00f1as, ni\u00f1os y adolescentes solicitaron ayuda telef\u00f3nica.&nbsp;<\/p>\n\n\n\n<p class=\"wp-block-paragraph\">Lo que quiere decir, que tener l\u00edneas de S.O.S para delatar y denunciar la violencia, es una tarea urgente en cada municipio, estado y en todos los rincones del pa\u00eds, asent\u00f3.&nbsp;&nbsp;<\/p>\n\n\n\n<p class=\"wp-block-paragraph\">V\u00e1zquez Mota refiri\u00f3 que la investigaci\u00f3n abarc\u00f3 m\u00e1s de 260 municipios, con cerca de nueve mil encuestas. En el estudio, revel\u00f3, alrededor de 40 de cada 100 encuestados fueron personas de 10 a 19 a\u00f1os, lo cual refleja de manera directa lo que sucede en este sector poblacional.<\/p>\n\n\n\n<div class=\"wp-block-image\"><figure class=\"aligncenter size-full\"><a href=\"https:\/\/redsemlac.com\/semmexico\/wp-content\/uploads\/2022\/04\/nin-03.png\"><img loading=\"lazy\" decoding=\"async\" width=\"665\" height=\"551\" src=\"https:\/\/redsemlac.com\/semmexico\/wp-content\/uploads\/2022\/04\/nin-03.png\" alt=\"\" class=\"wp-image-48332\"\/><\/a><\/figure><\/div>\n\n\n\n<figure class=\"wp-block-gallery has-nested-images columns-default is-cropped wp-block-gallery-1 is-layout-flex wp-block-gallery-is-layout-flex\">\n<figure class=\"wp-block-image size-large\"><a href=\"https:\/\/redsemlac.com\/semmexico\/wp-content\/uploads\/2022\/04\/nin-04.png\"><img loading=\"lazy\" decoding=\"async\" width=\"665\" height=\"551\" data-id=\"48331\" src=\"https:\/\/redsemlac.com\/semmexico\/wp-content\/uploads\/2022\/04\/nin-04.png\" alt=\"\" class=\"wp-image-48331\"\/><\/a><\/figure>\n\n\n\n<figure class=\"wp-block-image size-large\"><a href=\"https:\/\/redsemlac.com\/semmexico\/wp-content\/uploads\/2022\/04\/nin-05.png\"><img loading=\"lazy\" decoding=\"async\" width=\"665\" height=\"551\" data-id=\"48330\" src=\"https:\/\/redsemlac.com\/semmexico\/wp-content\/uploads\/2022\/04\/nin-05.png\" alt=\"\" class=\"wp-image-48330\"\/><\/a><\/figure>\n<\/figure>\n\n\n\n<p class=\"wp-block-paragraph\">Presentaci\u00f3n de resultados<\/p>\n\n\n\n<p class=\"wp-block-paragraph\">Al presentar los resultados del informe,&nbsp;Miguel \u00c1ngel Laporta, de la organizaci\u00f3n CEO de World Vision M\u00e9xico, V\u00e1zquez Mota refiri\u00f3 que realizaron este&nbsp;estudio muestra la importancia de escuchar no s\u00f3lo a las instituciones, sino a ni\u00f1as, ni\u00f1os y adolescentes.&nbsp;<\/p>\n\n\n\n<p class=\"wp-block-paragraph\">\u201cDebemos entender que es muy triste darse cuenta de que la ni\u00f1ez recordar\u00e1 esta crisis, no por las cifras sino por c\u00f3mo fueron tratados, porque esa es la consecuencia real\u201d, subray\u00f3.<\/p>\n\n\n\n<p class=\"wp-block-paragraph\">Laporta dijo que escucharon a m\u00e1s de ocho mil menores de m\u00e1s de 21 estados, y coincidieron que la violencia no ha disminuido, al contrario, las agresiones crecieron en contra de la ni\u00f1ez, \u201cpor lo que ojal\u00e1, en un futuro no muy lejano, podamos ver que estas cifras empiezan a reducirse\u201d.&nbsp;<\/p>\n\n\n\n<p class=\"wp-block-paragraph\">Ana Lilia Herrera, presidenta de la Comisi\u00f3n de Derechos de la Ni\u00f1ez y la Adolescencia de la C\u00e1mara de Diputados, hizo un reconocimiento a World Vision M\u00e9xico, por este an\u00e1lisis tan relevante sobre la violencia que cada d\u00eda sufren la ni\u00f1ez y la adolescencia en M\u00e9xico.<\/p>\n\n\n\n<div class=\"wp-block-image\"><figure class=\"aligncenter size-full\"><a href=\"https:\/\/redsemlac.com\/semmexico\/wp-content\/uploads\/2022\/04\/nin-06.png\"><img loading=\"lazy\" decoding=\"async\" width=\"921\" height=\"763\" src=\"https:\/\/redsemlac.com\/semmexico\/wp-content\/uploads\/2022\/04\/nin-06.png\" alt=\"\" class=\"wp-image-48329\"\/><\/a><\/figure><\/div>\n\n\n\n<p class=\"wp-block-paragraph\">Al presentar los resultados del informe, Miguel \u00c1ngel Laporta, de la organizaci\u00f3n CEO de World Vision M\u00e9xico, refiri\u00f3 que realizaron este estudio para escuchar no s\u00f3lo a las instituciones, sino a ni\u00f1as, ni\u00f1os y adolescentes. Por nuestra parte, dijo, nos comprometemos a trabajar en esta gu\u00eda tan importante para traducirlo en una agenda legislativa concreta.<\/p>\n\n\n\n<p class=\"wp-block-paragraph\">La senadora Guadalupe Covarrubias Cervantes, de Morena, enfatiz\u00f3 que este tipo de eventos permiten alcanzar acuerdos para trazar y fortalecer rutas que velen por el inter\u00e9s superior de la ni\u00f1ez, \u201cunamos esfuerzos y voluntades para crear pol\u00edticas p\u00fablicas eficientes que permitan el adecuado desarrollo de espacios seguros y no permitamos que la violencia sea su modo de vida\u201d.<\/p>\n\n\n\n<p class=\"wp-block-paragraph\">Al reconocer la falta de pol\u00edticas p\u00fablicas para brindar educaci\u00f3n a los padres, la senadora Adriana Jurado Valadez indic\u00f3 que tenemos que entender, como Estado mexicano, que educar a ni\u00f1as, ni\u00f1os y adolescentes es la mejor forma de prevenir y detener la situaci\u00f3n de inseguridad que impera en el pa\u00eds.<\/p>\n\n\n\n<p class=\"wp-block-paragraph\">Los Hallazgos<\/p>\n\n\n\n<div class=\"wp-block-image\"><figure class=\"aligncenter size-full\"><a href=\"https:\/\/redsemlac.com\/semmexico\/wp-content\/uploads\/2022\/04\/nin-07.png\"><img loading=\"lazy\" decoding=\"async\" width=\"665\" height=\"551\" src=\"https:\/\/redsemlac.com\/semmexico\/wp-content\/uploads\/2022\/04\/nin-07.png\" alt=\"\" class=\"wp-image-48328\"\/><\/a><\/figure><\/div>\n\n\n\n<div class=\"wp-block-image\"><figure class=\"aligncenter size-full\"><a href=\"https:\/\/redsemlac.com\/semmexico\/wp-content\/uploads\/2022\/04\/nin-08.png\"><img loading=\"lazy\" decoding=\"async\" width=\"665\" height=\"551\" src=\"https:\/\/redsemlac.com\/semmexico\/wp-content\/uploads\/2022\/04\/nin-08.png\" alt=\"\" class=\"wp-image-48327\"\/><\/a><\/figure><\/div>\n\n\n\n<p class=\"wp-block-paragraph\">La violencia contra la ni\u00f1ez y adolescencia cada d\u00eda es mayor, lo que urge impulsar una estrategia nacional para erradicarla.<\/p>\n\n\n\n<p class=\"wp-block-paragraph\">De acuerdo por Word Visi\u00f3n M\u00e9xico la casa es el espacio con mayor violencia: &nbsp;cerca del 50 por ciento de ni\u00f1as y adolescentes entrevistados as\u00ed lo considera.<\/p>\n\n\n\n<p class=\"wp-block-paragraph\">Las l\u00edneas telef\u00f3nicas han sido las m\u00e1s recurridas para denunciar la violencia intrafamiliar, tan solo el 90 por ciento de ni\u00f1as, ni\u00f1os, adolescentes y adultos participantes solicitaron ayuda telef\u00f3nica para prevenir o protegerse de la violencia en el \u00faltimo a\u00f1o.<\/p>\n\n\n\n<p class=\"wp-block-paragraph\">Las ni\u00f1as, ni\u00f1os, adolescentes no se sienten seguros: el 90 por ciento considera que no est\u00e1n seguros todo el tiempo y en ning\u00fan lugar. Y que el bullying s\u00ed es una forma de violencia, pues el 90 por ciento de ellos as\u00ed lo cree\u00bb.<\/p>\n\n\n\n<p class=\"wp-block-paragraph\">El trabajo infantil esta normalizado, el 90 por ciento de las personas lo considera como una forma de violencia, sin embargo, el 14 por ciento no lo percibe as\u00ed, incluso lo normaliza.<\/p>\n\n\n\n<p class=\"wp-block-paragraph\">Mientras que los gritos y otras agresiones verbales, siguen siendo parte de la educaci\u00f3n: &nbsp;cerca del 30 por ciento consideran que no es violencia contra la ni\u00f1ez y adolescencia el alzarles la voz.<\/p>\n\n\n\n<p class=\"wp-block-paragraph\">El levantamiento de informaci\u00f3n por parte de World Vision M\u00e9xico fue a trav\u00e9s de grupos focales y entrevistas en todo el pa\u00eds.<\/p>\n\n\n\n<p class=\"wp-block-paragraph\">En total participaron 9 mil ni\u00f1as, ni\u00f1os, adolescentes y adultos, de m\u00e1s de 260 municipios. La mayor proporci\u00f3n se concentr\u00f3 en personas de 10 a 19 a\u00f1os con cerca del 40 por ciento de los encuestados.<\/p>\n\n\n\n<p class=\"wp-block-paragraph\">Derivado de este conjunto de hallazgos, la organizaci\u00f3n civil recomienda impulsar una estrategia nacional para erradicar la violencia en contra la ni\u00f1ez y adolescencia que considere presupuestos suficientes, capacitaci\u00f3n y fortalecimiento de instancias, y l\u00edneas de coordinaci\u00f3n con los tres niveles de gobierno.<\/p>\n\n\n\n<p class=\"wp-block-paragraph\">\u00abQue los congresos locales y federales mejoren marcos legales relacionados con la prohibici\u00f3n, prevenci\u00f3n, atenci\u00f3n, restituci\u00f3n y acceso a la justicia a ni\u00f1as, ni\u00f1os y adolescentes. Aportar y fortalecer el desarrollo de l\u00edneas de investigaci\u00f3n y an\u00e1lisis acad\u00e9micos sobre la situaci\u00f3n de la violencia contra la ni\u00f1ez y adolescencia en los municipios y estados\u00bb<\/p>\n\n\n\n<p class=\"wp-block-paragraph\">Los resultados de estos estudios permiten generar insumos para fortalecer informes a organismos internacionales, estudios nacionales sobre la situaci\u00f3n de violencia en contra de la ni\u00f1ez y adolescencia; y la elaboraci\u00f3n de planes, estrategias y protocolos.<\/p>\n\n\n\n<p class=\"wp-block-paragraph\">\u00abFrente a este contexto, World Vision M\u00e9xico gener\u00f3 este informe para entender la situaci\u00f3n actual de la ni\u00f1ez y la adolescencia en el pa\u00eds, que nace de la necesidad de tener informaci\u00f3n veraz y actualizada para el desarrollo de acciones puntuales que garanticen un entorno libre de violencia\u00bb, puntualiz\u00f3 la presidenta de la Comisi\u00f3n de la Ni\u00f1ez en el Senado.<\/p>\n\n\n\n<div class=\"wp-block-image\"><figure class=\"aligncenter size-full\"><a href=\"https:\/\/redsemlac.com\/semmexico\/wp-content\/uploads\/2022\/04\/nin-09.png\"><img loading=\"lazy\" decoding=\"async\" width=\"665\" height=\"551\" src=\"https:\/\/redsemlac.com\/semmexico\/wp-content\/uploads\/2022\/04\/nin-09.png\" alt=\"\" class=\"wp-image-48326\"\/><\/a><\/figure><\/div>\n\n\n\n<p class=\"wp-block-paragraph\">COMUNICADO:&nbsp;<a href=\"https:\/\/www.pan.senado.gob.mx\/2022\/04\/urge-impulsar-una-estrategia-nacional-para-erradicar-la-violencia-contra-la-ninez-vazquez-mota\/\" target=\"_blank\" rel=\"noreferrer noopener\">https:\/\/www.pan.senado.gob.mx\/2022\/04\/urge-impulsar-una-estrategia-nacional-para-erradicar-la-violencia-contra-la-ninez-vazquez-mota\/<\/a><\/p>\n\n\n\n<p class=\"wp-block-paragraph\">VIDEO:&nbsp;<a href=\"https:\/\/youtu.be\/k3xjcLkJoIw\" target=\"_blank\" rel=\"noreferrer noopener\">https:\/\/youtu.be\/k3xjcLkJoIw<\/a><\/p>\n\n\n\n<p class=\"wp-block-paragraph\">INFORME:&nbsp;<a href=\"https:\/\/worldvisionmexico.org.mx\/ebooks\/informe22\/ebook\/#book\/\" target=\"_blank\" rel=\"noreferrer noopener\">https:\/\/worldvisionmexico.org.mx\/ebooks\/informe22\/ebook\/#book\/<\/a><\/p>\n\n\n\n<p class=\"wp-block-paragraph\">FOTOS:&nbsp;<a href=\"https:\/\/www.pan.senado.gob.mx\/wp-content\/uploads\/2022\/04\/20222.04.06-FOTOS-JVM-WORLD-VISION-MX-NINEZ.zip\" target=\"_blank\" rel=\"noreferrer noopener\">https:\/\/www.pan.senado.gob.mx\/wp-content\/uploads\/2022\/04\/20222.04.06-FOTOS-JVM-WORLD-VISION-MX-NINEZ.zip<\/a><\/p>\n\n\n\n<p class=\"wp-block-paragraph\">AUDIO:&nbsp;<a href=\"https:\/\/www.pan.senado.gob.mx\/wp-content\/uploads\/2022\/04\/20222.04.06-AUDIO-JVM-WORLD-VISION-MX-NINEZ.zip\" target=\"_blank\" rel=\"noreferrer noopener\">https:\/\/www.pan.senado.gob.mx\/wp-content\/uploads\/2022\/04\/20222.04.06-AUDIO-JVM-WORLD-VISION-MX-NINEZ.zip<\/a><\/p>\n","protected":false},"excerpt":{"rendered":"<p>El Informe Nacional sobre Violencia contra Ni\u00f1as, Ni\u00f1os y Adolescentes, de World Visi\u00f3n M\u00e9xico, revel\u00f3 una grave situaci\u00f3n de violencia, de homicidios y feminicidios; de relaciones violentas en casa.<\/p>\n","protected":false},"author":3,"featured_media":48334,"comment_status":"open","ping_status":"open","sticky":false,"template":"","format":"standard","meta":{"_monsterinsights_skip_tracking":false,"footnotes":""},"categories":[693,50],"tags":[],"class_list":["post-48325","post","type-post","status-publish","format-standard","has-post-thumbnail","category-693","category-congreso"],"_links":{"self":[{"href":"https:\/\/redsemlac.com\/semmexico\/wp-json\/wp\/v2\/posts\/48325","targetHints":{"allow":["GET"]}}],"collection":[{"href":"https:\/\/redsemlac.com\/semmexico\/wp-json\/wp\/v2\/posts"}],"about":[{"href":"https:\/\/redsemlac.com\/semmexico\/wp-json\/wp\/v2\/types\/post"}],"author":[{"embeddable":true,"href":"https:\/\/redsemlac.com\/semmexico\/wp-json\/wp\/v2\/users\/3"}],"replies":[{"embeddable":true,"href":"https:\/\/redsemlac.com\/semmexico\/wp-json\/wp\/v2\/comments?post=48325"}],"version-history":[{"count":0,"href":"https:\/\/redsemlac.com\/semmexico\/wp-json\/wp\/v2\/posts\/48325\/revisions"}],"wp:featuredmedia":[{"embeddable":true,"href":"https:\/\/redsemlac.com\/semmexico\/wp-json\/wp\/v2\/media\/48334"}],"wp:attachment":[{"href":"https:\/\/redsemlac.com\/semmexico\/wp-json\/wp\/v2\/media?parent=48325"}],"wp:term":[{"taxonomy":"category","embeddable":true,"href":"https:\/\/redsemlac.com\/semmexico\/wp-json\/wp\/v2\/categories?post=48325"},{"taxonomy":"post_tag","embeddable":true,"href":"https:\/\/redsemlac.com\/semmexico\/wp-json\/wp\/v2\/tags?post=48325"}],"curies":[{"name":"wp","href":"https:\/\/api.w.org\/{rel}","templated":true}]}}