{"id":48318,"date":"2022-04-08T16:52:17","date_gmt":"2022-04-08T22:52:17","guid":{"rendered":"https:\/\/redsemlac.com\/semmexico\/?p=48318"},"modified":"2023-07-21T19:02:34","modified_gmt":"2023-07-22T00:02:34","slug":"el-prt-ante-la-consulta-del-10-de-abril","status":"publish","type":"post","link":"https:\/\/redsemlac.com\/semmexico\/el-prt-ante-la-consulta-del-10-de-abril\/","title":{"rendered":"El PRT ante la consulta del 10 de abril"},"content":{"rendered":"\n<p class=\"wp-block-paragraph\"><strong>Redacci\u00f3n<\/strong><\/p>\n\n\n\n<p class=\"wp-block-paragraph\">SemM\u00e9xico\/BanderaSocialista, Ciudad de M\u00e9xico.  8 de abril, 2022.- El 10 de abril se llevar\u00e1 a cabo una consulta ciudadana sobre la revocaci\u00f3n de mandato que se ha convertido en una campa\u00f1a de ratificaci\u00f3n de mandato del gobierno de Andr\u00e9s Manuel L\u00f3pez Obrador. La polarizaci\u00f3n pol\u00edtica e ideol\u00f3gica que se ha expresado en torno a \u00e9ste tema, no ha tenido el mismo impacto social, no hay grandes movilizaciones en uno u otro sentido, ya que no hay fuerzas sociales o partidos pol\u00edticos que hayan impulsado la revocaci\u00f3n de mandato, sino que ha sido un ejercicio impulsado desde las alturas del poder para fortalecer el mandato de L\u00f3pez Obrador y posicionar a Morena, el partido del gobierno, rumbo a las elecciones de 2024.<\/p>\n\n\n\n<p class=\"wp-block-paragraph\">El derecho a la revocaci\u00f3n de mandato es parte de varias demandas democr\u00e1ticas que movimientos ciudadanos han reclamado desde hace a\u00f1os, incluso mucho antes del gobierno de AMLO. La izquierda y los movimientos sociales en M\u00e9xico, con familiares de personas desaparecidas y la defensa de los derechos humanos, han llevado a cabo consultas ciudadanas y formas de democracia participativa, mucho antes que las instituciones establecieran mecanismos legales para ello. Son demandas que tuvieron su auge durante y frente a los gobiernos neoliberales en M\u00e9xico y otras partes del mundo, consideradas como parte de una concepci\u00f3n de democracia participativa que supera la democracia representativa, incluyendo el derecho a la consulta, al plebiscito, al refer\u00e9ndum o al presupuesto participativo.<\/p>\n\n\n\n<p class=\"wp-block-paragraph\">Pero la consulta para la revocaci\u00f3n de mandato puede ser un instrumento \u00fatil en una situaci\u00f3n de emergencia o extraordinaria frente a un gobierno nefasto o violatorio de derechos humanos e institucionales en extremo. Hubiera sido \u00fatil frente a un gobierno como el de Pe\u00f1a Nieto, donde cada a\u00f1o de su sexenio hubo explosiones populares, resistiendo la imposici\u00f3n de sus programas neoliberales y desde septiembre de 2014 con la desaparici\u00f3n de los 43 estudiantes normalistas de Ayotzinapa la situaci\u00f3n lleg\u00f3 a un l\u00edmite. Es el momento en que el movimiento plante\u00f3 \u00abFue el Estado\u00bb y \u00abFuera Pe\u00f1a\u00bb.<\/p>\n\n\n\n<p class=\"wp-block-paragraph\">En el caso de M\u00e9xico y el gobierno de AMLO, la consulta revocatoria encuentra una situaci\u00f3n peculiar pues no hay partido o fuerza social que est\u00e9 exigiendo la salida de AMLO o la revocaci\u00f3n de su mandato. Los partidos de derecha los utilizan para su campa\u00f1a medi\u00e1tica contra AMLO pero no es un reclamo que apoyen. Nadie ha solicitado la revocaci\u00f3n del mandato de AMLO.<\/p>\n\n\n\n<p class=\"wp-block-paragraph\">El gobierno de AMLO y su partido empujan la consulta del 10 de abril, entonces, como una campa\u00f1a electoral para fortalecer la posici\u00f3n de AMLO y posicionar a Morena para el 2024, sea quien sea su candidatura presidencial pero para asegurar la continuidad del nuevo r\u00e9gimen pol\u00edtico que quisieran constituir.<\/p>\n\n\n\n<p class=\"wp-block-paragraph\">De esta manera est\u00e1n presionando con la disyuntiva, en realidad, de que se ratifique el mandato de AMLO. Es por eso que el PRT considera que no tiene por qu\u00e9 pronunciarse a mitad del sexenio por la continuaci\u00f3n o ratificaci\u00f3n del mandato. Tampoco por la revocaci\u00f3n. Porque el voto del 10 de abril es m\u00e1s bien de confianza o respaldo al gobierno. Y si no se est\u00e1 planteando la revocaci\u00f3n, hacer un voto de confianza es contrario a las luchas contra los megaproyectos neoliberales, la defensa de los derechos humanos, contra la participaci\u00f3n de las fuerzas armadas en la seguridad p\u00fablica y el solapamiento de las responsabilidades del ej\u00e9rcito y la Armada en cr\u00edmenes como la desaparici\u00f3n de 43 normalistas de Ayotzinapa, la lucha sindical por derechos laborales y respeto a su autonom\u00eda, las luchas de los pueblos ind\u00edgenas en defensa de la tierra y el territorio, as\u00ed como la lucha contra el feminicidio y todo tipo de violencias machistas contra las mujeres.<\/p>\n\n\n\n<p class=\"wp-block-paragraph\">Hoy m\u00e1s que nunca, es necesario fortalecer la lucha independiente, por una alternativa de clase trabajadora, ecosocialista, feminista e internacionalista.<\/p>\n\n\n\n<p class=\"wp-block-paragraph\">Comit\u00e9 Pol\u00edtico del Partido Revolucionario de las y los Trabajadores.<\/p>\n","protected":false},"excerpt":{"rendered":"<p>El derecho a la revocaci\u00f3n de mandato es parte de varias demandas democr\u00e1ticas que movimientos ciudadanos han reclamado desde hace a\u00f1os, incluso mucho antes del gobierno de AMLO. <\/p>\n","protected":false},"author":3,"featured_media":48319,"comment_status":"open","ping_status":"open","sticky":false,"template":"","format":"standard","meta":{"_monsterinsights_skip_tracking":false,"footnotes":""},"categories":[693,64],"tags":[],"class_list":["post-48318","post","type-post","status-publish","format-standard","has-post-thumbnail","category-693","category-para-saber"],"_links":{"self":[{"href":"https:\/\/redsemlac.com\/semmexico\/wp-json\/wp\/v2\/posts\/48318","targetHints":{"allow":["GET"]}}],"collection":[{"href":"https:\/\/redsemlac.com\/semmexico\/wp-json\/wp\/v2\/posts"}],"about":[{"href":"https:\/\/redsemlac.com\/semmexico\/wp-json\/wp\/v2\/types\/post"}],"author":[{"embeddable":true,"href":"https:\/\/redsemlac.com\/semmexico\/wp-json\/wp\/v2\/users\/3"}],"replies":[{"embeddable":true,"href":"https:\/\/redsemlac.com\/semmexico\/wp-json\/wp\/v2\/comments?post=48318"}],"version-history":[{"count":0,"href":"https:\/\/redsemlac.com\/semmexico\/wp-json\/wp\/v2\/posts\/48318\/revisions"}],"wp:featuredmedia":[{"embeddable":true,"href":"https:\/\/redsemlac.com\/semmexico\/wp-json\/wp\/v2\/media\/48319"}],"wp:attachment":[{"href":"https:\/\/redsemlac.com\/semmexico\/wp-json\/wp\/v2\/media?parent=48318"}],"wp:term":[{"taxonomy":"category","embeddable":true,"href":"https:\/\/redsemlac.com\/semmexico\/wp-json\/wp\/v2\/categories?post=48318"},{"taxonomy":"post_tag","embeddable":true,"href":"https:\/\/redsemlac.com\/semmexico\/wp-json\/wp\/v2\/tags?post=48318"}],"curies":[{"name":"wp","href":"https:\/\/api.w.org\/{rel}","templated":true}]}}