{"id":48301,"date":"2022-04-08T15:30:00","date_gmt":"2022-04-08T21:30:00","guid":{"rendered":"https:\/\/redsemlac.com\/semmexico\/?p=48301"},"modified":"2023-07-21T19:02:34","modified_gmt":"2023-07-22T00:02:34","slug":"obesidad-y-su-estigma-social","status":"publish","type":"post","link":"https:\/\/redsemlac.com\/semmexico\/obesidad-y-su-estigma-social\/","title":{"rendered":"Obesidad y su estigma social"},"content":{"rendered":"\n<ul class=\"wp-block-list\"><li><strong> La obesidad, enfermedad cr\u00f3nica, compleja y multifactorial.<\/strong><\/li><\/ul>\n\n\n\n<ul class=\"wp-block-list\"><li><strong>Quienes son blanco de discriminaci\u00f3n y estigmatizaci\u00f3n ven afectada su salud mental.<\/strong><\/li><\/ul>\n\n\n\n<p class=\"wp-block-paragraph\"><strong>Redacci\u00f3n<\/strong><\/p>\n\n\n\n<p class=\"wp-block-paragraph\">SemM\u00e9xico, Cd. de M\u00e9xico, 8 de abril, 2022.- Al ser M\u00e9xico uno de los pa\u00edses con mayor prevalencia de obesidad, pues 7 de cada 10 adultos la padecen, esta condici\u00f3n que acarrea consecuencias fisiol\u00f3gicas tambi\u00e9n trasciende al campo de lo social a partir del estigma y la discriminaci\u00f3n por la imagen corporal de las personas. (1)<\/p>\n\n\n\n<p class=\"wp-block-paragraph\">La Revista Espa\u00f1ola de Nutrici\u00f3n Humana y Diet\u00e9tica de la Fundaci\u00f3n Espa\u00f1ola de Dietistas-Nutricionistas, consultada por el Laboratorio de Datos contra la Obesidad (LabDO), destaca que \u201cla estigmatizaci\u00f3n de la obesidad consiste en la devaluaci\u00f3n que se hace a una persona por el tama\u00f1o y volumen de su cuerpo. Esta depreciaci\u00f3n parece surgir de la creencia social que sostiene que la obesidad es una enfermedad provocada por la o el individuo, atribuy\u00e9ndole una responsabilidad unipersonal, y no atendiendo a los m\u00faltiples factores que la ocasionan (factores gen\u00e9ticos, ambientales, psicol\u00f3gicos, endocrinos, neurales, pol\u00edticos, econ\u00f3micos y de estilo de vida)\u201d. (2)<\/p>\n\n\n\n<p class=\"wp-block-paragraph\">Este estigma, aseguran, deber\u00eda ser atendido como un problema de salud p\u00fablica que vulnera los derechos humanos y sociales de las personas que lo sufren, dado que representa un importante obst\u00e1culo en el tratamiento de la enfermedad.<\/p>\n\n\n\n<p class=\"wp-block-paragraph\">Esto ha sido se\u00f1alado en la \u201cDeclaraci\u00f3n conjunta de consenso internacional para acabar con el estigma de la obesidad\u201d, del panel compuesto por expertos multidisciplinarios, incluidos representantes de 10 organizaciones cient\u00edficas, entre ellas, la Facultad de Medicina de la Universidad de Boston, la Universidad de Padua, la Escuela de Medicina de la Universidad de Indiana y Hospitales del University College de Londres. (3)<\/p>\n\n\n\n<p class=\"wp-block-paragraph\">Asimismo, un art\u00edculo de investigaci\u00f3n publicado en la Revista M\u00e9dica de Chile de la Universidad de La Frontera, en Temuco, Chile, hace referencia a algunos estudios que indican que quienes son blanco de tal estigmatizaci\u00f3n ven afectada su salud mental, tienen mayor enfermedad f\u00edsica, peor bienestar individual, bajo rendimiento acad\u00e9mico y dificultades en el acceso a bienes de capital, educaci\u00f3n y oportunidades laborales, adem\u00e1s est\u00e1n expuestos a discriminaci\u00f3n en diferentes \u00e1mbitos, los cuales incluyen entornos de salud, trabajo y relaciones interpersonales, constituy\u00e9ndose por tanto, en un problema relevante con consecuencias psicosociales profundas. (4)<\/p>\n\n\n\n<p class=\"wp-block-paragraph\">Por su parte, en M\u00e9xico, seg\u00fan cifras de la Encuesta Nacional sobre Discriminaci\u00f3n (ENADIS), en 2017, el 20.2 por ciento de la poblaci\u00f3n de 18 a\u00f1os o m\u00e1s declar\u00f3 haber sido discriminada ese a\u00f1o, siendo los motivos principales: la forma de vestir o el arreglo personal, el peso o la estatura, la edad y las creencias religiosas. (5)<\/p>\n\n\n\n<p class=\"wp-block-paragraph\">De manera espec\u00edfica, la Encuesta sobre Discriminaci\u00f3n en la Ciudad de M\u00e9xico (EDIS) 2017, precisa que en cuanto al c\u00f3mo y por qu\u00e9 de la discriminaci\u00f3n se obtuvo por respuesta el sobrepeso en primer lugar (10.7%) y consecutivamente: la forma de vestir (9.7%), el color de piel (5.6%), la edad (5.2%) y su imagen (5.2%). Tambi\u00e9n detalla que en cuanto a la percepci\u00f3n de las personas sobre cu\u00e1les fueron las causas m\u00e1s comunes de discriminaci\u00f3n, el 4.2% de las y los encuestados mencionaron la obesidad. (6)<\/p>\n\n\n\n<p class=\"wp-block-paragraph\">El tema es de tal importancia que, en el marco del D\u00eda Mundial de la Obesidad, un grupo de profesionales de nuestro pa\u00eds, con apoyo de la Federaci\u00f3n Mundial de la Obesidad, dio a conocer el posicionamiento para prevenir, tratar y controlar la obesidad: \u201cVolvi\u00e9ndonos mejores: necesidad de acci\u00f3n inmediata ante el reto de la obesidad. Una postura de profesionales de la salud\u201d, que incluye 10 recomendaciones para abordar la obesidad de manera seria, con datos en la evidencia cient\u00edfica, oportuna e integral; con enfoque de curso de vida; de forma \u00e9tica y sensible, y sin perpetuar las barreras del estigma de peso en la sociedad.<\/p>\n\n\n\n<p class=\"wp-block-paragraph\">Entre estas recomendaciones destaca que: \u201cLas personas que viven con obesidad no deben ser estigmatizadas. Es fundamental entender que este reto de salud no es un asunto de responsabilidad individual; es necesario evitar simplificaciones sobre las causas o soluciones, reconociendo que es un desaf\u00edo serio y una misi\u00f3n de la sociedad en su conjunto (incluyendo agrupaciones de profesionales y pacientes, tomadores de decisiones, organizaciones de la sociedad civil, representantes de la academia y organizaciones internacionales de salud)\u201d. (7)<\/p>\n\n\n\n<p class=\"wp-block-paragraph\">Fuentes:<\/p>\n\n\n\n<p class=\"wp-block-paragraph\">1.- La obesidad en M\u00e9xico Estado de la pol\u00edtica p\u00fablica y recomendaciones para su prevenci\u00f3n y control.<\/p>\n\n\n\n<p class=\"wp-block-paragraph\"><a href=\"https:\/\/www.insp.mx\/avisos\/4884-la-obesidad-mexico.html\">https:\/\/www.insp.mx\/avisos\/4884-la-obesidad-mexico.html<\/a><\/p>\n\n\n\n<p class=\"wp-block-paragraph\">2.- Revista Espa\u00f1ola de Nutrici\u00f3n Humana y Diet\u00e9tica. (2021). Estigmatizaci\u00f3n de la obesidad, un problema a erradicar. Marzo, 2022, de Revista Espa\u00f1ola de Nutrici\u00f3n Humana y Diet\u00e9tica Sitio web: https:\/\/www.renhyd.org\/index.php\/renhyd\/article\/view\/1271\/757<\/p>\n\n\n\n<p class=\"wp-block-paragraph\">3.- Nature Medicine. (2020). Declaraci\u00f3n conjunta de consenso internacional para acabar con el estigma de la obesidad. Abril, 2022, de Nat Med Sitio web: https:\/\/www-nature-com.translate.goog\/articles\/s41591-020-0803-x?error=cookies_not_supported&amp;code=5f95d132-e8e6-4df8-9efa-1ca0edbef5f2&amp;_x_tr_sl=en&amp;_x_tr_tl=es&amp;_x_tr_hl=es&amp;_x_tr_pto=sc<\/p>\n\n\n\n<p class=\"wp-block-paragraph\">4.- Revista M\u00e9dica de Chile. (2017). Estigma de obesidad, su impacto en las v\u00edctimas y en los Equipos de Salud: una revisi\u00f3n de la literatura. Marzo, 2022, de Revista M\u00e9dica de Chile Sitio web: https:\/\/scielo.conicyt.cl\/pdf\/rmc\/v145n9\/0034-9887-rmc-145-09-1160.pdf<\/p>\n\n\n\n<p class=\"wp-block-paragraph\">5.- Consejo Nacional para Prevenir la Discriminaci\u00f3n, Comisi\u00f3n Nacional de los Derechos Humanos, Universidad Nacional Aut\u00f3noma de M\u00e9xico, Consejo Nacional de Ciencia y Tecnolog\u00eda e Instituto Nacional de Estad\u00edstica y Geograf\u00eda. (2017). Encuesta Nacional Sobre Discriminaci\u00f3n 2017. Marzo, 2022, de ENADIS Sitio web: https:\/\/www.conapred.org.mx\/userfiles\/files\/PtcionENADIS2017_08.pdf<\/p>\n\n\n\n<p class=\"wp-block-paragraph\">6.- Consejo Para Prevenir y Eliminar la Discriminaci\u00f3n de la Ciudad de M\u00e9xico. (2020). Cuerpos disidentes, la discriminaci\u00f3n contra las personas gordas. Marzo, 2022, de Consejo para Prevenir y Eliminar la Discriminaci\u00f3n de la Ciudad de M\u00e9xico Sitio web: https:\/\/copred.cdmx.gob.mx\/storage\/app\/media\/Cuerpos-Disidentes-La-discriminacion-contra-las-personas-gordas.pdf<\/p>\n\n\n\n<p class=\"wp-block-paragraph\">7.-&nbsp; Salud P\u00fablica de M\u00e9xico. (2022). Volvi\u00e9ndonos mejores: necesidad de acci\u00f3n inmediata ante el reto de la obesidad. Una postura de profesionales de la salud*. Marzo, 2022, de Salud P\u00fablica de M\u00e9xico Sitio web: https:\/\/saludpublica.mx\/index.php\/spm\/article\/view\/13679\/12200<\/p>\n","protected":false},"excerpt":{"rendered":"<p> La obesidad, enfermedad cr\u00f3nica, compleja y multifactorial.<\/p>\n","protected":false},"author":3,"featured_media":48302,"comment_status":"open","ping_status":"open","sticky":false,"template":"","format":"standard","meta":{"_monsterinsights_skip_tracking":false,"footnotes":""},"categories":[693,51],"tags":[],"class_list":["post-48301","post","type-post","status-publish","format-standard","has-post-thumbnail","category-693","category-ejecutivo"],"_links":{"self":[{"href":"https:\/\/redsemlac.com\/semmexico\/wp-json\/wp\/v2\/posts\/48301","targetHints":{"allow":["GET"]}}],"collection":[{"href":"https:\/\/redsemlac.com\/semmexico\/wp-json\/wp\/v2\/posts"}],"about":[{"href":"https:\/\/redsemlac.com\/semmexico\/wp-json\/wp\/v2\/types\/post"}],"author":[{"embeddable":true,"href":"https:\/\/redsemlac.com\/semmexico\/wp-json\/wp\/v2\/users\/3"}],"replies":[{"embeddable":true,"href":"https:\/\/redsemlac.com\/semmexico\/wp-json\/wp\/v2\/comments?post=48301"}],"version-history":[{"count":0,"href":"https:\/\/redsemlac.com\/semmexico\/wp-json\/wp\/v2\/posts\/48301\/revisions"}],"wp:featuredmedia":[{"embeddable":true,"href":"https:\/\/redsemlac.com\/semmexico\/wp-json\/wp\/v2\/media\/48302"}],"wp:attachment":[{"href":"https:\/\/redsemlac.com\/semmexico\/wp-json\/wp\/v2\/media?parent=48301"}],"wp:term":[{"taxonomy":"category","embeddable":true,"href":"https:\/\/redsemlac.com\/semmexico\/wp-json\/wp\/v2\/categories?post=48301"},{"taxonomy":"post_tag","embeddable":true,"href":"https:\/\/redsemlac.com\/semmexico\/wp-json\/wp\/v2\/tags?post=48301"}],"curies":[{"name":"wp","href":"https:\/\/api.w.org\/{rel}","templated":true}]}}