{"id":4816,"date":"2019-01-10T17:02:01","date_gmt":"2019-01-10T17:02:01","guid":{"rendered":"https:\/\/redsemlac.com\/semmexico\/?p=4816"},"modified":"2023-07-21T14:43:29","modified_gmt":"2023-07-21T19:43:29","slug":"una-forma-para-hacer-visible-la-violencia-de-genero-contra-las-mujeres","status":"publish","type":"post","link":"https:\/\/redsemlac.com\/semmexico\/una-forma-para-hacer-visible-la-violencia-de-genero-contra-las-mujeres\/","title":{"rendered":"Una forma para hacer visible la violencia de g\u00e9nero contra las mujeres."},"content":{"rendered":"\n<p class=\"wp-block-paragraph\"><a href=\"https:\/\/www.semmexico.com\/gallery-post.php?id=6801#\">Redacci\u00f3n<\/a><\/p>\n\n\n\n<p class=\"wp-block-paragraph\"><strong>Patricia Brise\u00f1o<\/strong><\/p>\n\n\n\n<p class=\"wp-block-paragraph\">SemM\u00e9xico, Oaxaca, 10 enero 2019.- &nbsp;Por unanimidad, diputadas y diputados integrantes de la 64 Legislatura del Congreso del Estado acordaron declarar \u201c2019, a\u00f1o por la erradicaci\u00f3n de la violencia contra la mujer\u201d, al considerarlo un tema de trascendencia social, que haga visible la problem\u00e1tica en contra de las mujeres quienes han sido violentadas en sus derechos humanos, pol\u00edticos y culturales.<\/p>\n\n\n\n<p class=\"wp-block-paragraph\">De acuerdo con sus facultades la Comisi\u00f3n Permanente de Cultura, pidi\u00f3 que se decrete que, en todas las comunicaciones y documentos oficiales del Gobierno del Estado de Oaxaca, de los municipios de la entidad, de las entidades paraestatales de car\u00e1cter estatal y municipal, y de la propia Legislatura, se inscriba esa leyenda.<\/p>\n\n\n\n<p class=\"wp-block-paragraph\">De igual forma, se haga un exhorto al Gobierno del Estado y a los municipios de la entidad para que realicen acciones afirmativas que hagan visible esta problem\u00e1tica, que llev\u00f3 al gobierno federal -el pasado 30 de agosto de 2018\u2014procedente en 40 municipios la declaratoria de alerta de violencia de g\u00e9nero por los asesinatos contra las mujeres registradas en los \u00faltimos a\u00f1os.<\/p>\n\n\n\n<p class=\"wp-block-paragraph\">\u201cTampoco podemos olvidar m\u00e1s de 40 casos de violencia pol\u00edtica contra las mujeres electas por los principios de derecho positivo y consuetudinario, entre 2015 a 2018, consignados por la Defensor\u00eda de los Derechos Humanos del Pueblo de Oaxaca\u201d, subray\u00f3 Aleida Serrano Rosado, integrante la Comisi\u00f3n impulsara del decreto.<\/p>\n\n\n\n<p class=\"wp-block-paragraph\">Tambi\u00e9n mencion\u00f3 que la aprobaci\u00f3n del decreto es con el \u00e1nimo de contribuir a erradicar en la lucha por el derecho de las mujeres a una vida libre de violencia sea garantizado por recomendaci\u00f3n de organizaciones sociales y colectivos feministas.<\/p>\n\n\n\n<p class=\"wp-block-paragraph\">\u201cEn m\u00faltiples ocasiones se ha conminado a los y las integrantes de Congreso a realizar las reformas necesarias para prevenir, sancionar y erradicar la violencia feminicida en Oaxaca, vamos en esa v\u00eda\u201d, asent\u00f3.<\/p>\n\n\n\n<p class=\"wp-block-paragraph\">\u201cEl Congreso del estado en el a\u00f1o del 2013, lo declar\u00f3 \u201cde la Protecci\u00f3n de los Derechos de la Mujer\u201d, y de ah\u00ed no ha existido otro antecedente que nos circunscriba en la lucha igualitaria de derechos, por lo que en aras de contribuir en esta lucha nos sumamos a la declaratoria, expuso.<\/p>\n\n\n\n<p class=\"wp-block-paragraph\">La diputada y coordinadora del grupo parlamentario Mujeres Independientes reconoci\u00f3 que la propuesta inicial de la declaratoria provino de las diputadas Aurora L\u00f3pez Acevedo y Victoria Cruz Villar, integrantes del grupo parlamentario del Partido Verde de Ecologista de M\u00e9xico.<\/p>\n\n\n\n<p class=\"wp-block-paragraph\"><strong>Los hechos<\/strong><\/p>\n\n\n\n<p class=\"wp-block-paragraph\">El Observatorio Ciudadano Nacional del Feminicidio (OCNF), red conformada por 40 organizaciones de la sociedad civil, ubicadas en 22 estados de la Rep\u00fablica, presenta en Oaxaca el Informe \u00abImplementaci\u00f3n del tipo penal de feminicidio en M\u00e9xico: Desaf\u00edos para acreditar las razones de g\u00e9nero 2014-2017\u201d.<\/p>\n\n\n\n<p class=\"wp-block-paragraph\">En dicho informe el OCNF document\u00f3 el asesinato de 385 mujeres de enero de 2014 a junio de 2017. De ellos, s\u00f3lo 256 casos fueron investigados como feminicidios, es decir el 66%.<\/p>\n\n\n\n<p class=\"wp-block-paragraph\">A ello se suma el incremento de la desaparici\u00f3n de mujeres y ni\u00f1as en la entidad.<\/p>\n\n\n\n<p class=\"wp-block-paragraph\">Del primero de diciembre de 2016 a la fecha la organizaci\u00f3n Consorcio para el Di\u00e1logo Parlamentario y la Equidad Oaxaca ha documentado la desaparici\u00f3n de 315 mujeres y ni\u00f1as desaparecidas, de las cuales 17 fueron localizadas, 4 de ellas fueron v\u00edctimas de feminicidio, mientras que del resto no hay informaci\u00f3n al respecto.<\/p>\n\n\n\n<p class=\"wp-block-paragraph\">En el caso de los feminicidios, la Fiscal\u00eda General del Estado de Oaxaca inform\u00f3 al OCNF que en su mayor\u00eda, las mujeres v\u00edctimas de feminicidio se encontraban en el rango de m\u00e1s de 50 a\u00f1os de edad (23%), seguidas de mujeres entre 31 y 40 a\u00f1os de edad en un 21 por ciento.<\/p>\n\n\n\n<p class=\"wp-block-paragraph\">De manera preocupante el OCNF document\u00f3 que el 45 por ciento de los feminicidios fueron perpetrados con arma de fuego, el 24 por ciento con arma blanca, 12 por ciento a trav\u00e9s de golpes, nueve por ciento de las mujeres fueron asfixiadas, en el siete por ciento de los casos la autoridad desconoce el m\u00e9todo utilizado para asesinar a las v\u00edctimas, mientras que en el tres por ciento de los casos la autoridad inform\u00f3 que los feminicidios fueron realizados con \u201cotros m\u00e9todos\u201d.<\/p>\n\n\n\n<p class=\"wp-block-paragraph\">Otro dato de preocupaci\u00f3n es que en el 55 por ciento de los casos la autoridad desconoce el lugar del hallazgo de las mujeres v\u00edctimas de feminicidio. Por otra parte, 29 por ciento de los cuerpos de las mujeres fueron encontrados en espacios p\u00fablicos como terrenos bald\u00edos, carreteras, entre otros, lo que evidencia el poco valor que se le da a la vida de las mujeres y la basurizaci\u00f3n de su cuerpo. Asimismo, en el 16 por ciento de los casos las mujeres fueron encontradas en su casa habitaci\u00f3n.<\/p>\n\n\n\n<p class=\"wp-block-paragraph\">SEM\/pb\/sj<br><\/p>\n","protected":false},"excerpt":{"rendered":"<p>Redacci\u00f3n Patricia Brise\u00f1o SemM\u00e9xico, Oaxaca, 10 enero 2019.- &nbsp;Por unanimidad, diputadas y diputados integrantes de la 64 Legislatura del Congreso del Estado acordaron declarar \u201c2019, a\u00f1o por la erradicaci\u00f3n de la violencia contra la mujer\u201d, al considerarlo un tema de trascendencia social, que haga visible la problem\u00e1tica en contra de las mujeres quienes han sido [&hellip;]<\/p>\n","protected":false},"author":3,"featured_media":4817,"comment_status":"open","ping_status":"open","sticky":false,"template":"","format":"standard","meta":{"_monsterinsights_skip_tracking":false,"footnotes":""},"categories":[690,50],"tags":[],"class_list":["post-4816","post","type-post","status-publish","format-standard","has-post-thumbnail","category-690","category-congreso"],"_links":{"self":[{"href":"https:\/\/redsemlac.com\/semmexico\/wp-json\/wp\/v2\/posts\/4816","targetHints":{"allow":["GET"]}}],"collection":[{"href":"https:\/\/redsemlac.com\/semmexico\/wp-json\/wp\/v2\/posts"}],"about":[{"href":"https:\/\/redsemlac.com\/semmexico\/wp-json\/wp\/v2\/types\/post"}],"author":[{"embeddable":true,"href":"https:\/\/redsemlac.com\/semmexico\/wp-json\/wp\/v2\/users\/3"}],"replies":[{"embeddable":true,"href":"https:\/\/redsemlac.com\/semmexico\/wp-json\/wp\/v2\/comments?post=4816"}],"version-history":[{"count":0,"href":"https:\/\/redsemlac.com\/semmexico\/wp-json\/wp\/v2\/posts\/4816\/revisions"}],"wp:featuredmedia":[{"embeddable":true,"href":"https:\/\/redsemlac.com\/semmexico\/wp-json\/wp\/v2\/media\/4817"}],"wp:attachment":[{"href":"https:\/\/redsemlac.com\/semmexico\/wp-json\/wp\/v2\/media?parent=4816"}],"wp:term":[{"taxonomy":"category","embeddable":true,"href":"https:\/\/redsemlac.com\/semmexico\/wp-json\/wp\/v2\/categories?post=4816"},{"taxonomy":"post_tag","embeddable":true,"href":"https:\/\/redsemlac.com\/semmexico\/wp-json\/wp\/v2\/tags?post=4816"}],"curies":[{"name":"wp","href":"https:\/\/api.w.org\/{rel}","templated":true}]}}