{"id":48102,"date":"2022-04-04T16:17:58","date_gmt":"2022-04-04T22:17:58","guid":{"rendered":"https:\/\/redsemlac.com\/semmexico\/?p=48102"},"modified":"2023-07-21T19:02:05","modified_gmt":"2023-07-22T00:02:05","slug":"gobierno-federal-abandona-al-campo-cruz-blackledge","status":"publish","type":"post","link":"https:\/\/redsemlac.com\/semmexico\/gobierno-federal-abandona-al-campo-cruz-blackledge\/","title":{"rendered":"Gobierno federal abandona al campo: Cruz Blackledge"},"content":{"rendered":"\n<ul class=\"wp-block-list\"><li><strong> La senadora panista dijo que hoy la prioridad del gobierno est\u00e1 en otro lugar<\/strong><\/li><\/ul>\n\n\n\n<ul class=\"wp-block-list\"><li><strong>El presupuesto para ese sector disminuy\u00f3 20 mmdp en 2022, con respecto al 2019<\/strong><\/li><\/ul>\n\n\n\n<p class=\"wp-block-paragraph\"><strong>Redacci\u00f3n<\/strong><\/p>\n\n\n\n<p class=\"wp-block-paragraph\">SemM\u00e9xico, Cd. de M\u00e9xico, 4 de junio, 2022.- La senadora por Baja California, Gina Andrea Cruz Blackledge, se\u00f1al\u00f3 que el campo mexicano no es una prioridad del gobierno federal: tiene menos presupuesto que hace tres a\u00f1os y los puntos de acuerdo sobre el agro, \u201cduermen\u201d el sue\u00f1o de los justos.<\/p>\n\n\n\n<p class=\"wp-block-paragraph\">La legisladora del PAN, denunci\u00f3 que hace tres a\u00f1os, en 2019, se destinaron al campo 73 mil millones de pesos, pero para el 2022 tan solo fue de los 53 mil millones de pesos, es decir, 20 mil millones de pesos menos, dijo en una reuni\u00f3n con Productores Agropecuarios del Valle de Mexicali.<\/p>\n\n\n\n<p class=\"wp-block-paragraph\">En un comunicado Cruz Blackledge destac\u00f3 la importancia del agro en la subsistencia alimentaria y en la generaci\u00f3n de empleos, por lo que acus\u00f3 su abandono, la inexistencia de apoyos y destac\u00f3 que hoy las prioridades del gobierno federal son otras y est\u00e1n en otro lugar.<\/p>\n\n\n\n<p class=\"wp-block-paragraph\">As\u00ed lo dijo en referencia a los proyectos ubicados en el sureste mexicano: el Tren Maya, la refiner\u00eda Dos Bocas y el aeropuerto Felipe \u00c1ngeles que acaba de inaugurar, que le han hecho perder de vista lo que est\u00e1 sucediendo en este momento, dijo ante agricultores<\/p>\n\n\n\n<p class=\"wp-block-paragraph\">\u201cDesgraciadamente las prioridades de este gobierno est\u00e1n en otra parte, en el Sureste del Pa\u00eds, como el Tren Maya, una refiner\u00eda en Dos Bocas, Tabasco, as\u00ed como un aeropuerto que se acaba de inaugurar; sin embargo, no se est\u00e1 teniendo una visi\u00f3n global de lo que est\u00e1 sucediendo, se\u00f1al\u00f3.<\/p>\n\n\n\n<p class=\"wp-block-paragraph\">\u201cEn este momento el sector agroalimentario es lo m\u00e1s importante, no \u00fanicamente por el tema de la pandemia, no \u00fanicamente por el tema de la guerra entre Rusia y Ucrania\u201d, apunt\u00f3, sin embargo, lo que vemos es que el campo est\u00e1 abandonado.<\/p>\n\n\n\n<p class=\"wp-block-paragraph\">La legisladora panista record\u00f3 que hace un par de a\u00f1os se realiz\u00f3 una reuni\u00f3n similar con los productores del Valle de Mexicali, y que tanto ella, como la senadora Alejandra Le\u00f3n Gast\u00e9lum, han presentado distintos puntos de acuerdo ante el pleno del Senado de la Rep\u00fablica, pero que desgraciadamente \u201cduermen el sue\u00f1o de los justos\u201d, en la m\u00e1xima tribuna del pa\u00eds.<\/p>\n\n\n\n<p class=\"wp-block-paragraph\">Ante esta situaci\u00f3n, exhort\u00f3 a los dem\u00e1s legisladores de Baja California, sobre todo a quienes representan al Valle de Mexicali, a dar voz de los productores agr\u00edcolas ante el Congreso de la Uni\u00f3n e incidan con sus gestiones en el Presupuesto de Egresos de la Federaci\u00f3n.<\/p>\n\n\n\n<p class=\"wp-block-paragraph\">Cruz Blackledge habl\u00f3 de su disposici\u00f3n para coadyuvar en la soluci\u00f3n de los problemas de Baja California y los del campo bajacaliforniano, con la gobernadora Marina del Pilar \u00c1vila Olmeda. \u201cLa mandataria estatal debe encabezar las gestiones ante el Gobierno Federal ya que en este tema no hay colores ni partidos\u201d, puntualiz\u00f3.<\/p>\n\n\n\n<p class=\"wp-block-paragraph\">Abund\u00f3 que entre los problemas planteados por los productores del Valle de Mexicali se encuentran el de los altos precios de los fertilizantes, las carteras vencidas que son adeudos de los productores por diversos motivos, por lo que cada vez hay menos agricultores ya que esta actividad no tiene rentabilidad.<\/p>\n\n\n\n<p class=\"wp-block-paragraph\">Asimismo, urgi\u00f3 la necesidad de que se activen los apoyos federales para la zona Norte del pa\u00eds, y dijo que a pesar de que el precio de los granos est\u00e1 subiendo, las empresas no est\u00e1n respetando el precio.<\/p>\n\n\n\n<p class=\"wp-block-paragraph\">SEM\/sj<\/p>\n","protected":false},"excerpt":{"rendered":"<p>El presupuesto para ese sector disminuy\u00f3 20 mmdp en 2022, con respecto al 2019<\/p>\n","protected":false},"author":3,"featured_media":48103,"comment_status":"open","ping_status":"open","sticky":false,"template":"","format":"standard","meta":{"_monsterinsights_skip_tracking":false,"footnotes":""},"categories":[693,50],"tags":[],"class_list":["post-48102","post","type-post","status-publish","format-standard","has-post-thumbnail","category-693","category-congreso"],"_links":{"self":[{"href":"https:\/\/redsemlac.com\/semmexico\/wp-json\/wp\/v2\/posts\/48102","targetHints":{"allow":["GET"]}}],"collection":[{"href":"https:\/\/redsemlac.com\/semmexico\/wp-json\/wp\/v2\/posts"}],"about":[{"href":"https:\/\/redsemlac.com\/semmexico\/wp-json\/wp\/v2\/types\/post"}],"author":[{"embeddable":true,"href":"https:\/\/redsemlac.com\/semmexico\/wp-json\/wp\/v2\/users\/3"}],"replies":[{"embeddable":true,"href":"https:\/\/redsemlac.com\/semmexico\/wp-json\/wp\/v2\/comments?post=48102"}],"version-history":[{"count":0,"href":"https:\/\/redsemlac.com\/semmexico\/wp-json\/wp\/v2\/posts\/48102\/revisions"}],"wp:featuredmedia":[{"embeddable":true,"href":"https:\/\/redsemlac.com\/semmexico\/wp-json\/wp\/v2\/media\/48103"}],"wp:attachment":[{"href":"https:\/\/redsemlac.com\/semmexico\/wp-json\/wp\/v2\/media?parent=48102"}],"wp:term":[{"taxonomy":"category","embeddable":true,"href":"https:\/\/redsemlac.com\/semmexico\/wp-json\/wp\/v2\/categories?post=48102"},{"taxonomy":"post_tag","embeddable":true,"href":"https:\/\/redsemlac.com\/semmexico\/wp-json\/wp\/v2\/tags?post=48102"}],"curies":[{"name":"wp","href":"https:\/\/api.w.org\/{rel}","templated":true}]}}