{"id":4810,"date":"2019-01-15T16:59:14","date_gmt":"2019-01-15T16:59:14","guid":{"rendered":"https:\/\/redsemlac.com\/semmexico\/?p=4810"},"modified":"2023-07-21T14:41:32","modified_gmt":"2023-07-21T19:41:32","slug":"hacer-justicia-para-todas-las-mujeres-pide-la-periodista","status":"publish","type":"post","link":"https:\/\/redsemlac.com\/semmexico\/hacer-justicia-para-todas-las-mujeres-pide-la-periodista\/","title":{"rendered":"\u201cHacer justicia para todas las mujeres\u201d, pide la periodista."},"content":{"rendered":"\n<p class=\"wp-block-paragraph\"><a href=\"https:\/\/www.semmexico.com\/gallery-post.php?id=6850#\">Redacci\u00f3n<\/a><\/p>\n\n\n\n<p class=\"wp-block-paragraph\">SemM\u00e9xico, Cd. de M\u00e9xico, 15 enero 2019.- La presidenta de la Comisi\u00f3n para la Igualdad de G\u00e9nero, Martha Lucia Micher Camarena,&nbsp;anunci\u00f3 que trabajar\u00e1 en la creaci\u00f3n de una agenda feminista de la mano con la sociedad, y para ello abrir\u00e1 una serie de audiencias p\u00fablicas para tratar temas como justicia, derechos humanos, medio ambiente y salud, entre otros, referentes a la protecci\u00f3n de los derechos de las mujeres, porque son prioritarios para la nueva administraci\u00f3n y para el Congreso.<\/p>\n\n\n\n<p class=\"wp-block-paragraph\">Al inaugurar el Conversatorio con la periodista Lydia Cacho Rivero con motivo de la disculpa p\u00fablica ofrecida por el Estado Mexicano por el caso de tortura y secuestro del que fue objeto, la senadora de Morena reconoci\u00f3 la trayectoria de Cacho Rivero y la calific\u00f3 como una mujer que concreta muchas de las luchas nodales en la defensa de los derechos humanos de las mujeres, de los adolescentes, de ni\u00f1os y ni\u00f1as de este pa\u00eds.<\/p>\n\n\n\n<p class=\"wp-block-paragraph\">Micher Camarena record\u00f3 que la periodista, escritora y&nbsp;defensora de los derechos humanos ha tocado temas espinosos como la trata de personas y la pornograf\u00eda, los cuales, dijo, siempre pisan al patriarcado, evidencian el abuso del poder y el tr\u00e1fico de influencias.&nbsp;&nbsp;<\/p>\n\n\n\n<p class=\"wp-block-paragraph\">En el transcurso de su trabajo, indic\u00f3, ha puesto al descubierto redes de corrupci\u00f3n que entrelazan el poder econ\u00f3mico y pol\u00edtico hasta concretarse en redes de explotaci\u00f3n infantil. Por eso estamos aqu\u00ed, para reconocer su valent\u00eda, porque nunca cedi\u00f3 para que el Estado siguiera la investigaci\u00f3n a fondo de lo que descubri\u00f3.<\/p>\n\n\n\n<p class=\"wp-block-paragraph\">Destac\u00f3 que el Comit\u00e9 de Derechos Humanos de la ONU emiti\u00f3 una resoluci\u00f3n en contra del Gobierno mexicano y en sus resolutivos incluy\u00f3 que se le ofreciera una disculpa p\u00fablica a la periodista, lo cual se hizo el pasado 10 de enero. Esto demuestra a\u00f1adi\u00f3, el claro compromiso del nuevo Gobierno con la defensa de los derechos humanos en el pa\u00eds.<\/p>\n\n\n\n<p class=\"wp-block-paragraph\">En administraciones anteriores, la petici\u00f3n de disculpas p\u00fablicas por parte del Estado Mexicano y solicitada por organismos internacionales en materia de derechos humanos, fue siempre minimizada e ignorada, se\u00f1al\u00f3.&nbsp;<\/p>\n\n\n\n<p class=\"wp-block-paragraph\">La legisladora refrend\u00f3 la confianza de los legisladores en la nueva administraci\u00f3n porque estamos ciertos, dijo, que habr\u00e1 de acatar y respetar las sentencias de las instancias internacionales de derechos humanos. Adem\u00e1s, se tomar\u00e1n medidas necesarias para hacer justicia a las v\u00edctimas.<\/p>\n\n\n\n<p class=\"wp-block-paragraph\">Por su parte, la Representante de ONU-Mujeres en M\u00e9xico, Bel\u00e9n Sanz Luque, reconoci\u00f3 el trabajo que realiza el Senado de la Rep\u00fablica a trav\u00e9s de la Comisi\u00f3n para la Igualdad de G\u00e9nero en la lucha para la justicia, la equidad y la labor para sacar adelante una agenda legislativa con el fundamento de erradicar la violencia contra las mujeres.<\/p>\n\n\n\n<p class=\"wp-block-paragraph\">Estas acciones, asever\u00f3, ponen en evidencia la importancia que da el Gobierno en materia de justicia restaurativa.<\/p>\n\n\n\n<p class=\"wp-block-paragraph\">A su vez Lydia Cacho Ribeiro, se\u00f1al\u00f3 que tenemos la meta y la responsabilidad de estar a la altura de este momento hist\u00f3rico. \u201cHacer justicia para todas las mujeres\u201d.<\/p>\n\n\n\n<p class=\"wp-block-paragraph\">Asegur\u00f3 que a\u00fan falta mucho por hacer, toda vez que las instituciones no se han transformado lo suficiente, y el trabajo en favor de los derechos de las mujeres, la trata de personas y la pornograf\u00eda debe proseguir y profundizarse.<\/p>\n\n\n\n<p class=\"wp-block-paragraph\">Sin embargo, reconoci\u00f3 que existen servidores p\u00fablicos como los de esta Comisi\u00f3n que hacen la diferencia y trabajan en el cambio que requiere el pa\u00eds en materia de derechos humanos y la inclusi\u00f3n de la mujer en todos los \u00e1mbitos.<\/p>\n\n\n\n<p class=\"wp-block-paragraph\">SEM\/sj<\/p>\n","protected":false},"excerpt":{"rendered":"<p>Redacci\u00f3n SemM\u00e9xico, Cd. de M\u00e9xico, 15 enero 2019.- La presidenta de la Comisi\u00f3n para la Igualdad de G\u00e9nero, Martha Lucia Micher Camarena,&nbsp;anunci\u00f3 que trabajar\u00e1 en la creaci\u00f3n de una agenda feminista de la mano con la sociedad, y para ello abrir\u00e1 una serie de audiencias p\u00fablicas para tratar temas como justicia, derechos humanos, medio ambiente [&hellip;]<\/p>\n","protected":false},"author":3,"featured_media":4811,"comment_status":"open","ping_status":"open","sticky":false,"template":"","format":"standard","meta":{"_monsterinsights_skip_tracking":false,"footnotes":""},"categories":[690,50],"tags":[],"class_list":["post-4810","post","type-post","status-publish","format-standard","has-post-thumbnail","category-690","category-congreso"],"_links":{"self":[{"href":"https:\/\/redsemlac.com\/semmexico\/wp-json\/wp\/v2\/posts\/4810","targetHints":{"allow":["GET"]}}],"collection":[{"href":"https:\/\/redsemlac.com\/semmexico\/wp-json\/wp\/v2\/posts"}],"about":[{"href":"https:\/\/redsemlac.com\/semmexico\/wp-json\/wp\/v2\/types\/post"}],"author":[{"embeddable":true,"href":"https:\/\/redsemlac.com\/semmexico\/wp-json\/wp\/v2\/users\/3"}],"replies":[{"embeddable":true,"href":"https:\/\/redsemlac.com\/semmexico\/wp-json\/wp\/v2\/comments?post=4810"}],"version-history":[{"count":0,"href":"https:\/\/redsemlac.com\/semmexico\/wp-json\/wp\/v2\/posts\/4810\/revisions"}],"wp:featuredmedia":[{"embeddable":true,"href":"https:\/\/redsemlac.com\/semmexico\/wp-json\/wp\/v2\/media\/4811"}],"wp:attachment":[{"href":"https:\/\/redsemlac.com\/semmexico\/wp-json\/wp\/v2\/media?parent=4810"}],"wp:term":[{"taxonomy":"category","embeddable":true,"href":"https:\/\/redsemlac.com\/semmexico\/wp-json\/wp\/v2\/categories?post=4810"},{"taxonomy":"post_tag","embeddable":true,"href":"https:\/\/redsemlac.com\/semmexico\/wp-json\/wp\/v2\/tags?post=4810"}],"curies":[{"name":"wp","href":"https:\/\/api.w.org\/{rel}","templated":true}]}}