{"id":48096,"date":"2022-04-04T16:10:41","date_gmt":"2022-04-04T22:10:41","guid":{"rendered":"https:\/\/redsemlac.com\/semmexico\/?p=48096"},"modified":"2023-07-21T19:02:05","modified_gmt":"2023-07-22T00:02:05","slug":"en-el-censo-2022-boliviano-se-incluyen-a-las-mujeres","status":"publish","type":"post","link":"https:\/\/redsemlac.com\/semmexico\/en-el-censo-2022-boliviano-se-incluyen-a-las-mujeres\/","title":{"rendered":"En el Censo 2022 boliviano, \u00bfse incluyen a las mujeres?"},"content":{"rendered":"\n<ul class=\"wp-block-list\"><li><strong>El INE guarda silencio sobre este tema<\/strong><\/li><\/ul>\n\n\n\n<ul class=\"wp-block-list\"><li><strong>2022 el \u201cA\u00f1o de la revoluci\u00f3n cultural hacia la despatriarcalizaci\u00f3n\u201d<\/strong><\/li><\/ul>\n\n\n\n<p class=\"wp-block-paragraph\"><strong><a href=\"https:\/\/www.bolpress.com\/author\/dergueta\/\">Drina Ergueta<\/a><\/strong><strong><\/strong><\/p>\n\n\n\n<p class=\"wp-block-paragraph\">SemM\u00e9xico\/Bolpress, La Paz, Bolivia, 4 de abril, 2022.- \u00bfD\u00f3nde est\u00e1n las mujeres?, es una pregunta b\u00e1sica del periodismo que busca visibilizarlas y es tambi\u00e9n una pregunta v\u00e1lida para el Instituto Nacional de Estad\u00edsticas (INE) que prepara el Censo 2022 en Bolivia. Un asunto sobre el que esta entidad no respondi\u00f3 cuando se le consult\u00f3, pese a que hay vac\u00edos estad\u00edsticos para la poblaci\u00f3n femenina que presenta m\u00e1s del 49 por ciento del pa\u00eds.<\/p>\n\n\n\n<p class=\"wp-block-paragraph\">Textura Violeta ha realizado un repaso de la boleta censal de 2012 que toma en cuenta una separaci\u00f3n por sexos en sus preguntas y que, sin embargo, muestra que no se ocupa de elementos tambi\u00e9n relevantes y que afectan a las mujeres, como las labores de cuidados, las violencias o el acceso a tecnolog\u00edas.<\/p>\n\n\n\n<p class=\"wp-block-paragraph\">No se conoce a\u00fan la boleta censal de 2022, aunque el director del INE,&nbsp;Humberto Arandia, ya dijo anteriormente que ser\u00e1n 34 preguntas, mientras que el viceministro de Planificaci\u00f3n,&nbsp;David Guachalla, se\u00f1al\u00f3 que la boleta de este censo no puede variar mucho respecto del anterior, 2012, para poder comparar y adelant\u00f3 que se incluir\u00e1n consultas sobre el uso de internet y la pandemia. No se menciona a las mujeres.<\/p>\n\n\n\n<p class=\"wp-block-paragraph\">En el Censo de 2012 se contabilizaron 10,3 millones de personas en Bolivia, de las cuales 5,2 eran hombres y 5,15 eran mujeres. La proyecci\u00f3n para este 2022 es que haya 6 millones de hombres y 5,98 millones de mujeres. Pero no se trata s\u00f3lo de eso, no se trata de contar cu\u00e1ntas mujeres hay, sino del rol que cumplen y por ello Textura Violeta envi\u00f3 varias preguntas al INE, mediante su Jefa de Difusi\u00f3n,&nbsp;Carmen Miranda, que en cinco d\u00edas no logr\u00f3 cumplir el rol que le se\u00f1ala el cargo. Qui\u00e9n sabe, m\u00e1s adelante.<\/p>\n\n\n\n<p class=\"wp-block-paragraph\">A falta de respuestas en Bolivia, el INE de Chile ha elaborado una gu\u00eda espec\u00edfica para este tema y explica que \u201cla incorporaci\u00f3n del enfoque de g\u00e9nero en las estad\u00edsticas suele considerarse, err\u00f3neamente, como la mera caracterizaci\u00f3n de la poblaci\u00f3n seg\u00fan su sexo. Si bien es cierto que la desagregaci\u00f3n constituye uno de los pasos fundamentales en el tema, no es el \u00fanico, ni mucho menos la meta a alcanzar, sino que es el piso m\u00ednimo\u201d.<\/p>\n\n\n\n<p class=\"wp-block-paragraph\">Agrega que \u201cpara una efectiva incorporaci\u00f3n del enfoque debe considerarse c\u00f3mo se ven o ver\u00edan afectados los hombres y las mujeres al tomar ciertas decisiones metodol\u00f3gicas en cada una de las fases de la producci\u00f3n y tomar las medidas necesarias para que estos efectos no generen o perpet\u00faen desigualdades entre los sexos\u201d. Por ello el INE chileno ha considerado necesario \u201cincorporar el enfoque de g\u00e9nero en cada fase de la producci\u00f3n estad\u00edstica\u201d.<\/p>\n\n\n\n<h2 class=\"wp-block-heading\" id=\"cambios-a-la-boleta-censal-de-2012\"><strong>Cambios a la boleta censal de 2012<\/strong><\/h2>\n\n\n\n<p class=\"wp-block-paragraph\">2022 ha sido nombrado \u201cA\u00f1o de la revoluci\u00f3n cultural hacia la despatriarcalizaci\u00f3n\u201d por el gobierno \u00bfSe est\u00e1 aplicando un enfoque de g\u00e9nero en el censo a realizarse en Bolivia? \u00bfEn qu\u00e9 medida se aplica este enfoque?, se les ha preguntado. Ante el silencio, la boleta censal de 2012 nos dice bastante: se caracteriza a la poblaci\u00f3n por su sexo, fundamentalmente, no se observa g\u00e9nero.<\/p>\n\n\n\n<p class=\"wp-block-paragraph\">\u00bfLa nueva boleta ser\u00e1 muy distinta? No se informa, aunque se dijo que no cambiar\u00e1 sustancialmente. En todo caso, un repaso de esa boleta permite hacer un ejercicio sobre lo que hay, en cada cap\u00edtulo, para revelar las desigualdades entre los sexos:<\/p>\n\n\n\n<p class=\"wp-block-paragraph\">En la pregunta 17 del censo de 2012, en su cap\u00edtulo B sobre \u201cPrincipales caracter\u00edsticas de la vivienda\u201d se consulta sobre aparatos, equipos y conexiones que permiten acceder a la comunicaci\u00f3n (radio, tv, computadora, servicio de internet), lo que muestra el inter\u00e9s por saber el grado de acceso a la informaci\u00f3n y a la comunicaci\u00f3n, especialmente a las tecnolog\u00edas online. Es un indicador evidentemente importante; sin embargo, aqu\u00ed no se pregunta qui\u00e9nes usan esas tecnolog\u00edas, indicador que marcar\u00eda si hombres y mujeres tienen el mismo grado de uso, as\u00ed como personas seg\u00fan su edad. Se podr\u00eda verificar, tal como ocurre en otros pa\u00edses, que las mujeres tienen menos acceso, al igual que pasa con las personas mayores. Este uso y posible discriminaci\u00f3n se a\u00f1ade a la desventaja que por raz\u00f3n de clase social seguramente se har\u00e1 visible. Este dato permite luego aplicar pol\u00edticas espec\u00edficas para estas poblaciones.<\/p>\n\n\n\n<p class=\"wp-block-paragraph\">En este mismo cap\u00edtulo, no existe un apartado sobre el uso de ciertos electrodom\u00e9sticos (lavadora y refrigerador, principalmente, como s\u00ed lo hay respecto a la radio y la tv) que muestran el tiempo que se dedica a ciertas actividades dom\u00e9sticas muy duras, como el lavar ropa mano o la posibilidad de almacenar productos, reducir el n\u00famero de veces de compra y su tiempo para ir al mercado. Se trata de actividades que suelen hacer las mujeres, por lo que su efecto es muy fuerte en su vida cotidiana. Tener estos electrodom\u00e9sticos informan m\u00e1s all\u00e1 de los niveles de pobreza, muestran la situaci\u00f3n de las mujeres en esos niveles.<\/p>\n\n\n\n<p class=\"wp-block-paragraph\">En el Cap\u00edtulo C, referido a la \u201cEmigraci\u00f3n internacional\u201d se pregunta sobre personas que viv\u00edan en ese hogar y se fueron. No se pregunta sobre si \u00e9stas env\u00edan remesas de dinero y la frecuencia. En Espa\u00f1a se sabe que son las mujeres las que m\u00e1s env\u00edan dinero y que lo hacen de manera m\u00e1s constante, no s\u00f3lo al hogar de donde partieron sino a los de sus familiares en general. El impacto de las remesas en la econom\u00eda boliviana lleg\u00f3 a representar el siete por ciento del PIB y son las mujeres migradas las que all\u00ed, seguramente, tienen mayor incidencia y estudiarlo es necesario.<\/p>\n\n\n\n<p class=\"wp-block-paragraph\">En el cap\u00edtulo D, sobre \u201cMortalidad\u201d, se crea un apartado para que se explique si, en caso de ser mujer la fallecida, la muerte se produjo por causas relacionadas al embarazo. Ser\u00eda importante preguntar sobre las causas de las muertes en general: enfermedad, accidente, violencia. En el caso de la violencia se podr\u00edan extraer datos de feminicidio e infanticidio. En el caso de enfermedad y accidente, se podr\u00eda obtener informaci\u00f3n sobre los cuidados \u00bfQui\u00e9n estuvo cuidando y atendiendo a la persona enferma o accidentada en sus \u00faltimos d\u00edas? Generalmente son mujeres.<\/p>\n\n\n\n<p class=\"wp-block-paragraph\">De igual forma, en el cap\u00edtulo E, sobre \u201cPersonas con alguna dificultad permanente\u201d, se indaga sobre el tipo de dificultades que tiene la persona entrevistada y no sobre qui\u00e9n le ayuda a sobrellevarlas, qui\u00e9n le atiende y cuida en caso de que sean dificultades altas. Suelen ser las mujeres quienes se ocupan, en desmedro de sus objetivos de vida.<\/p>\n\n\n\n<p class=\"wp-block-paragraph\">Finalmente, en el cap\u00edtulo F sobre \u201cPrincipales caracter\u00edsticas de la persona\u201d no existe la opci\u00f3n de declararse LGTBI y esa ausencia podr\u00eda considerarse una discriminaci\u00f3n del Estado hacia estas personas, ya que las ignora. As\u00ed como tambi\u00e9n lo podr\u00eda ser el hecho de que \u201cama de casa\u201d no sea considerado trabajo, as\u00ed no sea remunerado.<\/p>\n\n\n\n<p class=\"wp-block-paragraph\">En este apartado, se pregunta a las mujeres mayores de 15 a\u00f1os cu\u00e1ntos hijos tienen o tuvieron \u00bfY si es menor de 15 (y hasta los 18 a\u00f1os), no ser\u00eda \u00e9ste un indicador de alarma, que pueda advertir de una violaci\u00f3n? En este apartado, tambi\u00e9n se podr\u00eda incluir si como persona ha sufrido o sufre alg\u00fan tipo de violencia (colocar los tipos), las circunstancias, si lo ha denunciado, si ha sido atendida, entre otros.<\/p>\n\n\n\n<h2 class=\"wp-block-heading\" id=\"lo-tecnico-es-politico\"><strong>Lo t\u00e9cnico es pol\u00edtico<\/strong><\/h2>\n\n\n\n<p class=\"wp-block-paragraph\">El INE est\u00e1 en un proceso de \u201csocializaci\u00f3n\u201d del Censo que se llevar\u00e1 a cabo este a\u00f1o en noviembre y para ello lleva a cabo un cronograma por departamentos en el pa\u00eds. Se entiende que esa socializaci\u00f3n se ver\u00e1 reflejada en la boleta censal.<\/p>\n\n\n\n<p class=\"wp-block-paragraph\">Durante la socializaci\u00f3n, el INE explica que \u201cel proceso censal tiene un car\u00e1cter t\u00e9cnico y se basa en est\u00e1ndares internacionales\u201d; sin embargo, se conoce que las estad\u00edsticas son herramientas para la aplicaci\u00f3n de pol\u00edticas, por lo que el tomar o no un dato tiene una voluntad encaminada a aplicar o no ciertas acciones en un programa estatal. Por ello, los datos tienen un trasfondo de pol\u00edtica p\u00fablica.<\/p>\n\n\n\n<p class=\"wp-block-paragraph\">Es esa la raz\u00f3n de que, en las \u00faltimas semanas, se hayan producido acalorados debates sobre si se debe o no introducir en la boleta censal preguntas referidas a la identidad o pertenencia a la categor\u00eda \u201cmestizo\u201d y no solo a grupos \u00e9tnicos espec\u00edficos, debido a que hay una lucha pol\u00edtica muy fuerte sobre este aspecto en el pa\u00eds, que tiene un racismo muy marcado.<\/p>\n\n\n\n<p class=\"wp-block-paragraph\">As\u00ed como tambi\u00e9n hay pedidos de incluir la creencia (o no) religiosa que se profesa, ya que existe el inter\u00e9s de revelar el verdadero poder que pueden tener estos grupos religiosos, adem\u00e1s de la iglesia cat\u00f3lica. Finalmente, visibilizar la situaci\u00f3n de las mujeres es tambi\u00e9n otro aspecto a tomar en cuenta y que otros pa\u00edses ya lo llevan a cabo debido a que el feminismo tiene cada vez mayor peso en el espacio pol\u00edtico.<\/p>\n\n\n\n<h2 class=\"wp-block-heading\" id=\"recomendaciones-internacionales\"><strong>Recomendaciones internacionales<\/strong><\/h2>\n\n\n\n<p class=\"wp-block-paragraph\">El INE chileno recuerda que \u201cya en 1989 el Comit\u00e9 de la Convenci\u00f3n para la Eliminaci\u00f3n de Todas las Formas de Discriminaci\u00f3n contra la Mujer (conocida por su sigla en ingl\u00e9s CEDAW) en su recomendaci\u00f3n general n\u00b09 \u2018Estad\u00edsticas relativas a la condici\u00f3n de la mujer\u2019, consideraba que la informaci\u00f3n estad\u00edstica era necesaria para comprender la situaci\u00f3n real de las mujeres, por lo que recomendaba a los estados partes hacer todo lo posible para asegurar que las oficinas estad\u00edsticas nacionales desglosaran sus instrumentos por sexo e integraran una mirada de g\u00e9nero en sus an\u00e1lisis\u201d.<\/p>\n\n\n\n<p class=\"wp-block-paragraph\">Esta entidad explica que \u201cun indicador desagregado por sexo no es exactamente lo mismo que un indicador de g\u00e9nero. El primero sigue siendo un indicador tradicional por cuanto mide el n\u00famero de personas que \u2013 tal como su nombre lo indica \u2013 est\u00e1 desagregado por sexo, mientras que el segundo permite observar las desigualdades entre los sexos como consecuencia de los roles, creencias y valores de g\u00e9nero. El primero es necesario, pero muchas veces insuficiente para obtener informaci\u00f3n y analizarla desde el enfoque de g\u00e9nero, porque no ofrece el mismo tipo de informaci\u00f3n ni sirve para identificar situaciones de desigualdad entre hombres y mujeres\u201d.<\/p>\n\n\n\n<p class=\"wp-block-paragraph\">Arandia dijo que la boleta censal de 2022 ya fue revisada y avalada por Naciones Unidas y la Comisi\u00f3n Econ\u00f3mica para Am\u00e9rica Latina (Cepal). Es precisamente la Divisi\u00f3n de Asuntos de G\u00e9nero de la CEPAL que indica que hay temas clave para el diagn\u00f3stico de las desigualdades entre hombres y mujeres \u00bfEsos se estar\u00e1n tomando en cuenta en el censo? \u00bfResponder\u00e1 el INE boliviano?<\/p>\n\n\n\n<p class=\"wp-block-paragraph\">En todo caso, estos temas clave son: Uso del tiempo, trabajo remunerado y no remunerado, pobreza e ingresos con perspectiva de g\u00e9nero, protecci\u00f3n y seguridad social, acceso a recursos productivos, representaci\u00f3n pol\u00edtica y toma de decisiones, violencia hacia las mujeres y derechos sexuales y reproductivos.<\/p>\n\n\n\n<p class=\"wp-block-paragraph\">SEM-BolPress\/de<\/p>\n","protected":false},"excerpt":{"rendered":"<p>2022 el \u201cA\u00f1o de la revoluci\u00f3n cultural hacia la despatriarcalizaci\u00f3n\u201d<\/p>\n","protected":false},"author":3,"featured_media":48097,"comment_status":"open","ping_status":"open","sticky":false,"template":"","format":"standard","meta":{"_monsterinsights_skip_tracking":false,"footnotes":""},"categories":[693,53],"tags":[],"class_list":["post-48096","post","type-post","status-publish","format-standard","has-post-thumbnail","category-693","category-internacional"],"_links":{"self":[{"href":"https:\/\/redsemlac.com\/semmexico\/wp-json\/wp\/v2\/posts\/48096","targetHints":{"allow":["GET"]}}],"collection":[{"href":"https:\/\/redsemlac.com\/semmexico\/wp-json\/wp\/v2\/posts"}],"about":[{"href":"https:\/\/redsemlac.com\/semmexico\/wp-json\/wp\/v2\/types\/post"}],"author":[{"embeddable":true,"href":"https:\/\/redsemlac.com\/semmexico\/wp-json\/wp\/v2\/users\/3"}],"replies":[{"embeddable":true,"href":"https:\/\/redsemlac.com\/semmexico\/wp-json\/wp\/v2\/comments?post=48096"}],"version-history":[{"count":0,"href":"https:\/\/redsemlac.com\/semmexico\/wp-json\/wp\/v2\/posts\/48096\/revisions"}],"wp:featuredmedia":[{"embeddable":true,"href":"https:\/\/redsemlac.com\/semmexico\/wp-json\/wp\/v2\/media\/48097"}],"wp:attachment":[{"href":"https:\/\/redsemlac.com\/semmexico\/wp-json\/wp\/v2\/media?parent=48096"}],"wp:term":[{"taxonomy":"category","embeddable":true,"href":"https:\/\/redsemlac.com\/semmexico\/wp-json\/wp\/v2\/categories?post=48096"},{"taxonomy":"post_tag","embeddable":true,"href":"https:\/\/redsemlac.com\/semmexico\/wp-json\/wp\/v2\/tags?post=48096"}],"curies":[{"name":"wp","href":"https:\/\/api.w.org\/{rel}","templated":true}]}}