{"id":48076,"date":"2022-04-04T13:57:41","date_gmt":"2022-04-04T19:57:41","guid":{"rendered":"https:\/\/redsemlac.com\/semmexico\/?p=48076"},"modified":"2023-07-21T19:02:05","modified_gmt":"2023-07-22T00:02:05","slug":"cuba-brechas-tras-el-embarazo-adolescente","status":"publish","type":"post","link":"https:\/\/redsemlac.com\/semmexico\/cuba-brechas-tras-el-embarazo-adolescente\/","title":{"rendered":"Cuba: Brechas tras el embarazo adolescente"},"content":{"rendered":"\n<ul class=\"wp-block-list\"><li><strong>M\u00e1s del 60 % de <\/strong><strong>embarazos no intencionales acaban en aborto<\/strong><\/li><\/ul>\n\n\n\n<ul class=\"wp-block-list\"><li><strong>45 % de todos los abortos son inseguros y producen el 13 % de las muertes maternas, dice Unfpa<\/strong><\/li><\/ul>\n\n\n\n<p class=\"wp-block-paragraph\"><strong>Sara M\u00e1s<\/strong><strong><\/strong><\/p>\n\n\n\n<p class=\"wp-block-paragraph\">SemM\u00e9xico\/SEMlac, La Habana, 4 de abril, 2022.- Quedarse o no embarazada no es una opci\u00f3n para muchas mujeres, adolescentes y ni\u00f1as en el mundo, indica el Estado de la Poblaci\u00f3n Mundial 2022, publicado por el Fondo de Poblaci\u00f3n de las Naciones Unidas (Unfpa) el pasado 30 de marzo.<\/p>\n\n\n\n<p class=\"wp-block-paragraph\"><br>Bajo el t\u00edtulo \u00ab<a href=\"https:\/\/cuba.unfpa.org\/sites\/default\/files\/pub-pdf\/estado_de_la_poblacion_mundial_2022.pdf\" target=\"_blank\" rel=\"noreferrer noopener\">Visibilizar lo invisible: la necesidad de actuar para poner fin a la crisis desatendida de los embarazos no intencionales<\/a>\u00ab, el informe anual plantea este a\u00f1o el imperativo de lograr un mundo donde todos los embarazos sean deseados y se ejerza el derecho humano b\u00e1sico a decidir cu\u00e1ndo y cu\u00e1ntos hijos tener.<\/p>\n\n\n\n<p class=\"wp-block-paragraph\"><br>\u00abNo intencional no es lo mismo que no deseado\u00bb, precis\u00f3 Gisell Rodr\u00edguez, oficial de programa del Unfpa en Cuba, durante la presentaci\u00f3n del documento en la capital cubana, como parte del programa del Congreso Internacional de Investigadores sobre Infancias, Adolescencias y Juventudes.<\/p>\n\n\n\n<p class=\"wp-block-paragraph\"><br>\u00abMuchos embarazos no intencionales son bienvenidos y celebrados, pero m\u00e1s del 60 por ciento de los embarazos no intencionales acaban en aborto, es decir, son no intencionales y no deseados\u00bb, agreg\u00f3. \u00abEste no es un informe sobre la maternidad, es un informe sobre si el mundo valora a las mujeres y las ni\u00f1as m\u00e1s all\u00e1 de su capacidad reproductiva\u00bb, expres\u00f3.<\/p>\n\n\n\n<p class=\"wp-block-paragraph\"><br>Datos del informe indican que 45 por ciento de todos los abortos son inseguros y producen el 13 por ciento de las muertes maternas, una situaci\u00f3n que repercute en la capacidad del mundo para lograr los Objetivos de Desarrollo Sostenible.<\/p>\n\n\n\n<p class=\"wp-block-paragraph\"><br>Adem\u00e1s, se estima que a escala mundial 257 millones de mujeres que quieren evitar un embarazo no est\u00e1n usando m\u00e9todos anticonceptivos seguros y modernos, y que casi una cuarta parte de todas las mujeres no pueden oponerse a tener relaciones sexuales.<\/p>\n\n\n\n<p class=\"wp-block-paragraph\"><br>Detr\u00e1s de los embarazos no intencionales existen diversas causas, como las desigualdades de g\u00e9nero, la falta de informaci\u00f3n, de servicios de salud sexual y reproductiva, el estigma y las normas perjudiciales sobre el control de la fecundidad y sus cuerpos por parte de las mujeres, la&nbsp;<a href=\"https:\/\/www.redsemlac-cuba.net\/redsemlac\/violencia\/ck84-opinan-especialistas\/el-embarazo-en-la-adolescencia-y-la-violencia-de-genero\/\" target=\"_blank\" rel=\"noreferrer noopener\">violencia sexual<\/a>, la pobreza y el estancamiento econ\u00f3mico, entre otras.<br><br><strong>De ni\u00f1a a mam\u00e1 adolescente<\/strong><\/p>\n\n\n\n<p class=\"wp-block-paragraph\"><br>La mayor\u00eda de los&nbsp;<a href=\"https:\/\/www.redsemlac-cuba.net\/redsemlac\/sociedad-y-cultura\/embarazo-adolescente-un-gran-desafio\/\" target=\"_blank\" rel=\"noreferrer noopener\">embarazos que se producen en la adolescencia<\/a>&nbsp;son no intencionales y muchos terminan en un hijo o hija nacidos durante la ni\u00f1ez, alert\u00f3 Livia Quintana, asociada de Programa de la Oficina del Unfpa en Cuba.<\/p>\n\n\n\n<p class=\"wp-block-paragraph\"><br>La experta agreg\u00f3 que cuando las ni\u00f1as se convierten en madres tienen muchas m\u00e1s probabilidades de tener m\u00e1s de un hijo en la adolescencia, una situaci\u00f3n que incrementa los riesgos para su desarrollo personal y para su descendencia, la familia y la comunidad.<\/p>\n\n\n\n<p class=\"wp-block-paragraph\"><br>Refiri\u00f3 que la mayor\u00eda de los embarazos en la adolescencia ocurren en&nbsp;<a href=\"https:\/\/www.redsemlac-cuba.net\/redsemlac\/sociedad-y-cultura\/matrimonio-y-embarazos-tempranos-bajo-la-lupa\/\" target=\"_blank\" rel=\"noreferrer noopener\">mujeres casadas o unidas<\/a>&nbsp;y, aunque no son uniones forzosas, necesariamente, sino consentidas, no implica que sucedan en el ejercicio pleno de autonom\u00eda y derechos.<\/p>\n\n\n\n<p class=\"wp-block-paragraph\"><br>Se trata generalmente de uniones asim\u00e9tricas en cuanto a la edad de las personas a las que se unen y con las cuales tienen hijos, y tambi\u00e9n respecto a la capacidad de esas muchachas en el uso o no de anticonceptivos. A\u00f1adi\u00f3 que no pocas veces el matrimonio y la uni\u00f3n en la adolescencia se asocian a<a href=\"https:\/\/www.redsemlac-cuba.net\/redsemlac\/violencia\/ck85-debates\/violencia-y-embarazo-adolescente\/\" target=\"_blank\" rel=\"noreferrer noopener\">&nbsp;pr\u00e1cticas violentas<\/a>&nbsp;en la relaci\u00f3n de pareja o a una estrategia de huida del entorno familiar donde ellas han estado expuestas a situaciones de violencia.<\/p>\n\n\n\n<p class=\"wp-block-paragraph\"><br>La investigadora Natividad Guerrero Borrego, del Centro Nacional de Educaci\u00f3n Sexual (Cenesex), se refiri\u00f3 a&nbsp;<a href=\"https:\/\/www.redsemlac-cuba.net\/redsemlac\/sociedad-y-cultura\/desafios-de-cara-al-embarazo-adolescente\/\" target=\"_blank\" rel=\"noreferrer noopener\">varios factores que inciden en el embarazo adolescente<\/a>&nbsp;de acuerdo con estudios realizados en Cuba, como el inicio temprano de relaciones sexuales, en ocasiones antes de los 15 a\u00f1os de edad.<\/p>\n\n\n\n<p class=\"wp-block-paragraph\"><br>Tambi\u00e9n,<a href=\"https:\/\/www.redsemlac-cuba.net\/redsemlac\/salud\/adolescentes-reclaman-orientacion-mas-amigable\/\" target=\"_blank\" rel=\"noreferrer noopener\">&nbsp;la insuficiente educaci\u00f3n integral de la sexualidad y de informaci\u00f3n sobre la anticoncepci\u00f3n<\/a>, la inestabilidad en el acceso a m\u00e9todos anticonceptivos en el mercado, la baja percepci\u00f3n de riesgo respecto a las pr\u00e1cticas sexuales, las asimetr\u00edas de g\u00e9nero, el desapego masculino y la escasa autonom\u00eda para la toma de decisiones.<br>Identific\u00f3, adem\u00e1s, la insuficiente calidad de la comunicaci\u00f3n familiar respecto a estos y otros temas. A veces, por ejemplo, se les concede autonom\u00eda a las y los j\u00f3venes para tener relaciones sexuales, pero no se les ofrecen los&nbsp;<a href=\"https:\/\/www.redsemlac-cuba.net\/redsemlac\/salud\/salud-sexual-y-reproductiva-para-adolescentes-cuestion-de-derechos\/\" target=\"_blank\" rel=\"noreferrer noopener\">recursos para cuidar su salud de manera integral<\/a>, apunt\u00f3.<\/p>\n\n\n\n<p class=\"wp-block-paragraph\"><br>Para el an\u00e1lisis de estas cuestiones, la soci\u00f3loga Reina Fleitas abog\u00f3 por un enfoque humano del desarrollo, que considera las desigualdades de g\u00e9nero como un obst\u00e1culo para el despliegue de las potencialidades de las adolescentes.<br>Sobre la maternidad adolescente es necesario admitir una&nbsp;<a href=\"https:\/\/www.redsemlac-cuba.net\/redsemlac\/violencia\/ck84-opinan-especialistas\/embarazo-adolescente-familia-y-parejaen-el-entramado-de-la-violencia\/\" target=\"_blank\" rel=\"noreferrer noopener\">diversidad de situaciones personales, familiares<\/a>&nbsp;y de los escenarios territoriales donde se produce, precis\u00f3 la experta, partidaria de que las reflexiones tengan en cuenta varias dimensiones, como g\u00e9nero, edad, territorio y raza.<\/p>\n\n\n\n<p class=\"wp-block-paragraph\"><br>\u00abEsos an\u00e1lisis entrecruzados sin lugar a dudas nos ayudar\u00e1n a valorar de manera m\u00e1s acertada las determinantes de la persistencia de la maternidad adolescente\u00bb, asegur\u00f3.<\/p>\n\n\n\n<p class=\"wp-block-paragraph\"><br>Igualmente, dijo que el conflicto que viven las mujeres entre la vida p\u00fablica y familiar es un factor esencial para explicar la maternidad adolescente, por qu\u00e9 se desencadena y su limitado potencial de desarrollo, por lo que expuso la necesidad de acrecentar las prestaciones sociales que las empoderen como paso esencial para romper el ciclo de reproducci\u00f3n cultural que provoca.<\/p>\n\n\n\n<p class=\"wp-block-paragraph\">SEM-SEMlac\/sm<\/p>\n","protected":false},"excerpt":{"rendered":"<p>45 % de todos los abortos son inseguros y producen el 13 % de las muertes maternas, dice Unfpa<\/p>\n","protected":false},"author":3,"featured_media":10331,"comment_status":"open","ping_status":"open","sticky":false,"template":"","format":"standard","meta":{"_monsterinsights_skip_tracking":false,"footnotes":""},"categories":[693,53],"tags":[],"class_list":["post-48076","post","type-post","status-publish","format-standard","has-post-thumbnail","category-693","category-internacional"],"_links":{"self":[{"href":"https:\/\/redsemlac.com\/semmexico\/wp-json\/wp\/v2\/posts\/48076","targetHints":{"allow":["GET"]}}],"collection":[{"href":"https:\/\/redsemlac.com\/semmexico\/wp-json\/wp\/v2\/posts"}],"about":[{"href":"https:\/\/redsemlac.com\/semmexico\/wp-json\/wp\/v2\/types\/post"}],"author":[{"embeddable":true,"href":"https:\/\/redsemlac.com\/semmexico\/wp-json\/wp\/v2\/users\/3"}],"replies":[{"embeddable":true,"href":"https:\/\/redsemlac.com\/semmexico\/wp-json\/wp\/v2\/comments?post=48076"}],"version-history":[{"count":0,"href":"https:\/\/redsemlac.com\/semmexico\/wp-json\/wp\/v2\/posts\/48076\/revisions"}],"wp:featuredmedia":[{"embeddable":true,"href":"https:\/\/redsemlac.com\/semmexico\/wp-json\/wp\/v2\/media\/10331"}],"wp:attachment":[{"href":"https:\/\/redsemlac.com\/semmexico\/wp-json\/wp\/v2\/media?parent=48076"}],"wp:term":[{"taxonomy":"category","embeddable":true,"href":"https:\/\/redsemlac.com\/semmexico\/wp-json\/wp\/v2\/categories?post=48076"},{"taxonomy":"post_tag","embeddable":true,"href":"https:\/\/redsemlac.com\/semmexico\/wp-json\/wp\/v2\/tags?post=48076"}],"curies":[{"name":"wp","href":"https:\/\/api.w.org\/{rel}","templated":true}]}}