{"id":48072,"date":"2022-04-04T13:52:38","date_gmt":"2022-04-04T19:52:38","guid":{"rendered":"https:\/\/redsemlac.com\/semmexico\/?p=48072"},"modified":"2023-07-21T19:02:05","modified_gmt":"2023-07-22T00:02:05","slug":"cuba-moda-con-conciencia-medioambiental","status":"publish","type":"post","link":"https:\/\/redsemlac.com\/semmexico\/cuba-moda-con-conciencia-medioambiental\/","title":{"rendered":"Cuba: Moda con conciencia medioambiental"},"content":{"rendered":"\n<ul class=\"wp-block-list\"><li><strong> Se permuta mi closet, la propuesta de Salanch Almanza<\/strong><\/li><\/ul>\n\n\n\n<ul class=\"wp-block-list\"><li><strong>Una buena alternativa para encontrar ropa en buen estado y estrenar atuendo nuevo<\/strong><\/li><\/ul>\n\n\n\n<p class=\"wp-block-paragraph\"><strong>Lisandra Fari\u00f1as<\/strong><strong><em><\/em><\/strong><\/p>\n\n\n\n<p class=\"wp-block-paragraph\">SemM\u00e9xico\/SEMlac, La Habana, 4 de abril, 2022.- Vestir ropa nueva, cambiar de imagen y hacerlo con pocos recursos y sin da\u00f1ar el medioambiente pudiera parecer una utop\u00eda, pero Solanch Almanza Vald\u00e9s encontr\u00f3 una f\u00f3rmula con su proyecto \u00abSe permuta mi cl\u00f3set\u00bb.<\/p>\n\n\n\n<p class=\"wp-block-paragraph\"><br>Mediante las redes sociales, sobre todo Instagram, esta joven ingeniera civil de 28 a\u00f1os logr\u00f3 nuclear a un p\u00fablico cautivado por su propuesta singular: brindar educaci\u00f3n ambiental en materia de moda, mostrar lo que es la moda circular, ofrecer consejos sobre el cuidado de la ropa, qu\u00e9 comprar y c\u00f3mo elegir mejor a la hora de hacerlo. En definitiva, c\u00f3mo convertirse en una persona consumidora consciente.<\/p>\n\n\n\n<p class=\"wp-block-paragraph\"><br>Ello se complementa con la realizaci\u00f3n de eventos de intercambio de prendas, para los cuales previamente las personas traen las suyas. Un equipo de muchachas colaboradoras del proyecto las clasifica, les confiere una puntuaci\u00f3n de acuerdo con su calidad y esos puntos les permiten a sus propietarios adquirir nuevas piezas.<\/p>\n\n\n\n<p class=\"wp-block-paragraph\"><br>\u00abEl d\u00eda del evento, colgamos los cl\u00f3sets con todas las ropas y los participantes llegan y pueden llevarse prendas nuevas con esos puntos que obtuvieron\u00bb, explica Almanza Vald\u00e9s a&nbsp;<a href=\"https:\/\/www.redsemlac-cuba.net\/\" target=\"_blank\" rel=\"noreferrer noopener\">SEMlac<\/a>.<\/p>\n\n\n\n<p class=\"wp-block-paragraph\"><br>\u00abSe permuta mi closet\u00bb naci\u00f3 en enero de 2021 y comenz\u00f3 con una etapa educativa, recuerda la creadora. \u00abFue un momento en que me encontraba fuera de Cuba y ve\u00eda el estilo de vida en pa\u00edses desarrollados, las muchas cosas que tiran a la basura y pod\u00edan reutilizarse. Entonces comenc\u00e9 a acercarme a contenidos relacionados con el impacto del consumismo en la naturaleza y me preocup\u00e9 por lo que pudiera hacer\u00bb.<\/p>\n\n\n\n<p class=\"wp-block-paragraph\"><br>Vinculada al mundo de la&nbsp;<a href=\"https:\/\/www.redsemlac-cuba.net\/redsemlac\/sociedad-y-cultura\/mujeres-de-edad-mediana-invisibles-tambien-en-la-moda\/\" target=\"_blank\" rel=\"noreferrer noopener\">moda<\/a>&nbsp;por inter\u00e9s personal y por haber sido modelo durante sus estudios universitarios, Almanza encontr\u00f3 un camino en los mensajes educativos sobre esta materia y en las experiencias de trueques de moda y fiestas de intercambio que se realizan en otros pa\u00edses y sobre las que conoci\u00f3 en internet.<\/p>\n\n\n\n<p class=\"wp-block-paragraph\"><br>\u00abMe pareci\u00f3 muy interesante porque no lo hab\u00eda visto en Cuba y es como un sistema nuevo que, adem\u00e1s de ser ecol\u00f3gico, contribuye a la econom\u00eda circular y genera un impacto positivo en la situaci\u00f3n clim\u00e1tica; es un modelo que tambi\u00e9n suple una necesidad, que es la necesidad de vestirse\u00bb, comenta.<\/p>\n\n\n\n<p class=\"wp-block-paragraph\"><br>Adquirir vestuario es un aspecto de la vida que se ha encarecido en la naci\u00f3n caribe\u00f1a, de manera que la joven pens\u00f3 que podr\u00eda ser una buena alternativa para encontrar ropa en buen estado y estrenar atuendo nuevo, sin tener que gastar gran cantidad de dinero.<\/p>\n\n\n\n<p class=\"wp-block-paragraph\"><br>De acuerdo con Almanza Vald\u00e9s, \u00abSe permuta\u0085\u00bb no es un emprendimiento para obtener ganancias, pero su funcionamiento requiere gastos m\u00ednimos para los cuales cobran una cuota a quienes desean participar de los eventos de intercambio.<\/p>\n\n\n\n<p class=\"wp-block-paragraph\"><br>Organizar estos encuentros lleva mucho trabajo en las redes sociales, lo que implica conexi\u00f3n a internet; adem\u00e1s del espacio que se utiliza, el caf\u00e9 y los dulces que comparten, todo lo cual requiere gastos, se\u00f1ala.<\/p>\n\n\n\n<p class=\"wp-block-paragraph\"><br>\u00abNosotras no vivimos de &#8216;Se permuta&#8217;, obviamente, pero s\u00ed necesitamos ser autosustentables. El cover nos permite potenciar el proyecto, preparar los eventos, pagar internet para manejar las redes sociales, pero no lo hacemos con la intenci\u00f3n de convertirlo en un negocio o un emprendimiento que tenga ganancia material m\u00e1s all\u00e1\u00bb, afirma.<\/p>\n\n\n\n<p class=\"wp-block-paragraph\"><br>Tambi\u00e9n asegura que ninguna de las organizadoras se queda con la ropa, \u00abes bueno que la gente lo sepa\u00bb, enfatiza.<br><br><strong>Emprender y cambiar el mundo<\/strong><\/p>\n\n\n\n<p class=\"wp-block-paragraph\"><br>\u00abLo que hacemos es algo m\u00e1s social, para crear conciencia, para que la gente se d\u00e9 cuenta de que no es solamente ir a intercambiar tu ropa, sino que conoces gente nueva, que se identifica con la situaci\u00f3n del planeta\u00bb, agrega.<\/p>\n\n\n\n<p class=\"wp-block-paragraph\"><br>En su opini\u00f3n, iniciativas como esta tienen un impacto, pues logran cambiar la forma de pensar de las personas, aunque no sea algo que se vea en el momento.Son proyectos que s\u00ed contribuyen, sostiene.<\/p>\n\n\n\n<p class=\"wp-block-paragraph\"><br>La joven emprendedora coment\u00f3 que ha visto c\u00f3mo quienes llegan hasta ellos aprenden, adem\u00e1s, porque conocen los datos de lo que significa para el medioambiente no producir nueva ropa: se ahorra agua, se deja de gastar combustible y, por tanto, hay menos di\u00f3xido de carbono liberado a la atm\u00f3sfera, as\u00ed como se generan menos desechos.<\/p>\n\n\n\n<p class=\"wp-block-paragraph\"><br>\u00abNosotros hablamos mucho del&nbsp;<em>fast fashion<\/em>, que son todas estas marcas que venden ropa sumamente barata, pero de mala calidad, hechas con malas pr\u00e1cticas como la explotaci\u00f3n o nuevas formas de esclavitud, y tejidos que no son sostenibles. La industria de la moda es la segunda industria m\u00e1s contaminante despu\u00e9s de la del petr\u00f3leo\u00bb, precisa.<\/p>\n\n\n\n<p class=\"wp-block-paragraph\"><br>A todos estos elementos se refieren en las plataformas de \u00abSe permuta\u0085\u00bb y destacan que mientras est\u00e9 circulando ropa que ya est\u00e1 hecha, son peque\u00f1as acciones que pueden ayudar a frenar el consumo desmedido. \u00abCuando varias personas est\u00e9n haciendo estas iniciativas en Cuba y en otros pa\u00edses, se estar\u00e1 logrando algo\u00bb, considera Almanza Vald\u00e9s.<\/p>\n\n\n\n<p class=\"wp-block-paragraph\"><br>Para ella, la experiencia ha sido muy buena hasta ahora, debido a que han logrado circular entre dos mil y tres mil prendas desde marzo de 2021, cuando comenzaron con los eventos.<\/p>\n\n\n\n<p class=\"wp-block-paragraph\"><br>\u00abEs un proyecto muy lindo, que resuelve muchas necesidades, que ense\u00f1a much\u00edsimo y si hay otras personas que pueden hacerlo, pues ser\u00eda lo ideal. Nosotras sentimos que realmente hacemos un aporte. Es algo muy novedoso e imagino que, con el tiempo, surgir\u00e1n otras personas que lo hagan a su forma\u00bb, dice.<\/p>\n\n\n\n<p class=\"wp-block-paragraph\"><br>Habla en femenino, pues todas sus colaboradoras y las personas que se han acercado a los eventos de intercambio de prendas son, fundamentalmente, mujeres.<\/p>\n\n\n\n<p class=\"wp-block-paragraph\"><br>\u00abTodas somos amigas\u00bb, apunta y menciona nombres como Dayma, Alison, Carla\u0085 cada una con sus responsabilidades en el proyecto, pero con su propio trabajo e incluso sus emprendimientos personales.<\/p>\n\n\n\n<p class=\"wp-block-paragraph\"><br>\u00abPienso que todos los<a href=\"https:\/\/www.redsemlac-cuba.net\/redsemlac\/economia\/ciclo-ecopapel-del-emprendimiento-al-proyecto-de-vida\/\" target=\"_blank\" rel=\"noreferrer noopener\">&nbsp;proyectos que ahora mismo en Cuba trabajan la arista ecol\u00f3gica<\/a>&nbsp;somos una red y por unos se llega a otros\u00bb, acota, aunque en este caso particular todas son amigas y colegas, adem\u00e1s de otras personas que se han acercado a colaborar\u00bb, comenta la entrevistada.<\/p>\n\n\n\n<p class=\"wp-block-paragraph\"><br>El p\u00fablico que mayormente asiste a los eventos son muchachas universitarias y, en criterio de la joven emprendedora, \u00abSe permuta\u00bb es realmente un proyecto m\u00e1s enfocado para mujeres.<\/p>\n\n\n\n<p class=\"wp-block-paragraph\"><br>\u00abNosotras muchas veces compramos una prenda por gusto, porque la vimos bonita y luego nos la probamos y no nos gusta c\u00f3mo nos queda. O la compramos para una ocasi\u00f3n especial y despu\u00e9s ya no la usamos m\u00e1s. Los hombres no, por lo general tienen prendas muy b\u00e1sicas y las usan todo el tiempo\u00bb, argumenta.<br>La pandemia de covid-19 ha sido el espacio de desarrollo y crecimiento de este emprendimiento, de ah\u00ed que vean el escenario actual como una oportunidad. Otro tanto sucede con la aprobaci\u00f3n el pasado a\u00f1o de las ventas de garaje y las casas comisionistas en Cuba, las cuales no son consideradas por Almanza Vald\u00e9s como la competencia.<\/p>\n\n\n\n<p class=\"wp-block-paragraph\"><br>\u00abHay muchachas que han tra\u00eddo lo que les ha quedado de una venta de garaje porque es como un alivio. No todo el mundo tiene dinero para comprarse un pantal\u00f3n en mil pesos, y aqu\u00ed hay personas que se han ido con mucha ropa por un precio m\u00ednimo, 75 pesos en el mayor de los casos\u00bb, relata.<\/p>\n\n\n\n<p class=\"wp-block-paragraph\"><br>\u00abNunca me preocup\u00f3 mucho ese aspecto, como potencial competencia, porque nuestro proyecto es diferente, \u00fanico y, realmente, lo que estamos haciendo se distingue. Estoy satisfecha porque pensaba que iba a tener menos impacto y ha sido todo lo contrario\u00bb, a\u00f1ade.<\/p>\n\n\n\n<p class=\"wp-block-paragraph\"><br>\u00abSe permuta mi cl\u00f3set\u00bb prepara un descanso en la realizaci\u00f3n de los eventos, hasta ahora casi mensuales. La idea es tomar m\u00e1s tiempo para planificarlos mejor y que participen m\u00e1s personas.<\/p>\n\n\n\n<p class=\"wp-block-paragraph\"><br>\u00abNosotros por lo general no recibimos tantas muchachas, pero nos gustar\u00eda tener un espacio m\u00e1s grande o durante m\u00e1s horas al d\u00eda y con bastantes propuestas. Por eso decidimos hacer solo cuatro eventos en el a\u00f1o, con las estaciones, que los iremos anunciando y nos permitir\u00e1n prepararnos mejor\u00bb, comenta.<\/p>\n\n\n\n<p class=\"wp-block-paragraph\"><br>Un sue\u00f1o para este proyecto es poder llevarlo a otras provincias, algo que aspiran hacer este a\u00f1o, cuando la pandemia lo permita. No obstante, Almanza Vald\u00e9s afirma sentirse feliz de lo alcanzado hasta el momento.<\/p>\n\n\n\n<p class=\"wp-block-paragraph\"><br>\u00abHe conocido gente muy linda gracias a \u00abSe permuta\u00bb, con ideas muy buenas, muchas emprendedoras. Me siento muy bien porque s\u00e9 que estoy haciendo algo que resulta beneficioso para las personas y el planeta que habitamos. Eso me reconforta much\u00edsimo\u00bb.<\/p>\n\n\n\n<p class=\"wp-block-paragraph\">SEM-SEMLAC\/lf<\/p>\n","protected":false},"excerpt":{"rendered":"<p>Una buena alternativa para encontrar ropa en buen estado y estrenar atuendo nuevo<\/p>\n","protected":false},"author":3,"featured_media":48073,"comment_status":"open","ping_status":"open","sticky":false,"template":"","format":"standard","meta":{"_monsterinsights_skip_tracking":false,"footnotes":""},"categories":[693,53],"tags":[],"class_list":["post-48072","post","type-post","status-publish","format-standard","has-post-thumbnail","category-693","category-internacional"],"_links":{"self":[{"href":"https:\/\/redsemlac.com\/semmexico\/wp-json\/wp\/v2\/posts\/48072","targetHints":{"allow":["GET"]}}],"collection":[{"href":"https:\/\/redsemlac.com\/semmexico\/wp-json\/wp\/v2\/posts"}],"about":[{"href":"https:\/\/redsemlac.com\/semmexico\/wp-json\/wp\/v2\/types\/post"}],"author":[{"embeddable":true,"href":"https:\/\/redsemlac.com\/semmexico\/wp-json\/wp\/v2\/users\/3"}],"replies":[{"embeddable":true,"href":"https:\/\/redsemlac.com\/semmexico\/wp-json\/wp\/v2\/comments?post=48072"}],"version-history":[{"count":0,"href":"https:\/\/redsemlac.com\/semmexico\/wp-json\/wp\/v2\/posts\/48072\/revisions"}],"wp:featuredmedia":[{"embeddable":true,"href":"https:\/\/redsemlac.com\/semmexico\/wp-json\/wp\/v2\/media\/48073"}],"wp:attachment":[{"href":"https:\/\/redsemlac.com\/semmexico\/wp-json\/wp\/v2\/media?parent=48072"}],"wp:term":[{"taxonomy":"category","embeddable":true,"href":"https:\/\/redsemlac.com\/semmexico\/wp-json\/wp\/v2\/categories?post=48072"},{"taxonomy":"post_tag","embeddable":true,"href":"https:\/\/redsemlac.com\/semmexico\/wp-json\/wp\/v2\/tags?post=48072"}],"curies":[{"name":"wp","href":"https:\/\/api.w.org\/{rel}","templated":true}]}}