{"id":48064,"date":"2022-04-04T11:30:59","date_gmt":"2022-04-04T17:30:59","guid":{"rendered":"https:\/\/redsemlac.com\/semmexico\/?p=48064"},"modified":"2023-07-21T19:02:05","modified_gmt":"2023-07-22T00:02:05","slug":"condenan-periodistas-de-guerrero-agresiones-contra-dos-reporteras","status":"publish","type":"post","link":"https:\/\/redsemlac.com\/semmexico\/condenan-periodistas-de-guerrero-agresiones-contra-dos-reporteras\/","title":{"rendered":"Condenan periodistas de Guerrero agresiones contra dos reporteras"},"content":{"rendered":"\n<ul class=\"wp-block-list\"><li>Las informadoras presentaron queja ante la CNDH<\/li><li>Exigen intervenci\u00f3n de la Fiscal\u00eda su intervenci\u00f3n y a AMLO que cese de campa\u00f1a de hostigamiento<\/li><\/ul>\n\n\n\n<p class=\"wp-block-paragraph\">Redacci\u00f3n<br>SemM\u00e9xico, Acapulco, Gro., 4 de abril, 2022.- Colectivos de periodistas de esta entidad condenaron las vejaciones sufridas por las reporteras Fortunata Larumbe Flores y Norma Patricia Flores Carballido por parte de polic\u00edas comunitarios de la Uni\u00f3n de los Pueblos y Organizaciones del Estado de Guerrero (UPOEG), y del presidente municipal de Cruz Grande, Florencio Villarreal.<\/p>\n\n\n\n<p class=\"wp-block-paragraph\">A trav\u00e9s de un comunicado se sumaron a la queja que las periodistas interpusieron ante la Comisi\u00f3n Nacional de Derechos Humanos (CNDH), contra Jos\u00e9 Lorenzo Hern\u00e1ndez, coordinador regional de la UPOEG; de Brisenia Cuevas de Le\u00f3n, tesorera, y Rodrigo Pav\u00f3n Gallardo, alcalde de Cruz Grande, Florencio Villareal, en la regi\u00f3n e la Costa Chica.<\/p>\n\n\n\n<p class=\"wp-block-paragraph\">Las agrupaciones firmantes del comunicado son el Club de Periodistas de Guerrero, A.C.; el Frente de Periodistas del Estado de Guerrero, Juan R. Escudero; la Asociaci\u00f3n de Periodistas de Medios Digitales, Joseph Pulitzer; la Asociaci\u00f3n Nacional de Locutores, delegaci\u00f3n Guerrero, y la Asociaci\u00f3n de Periodistas Francisco Zarco del estado de Guerrero, A.C.<\/p>\n\n\n\n<p class=\"wp-block-paragraph\">En el escrito relatan que, bajo la premisa de que la Relator\u00eda Especial de la ONU sobre la promoci\u00f3n y protecci\u00f3n del derecho a la libertad de opini\u00f3n y de expresi\u00f3n define como periodista a quienes trabajan en medios de informaci\u00f3n y al personal de apoyo, as\u00ed como a quienes trabajan en medios de comunicaci\u00f3n de la comunidad y a los periodistas ciudadanos cuando desempe\u00f1an por un tiempo esa funci\u00f3n.<\/p>\n\n\n\n<p class=\"wp-block-paragraph\">As\u00ed como tambi\u00e9n el Comit\u00e9 de Derechos Humanos se\u00f1ala que son periodistas una amplia variedad de personas, como analistas y reporteros profesionales y de dedicaci\u00f3n exclusiva, autores de blogs y otros que publican por su propia cuenta en medios de prensa, en Internet o por otros medios.<\/p>\n\n\n\n<p class=\"wp-block-paragraph\">Y a que se distingue al periodista como aquella persona que hace del ejercicio de las libertades de expresi\u00f3n y\/o informaci\u00f3n su actividad principal, de manera permanente con o sin remuneraci\u00f3n, con o sin t\u00edtulo profesional o registro gremial que acredite su ejercicio.<\/p>\n\n\n\n<p class=\"wp-block-paragraph\">Del escrito de queja n\u00famero 2022\/ 29873, ellas relataron que el 31 de marzo de 2022, al mediod\u00eda, llegaron al ayuntamiento para ser atendidas por la tesorera municipal Cuevas de Le\u00f3n, \u201cpara acordar el pago de publicaciones de la campa\u00f1a para su presidencia\u201d.<\/p>\n\n\n\n<p class=\"wp-block-paragraph\">\u201cLa tesorera nos inform\u00f3 que ella no ten\u00eda ninguna instrucci\u00f3n del presidente municipal para generar alg\u00fan pago de publicaciones de la campa\u00f1a\u2026 Cuevas nos invit\u00f3 a salir de su oficina por lo que no accedimos hasta que obtuvi\u00e9ramos una respuesta sobre nuestro pago\u201d, manifest\u00f3 Larumbe ante el escrito presentado ante la titular de la CNDH, Rosario Piedra Ibarra.<\/p>\n\n\n\n<p class=\"wp-block-paragraph\">Expusieron que la funcionaria les dijo que no le quedaba de otra que traer a la Polic\u00eda Comunitaria. Acto seguido, \u201clleg\u00f3 un sujeto, con lujo de violencia y muy prepotente, tom\u00f3 su radio, se comunic\u00f3 con un individuo y le dijo, suban para que me saquen a estas pinches viejas\u201d.<\/p>\n\n\n\n<p class=\"wp-block-paragraph\">Las agraviadas fueron jaloneadas y pateadas dentro de las oficinas de la tesorer\u00eda por los elementos de la UPOEG.<\/p>\n\n\n\n<p class=\"wp-block-paragraph\">\u201cEl coordinador nos encar\u00f3, si dicen algo, o sacas alguna nota, las voy a matar no abran la boca\u201d, puntualizaron que fueron amenazadas.<br>Norma Patricia Flores Carballido y Fortunata Larumbe Ramos temen por sus vidas, por ello han denunciado estos hechos ante el Ministerio P\u00fablico de Atenci\u00f3n Integral, Karla Osiris Torres Herrera \u2013proceso 12180750100021310322- y, la CNDH, para que se investigue y se proceda conforme a derecho.<\/p>\n\n\n\n<p class=\"wp-block-paragraph\">Ante los hechos, las colectivas de periodistas exigieron a la Fiscal\u00eda General de Guerrero dar celeridad a \u00e9sta denuncia que alienta el clima de hostigamiento por parte de instancias gubernamentales para agredir f\u00edsica, emocional y econ\u00f3micamente a quienes ejercemos el periodismo en M\u00e9xico.<\/p>\n\n\n\n<p class=\"wp-block-paragraph\">De igual forma, llamaron al presidente de M\u00e9xico, Andr\u00e9s Manuel L\u00f3pez Obrador, para que cese su campa\u00f1a de hostigamiento en contra de los periodistas en general y cuyo ejemplo ya perme\u00f3 a comunidades tan alejadas, como Cruz Grande, y que pueden ser causa de cr\u00edmenes en contra de periodistas en general.<\/p>\n\n\n\n<p class=\"wp-block-paragraph\">SEM\/sj<\/p>\n","protected":false},"excerpt":{"rendered":"<p>Las informadoras presentaron queja ante la CNDH<\/p>\n","protected":false},"author":3,"featured_media":48065,"comment_status":"open","ping_status":"open","sticky":false,"template":"","format":"standard","meta":{"_monsterinsights_skip_tracking":false,"footnotes":""},"categories":[693,55],"tags":[144,142],"class_list":["post-48064","post","type-post","status-publish","format-standard","has-post-thumbnail","category-693","category-periodistas","tag-guerrero","tag-violencia"],"_links":{"self":[{"href":"https:\/\/redsemlac.com\/semmexico\/wp-json\/wp\/v2\/posts\/48064","targetHints":{"allow":["GET"]}}],"collection":[{"href":"https:\/\/redsemlac.com\/semmexico\/wp-json\/wp\/v2\/posts"}],"about":[{"href":"https:\/\/redsemlac.com\/semmexico\/wp-json\/wp\/v2\/types\/post"}],"author":[{"embeddable":true,"href":"https:\/\/redsemlac.com\/semmexico\/wp-json\/wp\/v2\/users\/3"}],"replies":[{"embeddable":true,"href":"https:\/\/redsemlac.com\/semmexico\/wp-json\/wp\/v2\/comments?post=48064"}],"version-history":[{"count":0,"href":"https:\/\/redsemlac.com\/semmexico\/wp-json\/wp\/v2\/posts\/48064\/revisions"}],"wp:featuredmedia":[{"embeddable":true,"href":"https:\/\/redsemlac.com\/semmexico\/wp-json\/wp\/v2\/media\/48065"}],"wp:attachment":[{"href":"https:\/\/redsemlac.com\/semmexico\/wp-json\/wp\/v2\/media?parent=48064"}],"wp:term":[{"taxonomy":"category","embeddable":true,"href":"https:\/\/redsemlac.com\/semmexico\/wp-json\/wp\/v2\/categories?post=48064"},{"taxonomy":"post_tag","embeddable":true,"href":"https:\/\/redsemlac.com\/semmexico\/wp-json\/wp\/v2\/tags?post=48064"}],"curies":[{"name":"wp","href":"https:\/\/api.w.org\/{rel}","templated":true}]}}