{"id":4795,"date":"2019-01-22T16:50:08","date_gmt":"2019-01-22T16:50:08","guid":{"rendered":"https:\/\/redsemlac.com\/semmexico\/?p=4795"},"modified":"2023-07-21T14:40:40","modified_gmt":"2023-07-21T19:40:40","slug":"buscan-garantias-de-la-igualdad-y-debatiran-trata-y-prostitucion","status":"publish","type":"post","link":"https:\/\/redsemlac.com\/semmexico\/buscan-garantias-de-la-igualdad-y-debatiran-trata-y-prostitucion\/","title":{"rendered":"Buscan garant\u00edas de la igualdad y debatir\u00e1n trata y prostituci\u00f3n"},"content":{"rendered":"\n<p class=\"wp-block-paragraph\"><a href=\"https:\/\/www.semmexico.com\/gallery-post.php?id=6925#\">Sara Lovera<\/a><\/p>\n\n\n\n<p class=\"wp-block-paragraph\">SemM\u00e9xico. Cd. de M\u00e9xico. 22 de enero de 2019.- Las estrategias prioritarias en la Ciudad de M\u00e9xico, desde la perspectiva de las mujeres y feminista&nbsp; es erradicar la violencia contra las mujeres, transversalizar la perspectiva de g\u00e9nero en toda la administraci\u00f3n, abatir el embarazo en adolescentes y garantizar la autonom\u00eda econ\u00f3mica de la poblaci\u00f3n femenina, afirm\u00f3 Gabriela Rodr\u00edguez, Secretaria de la Mujer, ante las 132 integrantes del Parlamento de Mujeres, \u00f3rgano civil de apoyo al Congreso Capitalino que hoy se present\u00f3 y que el 31 de enero iniciar\u00e1 su labor por un a\u00f1o.<\/p>\n\n\n\n<p class=\"wp-block-paragraph\">En la presentaci\u00f3n, la presidenta de la Comisi\u00f3n de Igualdad, Paula Soto Maldonado anunci\u00f3 que se legislar\u00e1 en la ciudad sobre violencia pol\u00edtica, uno de los obst\u00e1culos para la participaci\u00f3n plena de las mujeres en la vida p\u00fablica y anunci\u00f3 una alianza con el gobierno, los \u00f3rganos de derechos humanos y contra la discriminaci\u00f3n para lograr la igualdad sustantiva de la pobladoras de la capital de la Rep\u00fablica, acciones en las que estar\u00e1n involucradas las nuevas parlamentarias.<\/p>\n\n\n\n<p class=\"wp-block-paragraph\">El Parlamento de Mujeres es un espacio deliberativo, donde se debatir\u00e1, se hagan propuestas y se propicie una participaci\u00f3n activa de sus integrantes, variopintas,&nbsp; en ideolog\u00edas, experiencia preocupaciones&nbsp; y actividades, explic\u00f3 a su vez Geraldina Gonz\u00e1lez de la Vega Hern\u00e1ndez, presidenta del Consejo para Prevenir y Eliminar la Discriminaci\u00f3n de la CDMX, tras se\u00f1alar que en ese espacio las diputadas parlamentarias podr\u00e1n alzar la voz y discutir para llegar a soluciones entre todas.<\/p>\n\n\n\n<p class=\"wp-block-paragraph\">En el Sal\u00f3n Benito Ju\u00e1rez del Congreso Capitalino, las asistentes entusiasmadas iniciaron un proceso de inducci\u00f3n de dos d\u00edas, donde se discutir\u00e1 su conformaci\u00f3n, sus funciones y atribuciones con los grupos parlamentarios y sus coordinaciones; sus objetivos y ejes tem\u00e1ticos de las comisiones. Para identificar a los territorios donde actuar\u00e1n. Trabajo ligado a otro prioritario del gobierno de la ciudad que es, seg\u00fan dijo Gabriela Rodr\u00edguez, la construcci\u00f3n de mil 200 redes de mujeres y redes de j\u00f3venes hombres que, dijo, luchar\u00e1n contra el machismo.<\/p>\n\n\n\n<p class=\"wp-block-paragraph\">En el ambiente, de mayor\u00eda femenina, las funcionarias se definieron como feministas, por ello Paula Soto Maldonado insisti\u00f3 en que las mujeres no son un grupo vulnerable, sino la mitad de la poblaci\u00f3n.<\/p>\n\n\n\n<p class=\"wp-block-paragraph\">Se reconoci\u00f3 que en M\u00e9xico existen leyes que garantizan los derechos de las mujeres, que la ciudad ha estado a la vanguardia en todo el pa\u00eds, &nbsp;pero, afirm\u00f3 Gonz\u00e1lez de la Vega Hern\u00e1ndez, \u201cno hay efectividad\u201d, por lo que ahora se trata de hacer efectivos esos derechos, tener acceso a ellos en igualdad. Coincidieron las oradoras durante la presentaci\u00f3n protocolaria, en que se vive un momento hist\u00f3rico, donde se busca un cambio estructural, pero ello no podr\u00e1 ser sin las mujeres.<\/p>\n\n\n\n<p class=\"wp-block-paragraph\">LA ESTRATEGIA DE LA CIUDAD<\/p>\n\n\n\n<p class=\"wp-block-paragraph\">Rodr\u00edguez explic\u00f3 a las asistentes, activistas, acad\u00e9micas, integrantes de organizaciones sociales del Parlamento que la Jefa de Gobierno Claudia Sheinbaum Pardo, ha puesto en el centro la transversalidad de las acciones para las mujeres de la ciudad y que la&nbsp; prioridad es clara, abatir la violencia contra las mujeres.<\/p>\n\n\n\n<p class=\"wp-block-paragraph\">Anunci\u00f3 que para el 15 de febrero se integrar\u00e1n 176 abogadas en todos los ministerios p\u00fablicos; que se renuevan y acondicionan las 32 Lunas, las antiguas Unidades de Atenci\u00f3n a las Mujeres y de Prevenci\u00f3n de la Violencia, donde cada mujer violentada recibir\u00e1 atenci\u00f3n psicol\u00f3gica y legal, pero que lo m\u00e1s importante es que se les dar\u00e1 acompa\u00f1amiento hasta el final de su proceso, donde \u201crecobren la dignidad\u201d y para eso, dijo hay mucho dinero, \u201cdel que hay\u201d.<\/p>\n\n\n\n<p class=\"wp-block-paragraph\">Adem\u00e1s en favor de eliminar la violencia hay m\u00e1s. Y eso \u00bfqu\u00e9 significa? Que se anunci\u00f3 un programa donde se tejer\u00e1 la tarea contra la violencia contra las mujeres j\u00f3venes, adem\u00e1s de la campa\u00f1a en curso contra el acoso.&nbsp; Este programa significa &nbsp;una inversi\u00f3n de dos mil millones de pesos&nbsp; para construir, remodelar, equipar o dar mantenimiento a 300 centros comunitarios que formar\u00e1n parte de un programa llamado Puntos de Innovaci\u00f3n, Libertad, Arte, Educaci\u00f3n y Saberes (PILARES), centros que &nbsp;atender\u00e1n a 200 mil j\u00f3venes y estar\u00e1n ubicados en las zonas de mayor marginaci\u00f3n de la capital, as\u00ed como las que tienen alto \u00edndices delictivos.<\/p>\n\n\n\n<p class=\"wp-block-paragraph\">Para el 8 de marzo ya se organiza la presentaci\u00f3n de dos mil 200 promotoras por la igualdad y la no violencia en todo el territorio capitalino, se trata de redes en territorio, en las colonias, esta es una estrategia fundamental, dijo, porque no estaremos haciendo las cosas en el escritorio. Reconoci\u00f3 que las redes ya se conformaron en anteriores administraciones, pero que ahora ser\u00e1n fortalecidas.<\/p>\n\n\n\n<p class=\"wp-block-paragraph\">Que adem\u00e1s habr\u00e1 becas para las estudiantes; que se fomentar\u00e1 la paridad de g\u00e9nero en todos esos grupos, entre los funcionarios, que se hace capacitaci\u00f3n masiva y que habr\u00e1 un trabajo especial para enfrentar el embarazo en adolescentes: 400 ni\u00f1as menores de 15 a\u00f1os dan a luz en la Ciudad cada a\u00f1o y 56 de cada mil entre 15 y 19 a\u00f1os. Una campa\u00f1a llamada Ni Violencia Ni Embrazo se lanzar\u00e1 el 30 de abril.<\/p>\n\n\n\n<p class=\"wp-block-paragraph\">La Secretaria de la Mujer ratific\u00f3 la alianza con el Congreso y prepara cambios en la Ley de Acceso a una Vida sin Violencia, se prepara el reglamento para el sistema de Igualdad y no discriminaci\u00f3n y algunos pocos cambios en la Ley de Igualdad, ley est\u00e1 y la de Acceso de la Capital.<\/p>\n\n\n\n<p class=\"wp-block-paragraph\">LAS PARLAMENTARIAS<\/p>\n\n\n\n<p class=\"wp-block-paragraph\">Mientras las diputadas parlamentarias se conoc\u00edan y recib\u00edan informaci\u00f3n del Congreso, Yndira Sandoval, una de las 66 propietarias informo de 3 temas de su preocupaci\u00f3n para impulsar iniciativas: discutir c\u00f3mo resolver la discrepancia entre quienes quieren regular trabajo sexual y las abolicionistas, ser\u00e1 oportuno una &nbsp;legislaci\u00f3n de penalizar el consumo, sea trata o sea legal a quien nadie toca en la cadena es al consumidor que por cierto tiene un perfil muy definido. \u201cMe refiero a penalizar el consumo, control y explotaci\u00f3n de los cuerpos de las personas, especialmente mujeres y ni\u00f1as\u201d.<\/p>\n\n\n\n<p class=\"wp-block-paragraph\">Sobre la &nbsp;alerta de g\u00e9nero local, &nbsp;m\u00e1s all\u00e1 de las burocracias nacionales,&nbsp; dijo &nbsp;se debe generar un mecanismo de orden local con marco jur\u00eddico establecido en jurisdicci\u00f3n propia, con mirada metropolitana y descentralizada por aquello de las alcald\u00edas semiurbanas o rurales, un mecanismo que responda a las necesidades y factores de violencia relacionados a los territorios que habitamos y transitamos.<\/p>\n\n\n\n<p class=\"wp-block-paragraph\">Y finalmente empujar legislaci\u00f3n para que la paridad sea una realidad en todas las instituciones privadas, en cada empresa, hotel, changarro etc. &nbsp;Que opere en la CDMX. Exigir que sus plantillas sean &nbsp;paritarias horizontal y verticalmente &nbsp;como parte del fortalecimiento a la igualdad partiendo de la corresponsabilidad, adem\u00e1s de mejores oportunidades laborales a mujeres.<\/p>\n\n\n\n<p class=\"wp-block-paragraph\">Sandoval, de la Red por la Justicia para las Mujeres, inform\u00f3 que las parlamentarias fueron nombradas para actuar durante un a\u00f1o, aunque el Congreso fue elegido&nbsp; para 3 a\u00f1os.<\/p>\n","protected":false},"excerpt":{"rendered":"<p>Sara Lovera SemM\u00e9xico. Cd. de M\u00e9xico. 22 de enero de 2019.- Las estrategias prioritarias en la Ciudad de M\u00e9xico, desde la perspectiva de las mujeres y feminista&nbsp; es erradicar la violencia contra las mujeres, transversalizar la perspectiva de g\u00e9nero en toda la administraci\u00f3n, abatir el embarazo en adolescentes y garantizar la autonom\u00eda econ\u00f3mica de la [&hellip;]<\/p>\n","protected":false},"author":3,"featured_media":4796,"comment_status":"open","ping_status":"open","sticky":false,"template":"","format":"standard","meta":{"_monsterinsights_skip_tracking":false,"footnotes":""},"categories":[690,50,69],"tags":[],"class_list":["post-4795","post","type-post","status-publish","format-standard","has-post-thumbnail","category-690","category-congreso","category-sara-lovera"],"_links":{"self":[{"href":"https:\/\/redsemlac.com\/semmexico\/wp-json\/wp\/v2\/posts\/4795","targetHints":{"allow":["GET"]}}],"collection":[{"href":"https:\/\/redsemlac.com\/semmexico\/wp-json\/wp\/v2\/posts"}],"about":[{"href":"https:\/\/redsemlac.com\/semmexico\/wp-json\/wp\/v2\/types\/post"}],"author":[{"embeddable":true,"href":"https:\/\/redsemlac.com\/semmexico\/wp-json\/wp\/v2\/users\/3"}],"replies":[{"embeddable":true,"href":"https:\/\/redsemlac.com\/semmexico\/wp-json\/wp\/v2\/comments?post=4795"}],"version-history":[{"count":0,"href":"https:\/\/redsemlac.com\/semmexico\/wp-json\/wp\/v2\/posts\/4795\/revisions"}],"wp:featuredmedia":[{"embeddable":true,"href":"https:\/\/redsemlac.com\/semmexico\/wp-json\/wp\/v2\/media\/4796"}],"wp:attachment":[{"href":"https:\/\/redsemlac.com\/semmexico\/wp-json\/wp\/v2\/media?parent=4795"}],"wp:term":[{"taxonomy":"category","embeddable":true,"href":"https:\/\/redsemlac.com\/semmexico\/wp-json\/wp\/v2\/categories?post=4795"},{"taxonomy":"post_tag","embeddable":true,"href":"https:\/\/redsemlac.com\/semmexico\/wp-json\/wp\/v2\/tags?post=4795"}],"curies":[{"name":"wp","href":"https:\/\/api.w.org\/{rel}","templated":true}]}}