{"id":47727,"date":"2022-03-28T10:10:25","date_gmt":"2022-03-28T16:10:25","guid":{"rendered":"https:\/\/redsemlac.com\/semmexico\/?p=47727"},"modified":"2023-07-21T19:01:34","modified_gmt":"2023-07-22T00:01:34","slug":"botella-al-mar-caballo-de-troya","status":"publish","type":"post","link":"https:\/\/redsemlac.com\/semmexico\/botella-al-mar-caballo-de-troya\/","title":{"rendered":"Botella al Mar| Caballo de Troya"},"content":{"rendered":"\n<p class=\"wp-block-paragraph\">Martha Canseco Gonz\u00e1lez<\/p>\n\n\n\n<p class=\"wp-block-paragraph\">SemM\u00e9xico, Pachuca, Hidalgo, 28 de marzo, 2022.-Hace muchos a\u00f1os, cuando militaba en el grupo Lambda de liberaci\u00f3n homosexual en la Ciudad de M\u00e9xico, ten\u00edamos los jueves de mujeres, ah\u00ed nos cuestion\u00e1bamos todo. \u00bfS\u00ed, soy mujer y prefiero relacionarme con mujeres, eso quiere decir que soy hombre o medio hombre? La respuesta nos lleg\u00f3 por s\u00ed sola, \u00a1No, no somos hombres, s\u00f3lo somos mujeres que amamos a otras mujeres!<\/p>\n\n\n\n<p class=\"wp-block-paragraph\"><br>En muchas ocasiones en eso de la organizaci\u00f3n y del activismo, cuando por prisa te encontrabas con un hombre gay a la mitad del camino y te espetaba \u00a1d\u00e9jame pasar! Y t\u00fa como mujer lesbiana preguntabas \u00bfpor qu\u00e9? y la respuesta que recib\u00edas era \u00a1porque yo soy m\u00e1s mujer que t\u00fa! Hace 40 a\u00f1os, nos dejaban calladas, ahora no.<\/p>\n\n\n\n<p class=\"wp-block-paragraph\"><br>\u00a1Nadie puede ser m\u00e1s mujer que yo! Porque soy como cualquier otra, la \u00fanica diferencia es que me relaciono f\u00edsica y rom\u00e1nticamente con otra mujer.<\/p>\n\n\n\n<p class=\"wp-block-paragraph\"><br>Ahora he escuchado mujeres lesbianas que aseguran que algunas mujeres trans merecen ser m\u00e1s mujeres que yo. \u00a1Eso jam\u00e1s ocurrir\u00e1 conmigo! Me queda muy claro. Tuve un \u00fatero que jam\u00e1s alberg\u00f3 una nueva vida, fue mi decisi\u00f3n y no me arrepiento. Tengo una vagina que me proporciona el mayor placer que pueda imaginar, tengo un nervio p\u00e9lvico que me da orgasmos espont\u00e1neos y que con cada uno de ellos le da sentido y creatividad a m\u00ed vida, adem\u00e1s una vulva que le acompa\u00f1a en todo momento, tengo g\u00f3nadas y hormonas que me acompa\u00f1ar\u00e1n toda mi vida.<\/p>\n\n\n\n<p class=\"wp-block-paragraph\"><br>En suma, en este mundo patriarcal, aprend\u00ed a ser feliz y plena en el peque\u00f1o espacio en el que me ha permitido existir, \u00a1pero que para m\u00ed es amplio, muy amplio! porque lo he aprovechado muy bien.<\/p>\n\n\n\n<p class=\"wp-block-paragraph\"><br>\u00a1Nuestra mejor venganza es ser felices!<br>Toda esta reflexi\u00f3n viene por el Foro organizado por la UNAM, donde estuvieron exponiendo nuestras maestras y ancestras feministas Marcela Lagarde, Amelia Valc\u00e1rcel, Alda Facio y Andrea Medina.<br>Fue como una bocanada de<\/p>\n\n\n\n<p class=\"wp-block-paragraph\"> aire fresco, como una validaci\u00f3n a mi trabajo de muchos a\u00f1os en favor de las mujeres, \u00a1As\u00ed es, soy una orgullosa mujer lesbiana feminista, que ha luchado durante muchos a\u00f1os en favor de los derechos y la dignidad de las mujeres de Hidalgo!<\/p>\n\n\n\n<p class=\"wp-block-paragraph\"><br>Fue tan claro para m\u00ed hace casi dos a\u00f1os cuando particip\u00e9 en el Concejo Municipal de Pachuca, un gobierno feminista que dur\u00f3 tan s\u00f3lo tres meses y en los cu\u00e1les hicimos nuestro mejor esfuerzo. Al frente del Instituto Municipal de las Mujeres, que luego devendr\u00eda en la primera Secretar\u00eda de las Mujeres en la entidad, mi objetivo fue el avance de las mujeres de esta ciudad y sobre todo prevenir, atender y sancionar las diferentes violencias a las que estamos expuestas por el mero hecho de ser mujeres.<\/p>\n\n\n\n<p class=\"wp-block-paragraph\"><br>Estaba yo impulsando capacitaciones no convencionales como el comercio, electricidad, plomer\u00eda, mec\u00e1nica, etc. Una persona se comunic\u00f3 diciendo que era un hombre pero que se sent\u00eda mujer y que quer\u00eda participar en una de las capacitaciones. En ese entonces exist\u00eda la reci\u00e9n creada direcci\u00f3n de la diversidad, ahora desparecida, me qued\u00f3 muy claro que no era yo qui\u00e9n habr\u00eda de atenderle sino mi compa\u00f1era Gloria Davenport quien encabezaba esa nueva oficina, le canalic\u00e9 hacia all\u00e1. Nunca dije que no, pero me quedaba claro que m\u00ed prioridad eran las mujeres.<\/p>\n\n\n\n<p class=\"wp-block-paragraph\"><br>En el foro de la UNAM jam\u00e1s escuch\u00e9 una descalificaci\u00f3n a lo trans, ning\u00fan vituperio, ninguna ofensa ni maltrato, s\u00f3lo qued\u00f3 muy claro que el sujeto pol\u00edtico del feminismo, hemos sido, somos y seguiremos siendo las mujeres. Las personas de la diversidad habr\u00e1n de hacer su propia lucha, les arropamos en un inicio, pero ya no m\u00e1s.<\/p>\n\n\n\n<p class=\"wp-block-paragraph\"><br>Nos han traicionado y volteado el chirri\u00f3n por el palito y han aprovechado nuestra mejor caracter\u00edstica que es la empat\u00eda como caballo de Troya. Detr\u00e1s hay puros intereses patriarcales. Las farmace\u00faticas, m\u00e9dicas y m\u00e9dicos llenando sus bolsillos haciendo operaciones de cambio de sexo y un largo etc\u00e9tera. Lo peor que nos pudo ocurrir fue la hermandad entre el machismo y el neoliberalismo.<\/p>\n\n\n\n<p class=\"wp-block-paragraph\"><br>\u00bfYo pregunto qui\u00e9n en su sano juicio querr\u00eda estar en la parte m\u00e1s baja de la pir\u00e1mide del poder donde estamos las mujeres?, ah\u00ed por cierto no est\u00e1n las trans, no es lo mismo la autoestima desde el poder, que la autoestima desde la sumisi\u00f3n, no es lo mismo ser una mujer trans que un hombre trans.<\/p>\n\n\n\n<p class=\"wp-block-paragraph\"><br>Me extra\u00f1a de tantas feministas y asociaciones que denostaron el foro, que cada qui\u00e9n asuma su responsabilidad, bienvenida sea la diversidad incluso en el feminismo, no nos impongan su visi\u00f3n con pataletas patriarcales.<\/p>\n\n\n\n<p class=\"wp-block-paragraph\"><br>Sigamos nuestros diferentes caminos en paz, sin ofender, sin violentar y sin denostar, no hay uno mejor que el otro, tan s\u00f3lo son diferentes.<\/p>\n\n\n\n<p class=\"wp-block-paragraph\">botellalmar2017@gmail.com<\/p>\n","protected":false},"excerpt":{"rendered":"<p>Martha Canseco Gonz\u00e1lez SemM\u00e9xico, Pachuca, Hidalgo, 28 de marzo, 2022.-Hace muchos a\u00f1os, cuando militaba en el grupo Lambda de liberaci\u00f3n homosexual en la Ciudad de M\u00e9xico, ten\u00edamos los jueves de mujeres, ah\u00ed nos cuestion\u00e1bamos todo. \u00bfS\u00ed, soy mujer y prefiero relacionarme con mujeres, eso quiere decir que soy hombre o medio hombre? La respuesta nos [&hellip;]<\/p>\n","protected":false},"author":3,"featured_media":38582,"comment_status":"open","ping_status":"open","sticky":false,"template":"","format":"standard","meta":{"_monsterinsights_skip_tracking":false,"footnotes":""},"categories":[693,98,84,35],"tags":[],"class_list":["post-47727","post","type-post","status-publish","format-standard","has-post-thumbnail","category-693","category-botella-al-mar","category-martha-canseco","category-opinion"],"_links":{"self":[{"href":"https:\/\/redsemlac.com\/semmexico\/wp-json\/wp\/v2\/posts\/47727","targetHints":{"allow":["GET"]}}],"collection":[{"href":"https:\/\/redsemlac.com\/semmexico\/wp-json\/wp\/v2\/posts"}],"about":[{"href":"https:\/\/redsemlac.com\/semmexico\/wp-json\/wp\/v2\/types\/post"}],"author":[{"embeddable":true,"href":"https:\/\/redsemlac.com\/semmexico\/wp-json\/wp\/v2\/users\/3"}],"replies":[{"embeddable":true,"href":"https:\/\/redsemlac.com\/semmexico\/wp-json\/wp\/v2\/comments?post=47727"}],"version-history":[{"count":0,"href":"https:\/\/redsemlac.com\/semmexico\/wp-json\/wp\/v2\/posts\/47727\/revisions"}],"wp:featuredmedia":[{"embeddable":true,"href":"https:\/\/redsemlac.com\/semmexico\/wp-json\/wp\/v2\/media\/38582"}],"wp:attachment":[{"href":"https:\/\/redsemlac.com\/semmexico\/wp-json\/wp\/v2\/media?parent=47727"}],"wp:term":[{"taxonomy":"category","embeddable":true,"href":"https:\/\/redsemlac.com\/semmexico\/wp-json\/wp\/v2\/categories?post=47727"},{"taxonomy":"post_tag","embeddable":true,"href":"https:\/\/redsemlac.com\/semmexico\/wp-json\/wp\/v2\/tags?post=47727"}],"curies":[{"name":"wp","href":"https:\/\/api.w.org\/{rel}","templated":true}]}}