{"id":47724,"date":"2022-03-28T10:06:36","date_gmt":"2022-03-28T16:06:36","guid":{"rendered":"https:\/\/redsemlac.com\/semmexico\/?p=47724"},"modified":"2023-07-21T19:01:34","modified_gmt":"2023-07-22T00:01:34","slug":"alumnas-del-cbtis-124-denuncian-acoso-e-intimidacion-de-prefectos-y-maestros","status":"publish","type":"post","link":"https:\/\/redsemlac.com\/semmexico\/alumnas-del-cbtis-124-denuncian-acoso-e-intimidacion-de-prefectos-y-maestros\/","title":{"rendered":"Alumnas del CBTIS 124, denuncian acoso e intimidaci\u00f3n de prefectos y maestros"},"content":{"rendered":"\n<p class=\"wp-block-paragraph\">Redacci\u00f3n<br>SemM\u00e9xico\/Testigo P\u00farpura, Veracruz, Ver. 28 de marzo, 2022.-Estudiantes del Centro de Bachillerato Tecnol\u00f3gico, Industrial y de Servicios (CBTIS) 124 que se ubica en la colonia Reserva Tarimoya del Puerto de Veracruz, denunciaron acoso sexual por parte del personal de la instituci\u00f3n educativa y adem\u00e1s indicaron que a pesar de que ya hicieron el se\u00f1alamiento ante el director de la instituci\u00f3n, no hizo nada contra los se\u00f1alados y \u00fanicamente reciben actos de intimidaci\u00f3n.<\/p>\n\n\n\n<p class=\"wp-block-paragraph\"><br>Seg\u00fan indicaron las estudiantes que pidieron omitir sus nombres por temor, desde el inicio de la pandemia se increment\u00f3 el problema, ya que el personal de la escuela tuvo acceso a sus n\u00fameros de celulares debido a la situaci\u00f3n de clases desde casa.<\/p>\n\n\n\n<p class=\"wp-block-paragraph\"><br>Se\u00f1alaron de manera espec\u00edfica a uno de los prefectos de la escuela, quien tuvo acceso a redes sociales y estados desde donde les enviaba de forma privada comentarios de \u00edndole sexual a las menores.<\/p>\n\n\n\n<p class=\"wp-block-paragraph\"><br>Los mensajes, se\u00f1alaron, iban desde la apariencia, forma de vestir y al darse a conocer el caso, inclusive algunas se\u00f1alaron que cuando se encontraban de forma presencial ha realizado abusos sexuales hacia algunas de las estudiantes, quienes optaron por no denunciar.<\/p>\n\n\n\n<p class=\"wp-block-paragraph\"><br>Adem\u00e1s, las afectadas indicaron que el director de este plantel ha tenido conocimiento de las denuncias, pero pr\u00e1cticamente las ha dejado en el olvido. Sin embargo, fueron notificados los maestros, quienes han realizado amenazas a las estudiantes.<\/p>\n","protected":false},"excerpt":{"rendered":"<p>Redacci\u00f3nSemM\u00e9xico\/Testigo P\u00farpura, Veracruz, Ver. 28 de marzo, 2022.-Estudiantes del Centro de Bachillerato Tecnol\u00f3gico, Industrial y de Servicios (CBTIS) 124 que se ubica en la colonia Reserva Tarimoya del Puerto de Veracruz, denunciaron acoso sexual por parte del personal de la instituci\u00f3n educativa y adem\u00e1s indicaron que a pesar de que ya hicieron el se\u00f1alamiento ante [&hellip;]<\/p>\n","protected":false},"author":3,"featured_media":47725,"comment_status":"open","ping_status":"open","sticky":false,"template":"","format":"standard","meta":{"_monsterinsights_skip_tracking":false,"footnotes":""},"categories":[693,54],"tags":[],"class_list":["post-47724","post","type-post","status-publish","format-standard","has-post-thumbnail","category-693","category-mujeres"],"_links":{"self":[{"href":"https:\/\/redsemlac.com\/semmexico\/wp-json\/wp\/v2\/posts\/47724","targetHints":{"allow":["GET"]}}],"collection":[{"href":"https:\/\/redsemlac.com\/semmexico\/wp-json\/wp\/v2\/posts"}],"about":[{"href":"https:\/\/redsemlac.com\/semmexico\/wp-json\/wp\/v2\/types\/post"}],"author":[{"embeddable":true,"href":"https:\/\/redsemlac.com\/semmexico\/wp-json\/wp\/v2\/users\/3"}],"replies":[{"embeddable":true,"href":"https:\/\/redsemlac.com\/semmexico\/wp-json\/wp\/v2\/comments?post=47724"}],"version-history":[{"count":0,"href":"https:\/\/redsemlac.com\/semmexico\/wp-json\/wp\/v2\/posts\/47724\/revisions"}],"wp:featuredmedia":[{"embeddable":true,"href":"https:\/\/redsemlac.com\/semmexico\/wp-json\/wp\/v2\/media\/47725"}],"wp:attachment":[{"href":"https:\/\/redsemlac.com\/semmexico\/wp-json\/wp\/v2\/media?parent=47724"}],"wp:term":[{"taxonomy":"category","embeddable":true,"href":"https:\/\/redsemlac.com\/semmexico\/wp-json\/wp\/v2\/categories?post=47724"},{"taxonomy":"post_tag","embeddable":true,"href":"https:\/\/redsemlac.com\/semmexico\/wp-json\/wp\/v2\/tags?post=47724"}],"curies":[{"name":"wp","href":"https:\/\/api.w.org\/{rel}","templated":true}]}}