{"id":47721,"date":"2022-03-28T10:02:46","date_gmt":"2022-03-28T16:02:46","guid":{"rendered":"https:\/\/redsemlac.com\/semmexico\/?p=47721"},"modified":"2023-07-21T19:01:34","modified_gmt":"2023-07-22T00:01:34","slug":"sin-democracia-y-sin-elecciones-confiables-la-agenda-de-genero-podria-enfrentar-regresiones-ine","status":"publish","type":"post","link":"https:\/\/redsemlac.com\/semmexico\/sin-democracia-y-sin-elecciones-confiables-la-agenda-de-genero-podria-enfrentar-regresiones-ine\/","title":{"rendered":"Sin democracia y sin elecciones confiables la agenda de G\u00e9nero podr\u00eda enfrentar regresiones: INE"},"content":{"rendered":"\n<ul class=\"wp-block-list\"><li>Agenda de g\u00e9nero como pilar de la democracia debe defenderse, al igual que el sistema electoral: Lorenzo C\u00f3rdova.<\/li><li>Clausura el 1er Congreso Nacional de Igualdad de G\u00e9nero e Inclusi\u00f3n \u201cRetos de la agenda democr\u00e1tica\u201d.<\/li><\/ul>\n\n\n\n<p class=\"wp-block-paragraph\">Redacci\u00f3n<br>SemM\u00e9xico, Cd. de M\u00e9xico, 28 de marzo, 2022.-La agenda de g\u00e9nero es uno de los pilares de la democracia, pero sin elecciones libres, transparentes, equitativas, ciertas y administradas por \u00f3rganos aut\u00f3nomos del poder y de los intereses pol\u00edticos, ning\u00fan logro en materia de paridad y de la agenda de g\u00e9nero lograr\u00eda compensarse. Podr\u00eda haber regresiones, afirm\u00f3 el Consejero Presidente del Instituto Nacional Electoral (INE), Lorenzo C\u00f3rdova Vianello.<\/p>\n\n\n\n<p class=\"wp-block-paragraph\"><br>\u201cLa agenda de la construcci\u00f3n de una democracia paritaria tiene que ver con los temas de la democracia y a todas y todos nos toca defenderla, procurarla y, sobre todo, hacer todo para no perderla en tiempos complejos, en los que ominosamente podemos ver muchos ejemplos actuales de c\u00f3mo la democracia si no se le cuida, se nos va de las manos\u201d, asever\u00f3.<\/p>\n\n\n\n<p class=\"wp-block-paragraph\"><br>En la conferencia \u201cLas autoridades electorales nacionales y su papel ante la agenda democr\u00e1tica pendiente\u201d, que imparti\u00f3 en el marco del 1er Congreso Nacional de Igualdad de G\u00e9nero e Inclusi\u00f3n \u201cRetos de la agenda democr\u00e1tica\u201d, advirti\u00f3 que si no se cuidan esos logros pueden perderse.<\/p>\n\n\n\n<p class=\"wp-block-paragraph\"><br>\u201cEn el tema de g\u00e9nero y consolidaci\u00f3n de conquistas democr\u00e1ticas no hay un punto final, la carretera que nos llev\u00f3 hacia los procesos de democracia, es una carreta de ida y vuelta\u201d, sostuvo.<\/p>\n\n\n\n<p class=\"wp-block-paragraph\"><br>Acompa\u00f1ado de la Consejera Presidenta del Instituto Electoral del Estado de Sinaloa (IEES), Karla Gabriela Peraza Zazueta, C\u00f3rdova Vianello dio cuenta de la evoluci\u00f3n legislativa y normativa en los \u00faltimos 30 a\u00f1os en el sistema electoral mexicano para generar condiciones no s\u00f3lo del voto libre de la mujer, sino la b\u00fasqueda de la paridad, la inclusi\u00f3n y del reconocimiento de los derechos pol\u00edtico-electorales de la mitad de la poblaci\u00f3n.<\/p>\n\n\n\n<p class=\"wp-block-paragraph\"><br>El Presidente del INE asegur\u00f3 que la participaci\u00f3n pol\u00edtica de las mujeres ha sido una historia exitosa que incluso, hace que el sistema electoral mexicano sea una referencia, por lo que el desaf\u00edo es que no se revierta.<\/p>\n\n\n\n<p class=\"wp-block-paragraph\"><br>Record\u00f3 que, a pesar de los pendientes, \u201cha sido una construcci\u00f3n colectiva, no se debe a un solo hombre, a un solo partido, a una sola fuerza pol\u00edtica, a una sola ideolog\u00eda, sino a generaciones de mexicanas y mexicanos de muy diversos puntos de vista que se comprometieron con construir ese arreglo democr\u00e1tico que nos ha permitido hoy, aqu\u00ed hablar de los logros y as\u00ed como eso fue una construcci\u00f3n colectiva, tambi\u00e9n la defensa de la democracia es una construcci\u00f3n colectiva\u201d.<\/p>\n\n\n\n<p class=\"wp-block-paragraph\"><br>El Consejero Presidente consider\u00f3 que defender la agenda de g\u00e9nero no es defender una agenda de mujeres, \u201ces una agenda de todas y todos. Me atrever\u00eda a decir una cosa, dado que el problema en la agenda de mujeres es un problema, sobre todo cultural, esa cultura patriarcal, ancestral, que seguimos arrastrando, dir\u00eda que la agenda de las mujeres es, ante todo, una agenda de los hombres\u201d, indic\u00f3.<\/p>\n\n\n\n<p class=\"wp-block-paragraph\"><br>El Presidente del INE particip\u00f3 posteriormente en la clausura de los trabajos de dos d\u00edas Congreso, a cargo del Secretario de Gobierno de la entidad, Enrique Inzunza en representaci\u00f3n del Gobernador de Sinaloa, Rub\u00e9n Rocha Moya y a la que tambi\u00e9n asistieron la Consejera Presidenta del Instituto Electoral del Estado de Sinaloa, Karla Gabriela Peraza Zazueta; el Consejero Presidente del Instituto Electoral y de Participaci\u00f3n Ciudadana de Chiapas y presidente de la Asociaci\u00f3n de Instituciones Electorales de las Entidades Federativas (AIEEF), Oswaldo Chac\u00f3n Rojas; la Consejera del Instituto Electoral del Estado de Sinaloa y presidenta de la Asociaci\u00f3n Mexicana de Consejeras Estatales Electorales (AMCEE), Gloria Icela Garc\u00eda Cuadras; el Consejero del Instituto Electoral del Estado de Puebla, Arturo Baltazar Trujano y las consejeras Claudia Zavala y Adriana Favela.<\/p>\n\n\n\n<p class=\"wp-block-paragraph\"><br><strong>Se verifica avance en la organizaci\u00f3n de la Revocaci\u00f3n de Mandato<\/strong><br>Previamente, C\u00f3rdova Vianello sostuvo una reuni\u00f3n con la estructura ejecutiva del Consejo Distrital 01 del INE en la entidad, encabezada por el Vocal Ejecutivo, Jorge Luis Ruelas Miranda, donde se verific\u00f3 el avance en la organizaci\u00f3n de la Revocaci\u00f3n de Mandato.<\/p>\n\n\n\n<p class=\"wp-block-paragraph\"><br>Hizo un reconocimiento a la respuesta de las y los ciudadanos en la organizaci\u00f3n de Mesas Directivas de Casilla y \u201cen cuya conformaci\u00f3n se refleja la pluralidad del pa\u00eds\u201d.<br>El INE tiene un respaldo y una fortaleza en la sociedad, dijo, al ponderar el acompa\u00f1amiento que ha dado la ciudadan\u00eda al Instituto, frente a los ataques de descr\u00e9dito a la autoridad electoral.<\/p>\n","protected":false},"excerpt":{"rendered":"<p>Agenda de g\u00e9nero como pilar de la democracia debe defenderse, al igual que el sistema electoral: Lorenzo C\u00f3rdova. Clausura el 1er Congreso Nacional de Igualdad de G\u00e9nero e Inclusi\u00f3n \u201cRetos de la agenda democr\u00e1tica\u201d. Redacci\u00f3nSemM\u00e9xico, Cd. de M\u00e9xico, 28 de marzo, 2022.-La agenda de g\u00e9nero es uno de los pilares de la democracia, pero sin [&hellip;]<\/p>\n","protected":false},"author":3,"featured_media":47722,"comment_status":"open","ping_status":"open","sticky":false,"template":"","format":"standard","meta":{"_monsterinsights_skip_tracking":false,"footnotes":""},"categories":[693,51],"tags":[],"class_list":["post-47721","post","type-post","status-publish","format-standard","has-post-thumbnail","category-693","category-ejecutivo"],"_links":{"self":[{"href":"https:\/\/redsemlac.com\/semmexico\/wp-json\/wp\/v2\/posts\/47721","targetHints":{"allow":["GET"]}}],"collection":[{"href":"https:\/\/redsemlac.com\/semmexico\/wp-json\/wp\/v2\/posts"}],"about":[{"href":"https:\/\/redsemlac.com\/semmexico\/wp-json\/wp\/v2\/types\/post"}],"author":[{"embeddable":true,"href":"https:\/\/redsemlac.com\/semmexico\/wp-json\/wp\/v2\/users\/3"}],"replies":[{"embeddable":true,"href":"https:\/\/redsemlac.com\/semmexico\/wp-json\/wp\/v2\/comments?post=47721"}],"version-history":[{"count":0,"href":"https:\/\/redsemlac.com\/semmexico\/wp-json\/wp\/v2\/posts\/47721\/revisions"}],"wp:featuredmedia":[{"embeddable":true,"href":"https:\/\/redsemlac.com\/semmexico\/wp-json\/wp\/v2\/media\/47722"}],"wp:attachment":[{"href":"https:\/\/redsemlac.com\/semmexico\/wp-json\/wp\/v2\/media?parent=47721"}],"wp:term":[{"taxonomy":"category","embeddable":true,"href":"https:\/\/redsemlac.com\/semmexico\/wp-json\/wp\/v2\/categories?post=47721"},{"taxonomy":"post_tag","embeddable":true,"href":"https:\/\/redsemlac.com\/semmexico\/wp-json\/wp\/v2\/tags?post=47721"}],"curies":[{"name":"wp","href":"https:\/\/api.w.org\/{rel}","templated":true}]}}