{"id":47719,"date":"2022-03-27T13:09:45","date_gmt":"2022-03-27T19:09:45","guid":{"rendered":"https:\/\/redsemlac.com\/semmexico\/?p=47719"},"modified":"2023-07-21T19:01:34","modified_gmt":"2023-07-22T00:01:34","slug":"hallazgos-no-son-micro-machismos-cotidianos","status":"publish","type":"post","link":"https:\/\/redsemlac.com\/semmexico\/hallazgos-no-son-micro-machismos-cotidianos\/","title":{"rendered":"Hallazgos| No son micro \/ machismos cotidianos"},"content":{"rendered":"\n<p class=\"wp-block-paragraph\">Roc\u00edo Fiallega<\/p>\n\n\n\n<p class=\"wp-block-paragraph\">SemM\u00e9xico, Cd. de M\u00e9xico, 27 de marzo, 2022.- En la portada tres mujeres pronuncian una palabra cada una y hacen una frase: NO SON MICRO y debajo vemos MACHISMOS COTIDIANOS. Es una invitaci\u00f3n a la doble lectura, por un lado, el \u00e9nfasis de que no se trata de algo peque\u00f1o o sin importancia el que existan los machismos cotidianos; y, por el otro que se trata de un problema de todos: no son micromachismos cotidianos.<\/p>\n\n\n\n<p class=\"wp-block-paragraph\">Claudia de la Garza y Er\u00e9ndira Derbez se centran en este problema estructural, esta violencia de baja intensidad, nos invitan a reflexionar sobre nuestro entorno y nosotras mismas. Las diferentes formas de machismos \u201cabarca(n) pr\u00e1cticas, discursos y comportamientos que niegan a las mujeres como personas aut\u00f3nomas e independientes\u201d y sistematizaron casi 100.<\/p>\n\n\n\n<p class=\"wp-block-paragraph\">El asunto con los micromachismos es que parecen naturales, sin embargo, tienen efectos devastadores, como mencionan las recopiladoras: \u201cnos hacen sentir inadecuadas, feas, culpables, inseguras, con miedo\u2026 Un micromachismo no es un ojo morado, no viola, no mata, pero s\u00ed forma parte de un sistema que permite la existencia de violencias mayores\u201d y nos arrebata nuestro propio poder.<\/p>\n\n\n\n<p class=\"wp-block-paragraph\">Tambi\u00e9n observamos que los micromachismos no se quedan en casa, est\u00e1n en el trabajo, en el transporte, en la entrevista en el Ministerio P\u00fablico, en el mazo de quien emite una sentencia, hasta que parece que lo \u00fanico que nos queda es acostumbrarnos o resignarnos.<\/p>\n\n\n\n<p class=\"wp-block-paragraph\">Las autoras hicieron un acopio de estos micromachismos que se identifican en el libro, incluso con ejemplos, se\u00f1alando que no s\u00f3lo son para escuchar las voces de la experiencia compartida, sino tambi\u00e9n para impulsar un cambio y hacer conciencia mujeres y hombres, invitando a \u00e9stos \u00faltimos a reconocer y hacerse cargo de las violencias que ejercen.<\/p>\n\n\n\n<p class=\"wp-block-paragraph\">Estos son algunos de los machismos cotidianos, que no son micro: Hombres de verdad, La roba novios, Posesi\u00f3n (qu\u00e9 bellos son tus celos de hombre), Llamar hist\u00e9rica o loca a una mujer con \u00edmpetu, Trato condescendiente, Culpabilizaci\u00f3n de la v\u00edctima, Disyuntivas. La necesidad de optar por el \u00e9xito laboral sobre una familia, Considerar que el trabajo dom\u00e9stico es s\u00f3lo responsabilidad de las mujeres, C\u00f3digos de vestimenta diferenciados, Manspreading, Apropiaci\u00f3n del cr\u00e9dito o de las ideas de las mujeres, Las mujeres entran gratis, Hombres con iniciativa y mujeres que esperan, Asumir que todas las mujeres son madres en potencia, Mujer al volante y Educar a las mujeres para que se den a respetar y se cuiden en lugar de educar a los hombres a no violentarlas, entre otras.<\/p>\n","protected":false},"excerpt":{"rendered":"<p>Claudia de la Garza y Er\u00e9ndira Derbez se centran en este problema estructural, esta violencia de baja intensidad, nos invitan a reflexionar sobre nuestro entorno y nosotras mismas.<\/p>\n","protected":false},"author":3,"featured_media":39324,"comment_status":"open","ping_status":"open","sticky":false,"template":"","format":"standard","meta":{"_monsterinsights_skip_tracking":false,"footnotes":""},"categories":[693,620,35,621],"tags":[],"class_list":["post-47719","post","type-post","status-publish","format-standard","has-post-thumbnail","category-693","category-hallazgos","category-opinion","category-rocio-fiallega"],"_links":{"self":[{"href":"https:\/\/redsemlac.com\/semmexico\/wp-json\/wp\/v2\/posts\/47719","targetHints":{"allow":["GET"]}}],"collection":[{"href":"https:\/\/redsemlac.com\/semmexico\/wp-json\/wp\/v2\/posts"}],"about":[{"href":"https:\/\/redsemlac.com\/semmexico\/wp-json\/wp\/v2\/types\/post"}],"author":[{"embeddable":true,"href":"https:\/\/redsemlac.com\/semmexico\/wp-json\/wp\/v2\/users\/3"}],"replies":[{"embeddable":true,"href":"https:\/\/redsemlac.com\/semmexico\/wp-json\/wp\/v2\/comments?post=47719"}],"version-history":[{"count":0,"href":"https:\/\/redsemlac.com\/semmexico\/wp-json\/wp\/v2\/posts\/47719\/revisions"}],"wp:featuredmedia":[{"embeddable":true,"href":"https:\/\/redsemlac.com\/semmexico\/wp-json\/wp\/v2\/media\/39324"}],"wp:attachment":[{"href":"https:\/\/redsemlac.com\/semmexico\/wp-json\/wp\/v2\/media?parent=47719"}],"wp:term":[{"taxonomy":"category","embeddable":true,"href":"https:\/\/redsemlac.com\/semmexico\/wp-json\/wp\/v2\/categories?post=47719"},{"taxonomy":"post_tag","embeddable":true,"href":"https:\/\/redsemlac.com\/semmexico\/wp-json\/wp\/v2\/tags?post=47719"}],"curies":[{"name":"wp","href":"https:\/\/api.w.org\/{rel}","templated":true}]}}