{"id":47717,"date":"2022-03-27T13:06:52","date_gmt":"2022-03-27T19:06:52","guid":{"rendered":"https:\/\/redsemlac.com\/semmexico\/?p=47717"},"modified":"2023-07-21T19:01:34","modified_gmt":"2023-07-22T00:01:34","slug":"vida-y-lectura-marie-jana-korbel-spiegel","status":"publish","type":"post","link":"https:\/\/redsemlac.com\/semmexico\/vida-y-lectura-marie-jana-korbel-spiegel\/","title":{"rendered":"Vida y Lectura| MARIE JANA K\u00d6RBEL SPIEGEL"},"content":{"rendered":"\n<p class=\"wp-block-paragraph\">Marcela Eternod Ar\u00e1mburu<\/p>\n\n\n\n<p class=\"wp-block-paragraph\">SemM\u00e9xico, Aguascalientes, 27 de marzo, 2022.- Todav\u00eda no se escribe completa la biograf\u00eda de esa ni\u00f1a jud\u00eda que naci\u00f3 en la se\u00f1orial ciudad de Praga en el convulso mayo de 1937. Estuvo refugiada \u2014camuflada de cat\u00f3lica\u2014 en Londres de 1939 a 1945, huyendo de la implacable persecuci\u00f3n nazi; y, finalmente, emigr\u00f3 a los Estados Unidos en 1948, ante el avance del comunismo en varios pa\u00edses de Europa. Fue en Estados Unidos donde cambi\u00f3 su nombre \u201cMarie Jana\u201d por Madeleine, a\u00f1os m\u00e1s tarde tom\u00f3 el apellido de su esposo Albright, de qui\u00e9n se divorci\u00f3 despu\u00e9s, conservando toda su vida su apellido.<\/p>\n\n\n\n<p class=\"wp-block-paragraph\">Muchas vidas son interesantes, pero algunas son realmente sorprendentes. Este es el caso de Marie Jana K\u00f6rbel Spiegel, conocida como Madeleine Albright, la Dama de Titanio (porque Margaret Thatcher ostentaba el de Dama de Hierro), quien falleci\u00f3 el 23 de marzo pasado. Mujer de enormes talentos, su disciplina, inteligencia y preparaci\u00f3n la llevaron a ocupar puestos relevantes, alcanzando notoriedad como embajadora de los Estados Unidos ante las Naciones Unidas y como secretaria de Estado, gracias al respaldo que le dio Hillary Clinton (quien la consideraba la m\u00e1s preparada y firme negociadora para los muchos intereses de los Estados Unidos). Fue la primera mujer en ocupar ese cargo.<\/p>\n\n\n\n<p class=\"wp-block-paragraph\">Su vida, como la de cualquier personaje p\u00fablico de ese nivel, no estuvo exenta de errores, esc\u00e1ndalos, decisiones dif\u00edciles y a veces desacertadas, preocupaciones, lealtades y compromisos. Sin embargo, destacan su profunda vocaci\u00f3n dem\u00f3crata, su defensa de la diplomacia como la mejor manera de resolver los ineludibles conflictos entre las naciones, su multilateralismo como estrategia pol\u00edtica y su apoyo a las mujeres. Cuando afirm\u00f3 durante la campa\u00f1a a la presidencia de Hillary Clinton: \u00abHay un lugar en el infierno para las mujeres que no apoyan a otras mujeres\u00bb recibi\u00f3 un alud de cr\u00edticas, pero la frase demuestra su feminismo militante y su compromiso con una agenda de igualdad y de inclusi\u00f3n. No hay que olvidar que Madeleine Albright combati\u00f3 frontalmente la exclusi\u00f3n, la discriminaci\u00f3n y la misoginia, a lo largo de su vida.<\/p>\n\n\n\n<p class=\"wp-block-paragraph\">En 2018, esta notable mujer, public\u00f3 un libro de amplias repercusiones \u201cFascismo, una advertencia\u201d. Conceptualmente <em>fascismo <\/em>es un t\u00e9rmino multidimensional polis\u00e9mico; sin embargo, generalmente se utiliza para dar cuenta de ideolog\u00edas caracterizadas por un total autoritarismo, reg\u00edmenes que se expresan con una sola voz, y en donde la violencia es utilizada para eliminar cualquier disidencia.<\/p>\n\n\n\n<p class=\"wp-block-paragraph\">La palabra surgi\u00f3 en Italia en 1918 y simb\u00f3licamente tiene una expresi\u00f3n po\u00e9tica, se trata de que una vara se rompe f\u00e1cilmente, pero un conjunto de varas (fascis) es muy dif\u00edcil de romper. Benito Mussolini eligi\u00f3 el fascio como emblema y de ah\u00ed que sus seguidores fueran llamados fascistas. Dice Madeleine Albright en su libro que el t\u00e9rmino se ha utilizado tanto que puede significar cualquier cosa, pero que debemos tener cuidado, en pleno siglo XXI, porque hay fuertes indicios pol\u00edticos y sociales \u2014en muchos pa\u00edses\u2014 que alertan sobre el resurgimiento del fascismo ante los problemas que enfrentan las democracias.<\/p>\n\n\n\n<p class=\"wp-block-paragraph\">Se trata de una clara advertencia sobre lo atractiva que resulta, para amplios grupos de personas, la narrativa del resentimiento coludida con la venganza. De acuerdo con Albright, las democracias peligran cuando alguien logra canalizar los descontentos, las humillaciones y los resentimientos sociales, para prometer un cambio, de tal envergadura, que cualquier exceso sea aceptado.<\/p>\n\n\n\n<p class=\"wp-block-paragraph\">Siguiendo su texto, advierte que la democracia est\u00e1 en peligro cuando el Estado pretende ocuparse de todo, decidir sobre todo y eliminar cualquier disenso por peque\u00f1o que sea. El libro alerta sobre la posibilidad de que los instintos totalitarios que acompa\u00f1an a esos carism\u00e1ticos l\u00edderes, que se ven a s\u00ed mismos como los portadores de la verdad, los justicieros, los que encarnan la voz del pueblo humillado, vayan ganando terreno y sumen numerosos adeptos, mientras que las instituciones y el Estado de Derecho sufren un constante asedio que va mermando su fortaleza.<\/p>\n\n\n\n<p class=\"wp-block-paragraph\">En <a>\u201cFascismo, una advertencia<\/a>\u201d, Albright no solo hace un recorrido hist\u00f3rico: Hitler, Mussolini y Stalin, sino aborda lo que implican para el mundo los gobiernos de Orban, Putin, Erdogan, Duterte, Ch\u00e1vez, Al Sisi y Trump, entre otros. Lo preocupante, desde su punto de vista es que el fascismo hoy marca una tendencia en muchos pa\u00edses desencantados con la democracia.<\/p>\n\n\n\n<p class=\"wp-block-paragraph\">Hay que hacer notar que la pluralidad, la inclusi\u00f3n y la democracia exigen mucho trabajo entre gobierno y ciudadan\u00eda, un n\u00edtido marco legal de participaci\u00f3n y negociaciones en las cuales las partes queden satisfechas de alguna manera. En contraste, todo lo que estorba a \u201clos salvadores de la Patria\u201d: disidencia, debate, libertad de expresi\u00f3n, equilibrio de poderes, Estado de Derecho, transparencia, rendici\u00f3n de cuentas, acuerdos y compromisos multilaterales, est\u00e1 bajo asedios ideol\u00f3gicos o pol\u00edticos. De ah\u00ed la relevancia de leer \u201cFascismo, una advertencia\u201d.<\/p>\n\n\n\n<p class=\"wp-block-paragraph\">Es claro que una vida profesional como la de Madeleine Albright, dedicada en gran parte a salvaguardar los intereses de la naci\u00f3n m\u00e1s poderosa del mundo al terminar la Guerra Fr\u00eda, no est\u00e1 exenta de oscuridades, excesos, imposiciones y francas equivocaciones en su trato asim\u00e9trico con otras naciones. Siempre da miedo enfrentarse a un Goliat y la historia da cuenta solo de un peque\u00f1o David.<\/p>\n\n\n\n<p class=\"wp-block-paragraph\">Sin embargo, el que el presidente Biden ordenara, el pasado 23 de marzo, que las banderas norteamericanas se colocaran a media asta durante cuatro d\u00edas como reconocimiento p\u00f3stumo a Madeleine Albright, no es un homenaje menor.<\/p>\n","protected":false},"excerpt":{"rendered":"<p>Muchas vidas son interesantes, pero algunas son realmente sorprendentes. Este es el caso de Marie Jana K\u00f6rbel Spiegel, conocida como Madeleine Albright, la Dama de Titanio, quien falleci\u00f3 el 23 de marzo pasado.<\/p>\n","protected":false},"author":3,"featured_media":38638,"comment_status":"open","ping_status":"open","sticky":false,"template":"","format":"standard","meta":{"_monsterinsights_skip_tracking":false,"footnotes":""},"categories":[693,515,35,514],"tags":[],"class_list":["post-47717","post","type-post","status-publish","format-standard","has-post-thumbnail","category-693","category-marcela-eternod-aramburu","category-opinion","category-vida-y-lectura"],"_links":{"self":[{"href":"https:\/\/redsemlac.com\/semmexico\/wp-json\/wp\/v2\/posts\/47717","targetHints":{"allow":["GET"]}}],"collection":[{"href":"https:\/\/redsemlac.com\/semmexico\/wp-json\/wp\/v2\/posts"}],"about":[{"href":"https:\/\/redsemlac.com\/semmexico\/wp-json\/wp\/v2\/types\/post"}],"author":[{"embeddable":true,"href":"https:\/\/redsemlac.com\/semmexico\/wp-json\/wp\/v2\/users\/3"}],"replies":[{"embeddable":true,"href":"https:\/\/redsemlac.com\/semmexico\/wp-json\/wp\/v2\/comments?post=47717"}],"version-history":[{"count":0,"href":"https:\/\/redsemlac.com\/semmexico\/wp-json\/wp\/v2\/posts\/47717\/revisions"}],"wp:featuredmedia":[{"embeddable":true,"href":"https:\/\/redsemlac.com\/semmexico\/wp-json\/wp\/v2\/media\/38638"}],"wp:attachment":[{"href":"https:\/\/redsemlac.com\/semmexico\/wp-json\/wp\/v2\/media?parent=47717"}],"wp:term":[{"taxonomy":"category","embeddable":true,"href":"https:\/\/redsemlac.com\/semmexico\/wp-json\/wp\/v2\/categories?post=47717"},{"taxonomy":"post_tag","embeddable":true,"href":"https:\/\/redsemlac.com\/semmexico\/wp-json\/wp\/v2\/tags?post=47717"}],"curies":[{"name":"wp","href":"https:\/\/api.w.org\/{rel}","templated":true}]}}