{"id":47715,"date":"2022-03-27T12:59:25","date_gmt":"2022-03-27T18:59:25","guid":{"rendered":"https:\/\/redsemlac.com\/semmexico\/?p=47715"},"modified":"2023-07-21T19:01:34","modified_gmt":"2023-07-22T00:01:34","slug":"desde-la-mano-izquierda-un-foro-clarificador-y-nutricio","status":"publish","type":"post","link":"https:\/\/redsemlac.com\/semmexico\/desde-la-mano-izquierda-un-foro-clarificador-y-nutricio\/","title":{"rendered":"Desde la mano izquierda| Un foro clarificador y nutricio"},"content":{"rendered":"\n<p class=\"wp-block-paragraph\">Claudia Espinosa Almaguer<\/p>\n\n\n\n<p class=\"wp-block-paragraph\">SemM\u00e9xico, San Luis Potos\u00ed, 27 de marzo, 2022.-Luego de atestiguar las acciones p\u00fablicas sostenidas a lo largo de este mes en el marco de la conmemoraci\u00f3n del 8 de marzo,&nbsp;<strong>D\u00eda Internacional de la Mujer<\/strong>, este jueves 24 a las once de la ma\u00f1ana hora de M\u00e9xico, tuvo lugar un evento de enorme relevancia para el movimiento feminista: el&nbsp;<strong>Foro \u201cAclaraciones necesarias sobre las categor\u00edas Sexo y G\u00e9nero\u201d<\/strong>&nbsp;organizado desde el Centro de Investigaciones Interdisciplinarias en Ciencias y Humanidades de la Universidad Aut\u00f3noma de M\u00e9xico por la Dra. Aim\u00e9e Vega Montiel quien a su vez fungi\u00f3 como moderadora junto a la pol\u00edtica Ang\u00e9lica de la Pe\u00f1a, transmitido en vivo desde las redes sociales de dicho espacio.<\/p>\n\n\n\n<p class=\"wp-block-paragraph\">Estaban all\u00ed&nbsp;<strong>Amelia Valc\u00e1rcel, Marcela Lagarde y de los R\u00edos, Alda Facio y Andrea Medina<\/strong>, todas referentes feministas que han construido desde la filosof\u00eda, la pol\u00edtica internacional, la legislaci\u00f3n y el litigio en materia de defensa de derechos humanos de las&nbsp;<strong>mujeres<\/strong>, el basamento sobre el cual miles de feministas con una misma convicci\u00f3n elaboramos argumentos te\u00f3ricos, posici\u00f3n pol\u00edtica y fundamento legal para proteger a otras y buscar las libertades y los derechos que han costado la lucha de generaciones. Dicha convicci\u00f3n fue nombrada ayer por Marcela Lagarde:&nbsp;<strong>\u201cEl feminismo es la noci\u00f3n de que las mujeres son personas\u201d.<\/strong><\/p>\n\n\n\n<p class=\"wp-block-paragraph\">Y \u00bfpor qu\u00e9 ha sido necesario reunir todas estas perspectivas para aclarar ambas categor\u00edas? Para quien todav\u00eda no se entera desde hace tiempo hay severas confusiones que han dado pie a la censura y al ejercicio de la violencia contra el feminismo por parte de un sector activista que acusa de transfobia a cualquiera que disienta de sus postulados, incluso ante enunciados elementales y ciertos como decir que en la especie humana el sexo se observa en tanto el g\u00e9nero es una opresi\u00f3n sobre las&nbsp;<strong>mujeres<\/strong>.<\/p>\n\n\n\n<p class=\"wp-block-paragraph\">Precisamente la Dra. Valc\u00e1rcel puso de ejemplo el caso de las ni\u00f1as de Afganist\u00e1n quienes hab\u00edan celebrado la posibilidad de volver a la escuela y que han regresado a casa por instrucci\u00f3n de los talibanes que ostentan el poder ahora, ella dijo:&nbsp;<strong>\u201cSi el sexo se ha vuelto tan problem\u00e1tico como es que en ese pa\u00eds saben perfectamente a quien le proh\u00edben ir a la escuela y lo tratan en consecuencia.\u201d<\/strong>&nbsp;Pero adem\u00e1s explica, que en la especie humana hay dos sexos: los seres humanos somos animales, un tipo particular de primates, el macho fabrica un determinado tipo de gameto y las hembras tambi\u00e9n pero adem\u00e1s lo gestan.<\/p>\n\n\n\n<p class=\"wp-block-paragraph\">En cambio,&nbsp;<strong>el g\u00e9nero es el rol social construido a partir de las diferencias sexuales<\/strong>, es decir, lo masculino y lo femenino como el conjunto de formas previstas para pensar, sentir y comportarse que otorgan un valor absolutamente jerarquizado a hombres y&nbsp;<strong>mujeres<\/strong>. Aunque lo femenino es ampl\u00edsimo en sus representaciones, la expectativa es que las&nbsp;<strong>mujeres<\/strong>&nbsp;seamos d\u00f3ciles, pasivas, cuidadoras, etc\u00e9tera., y el efecto esperado es la aceptaci\u00f3n del sometimiento y la subordinaci\u00f3n pol\u00edtica y sexual.&nbsp;<strong>Las consecuencias de esa horma cultural se ciernen sobre las mujeres a lo largo de toda su vida,<\/strong>&nbsp;en su derecho a la educaci\u00f3n como lo expuso Valc\u00e1rcel, en la brecha de participaci\u00f3n en las decisiones de sus comunidades, en ganar menos por hacer el mismo trabajo o como sucede desde hace d\u00e9cadas en M\u00e9xico, en ser asesinadas de manera brutal todos los d\u00edas.<\/p>\n\n\n\n<p class=\"wp-block-paragraph\"><strong>El feminismo<\/strong>&nbsp;desde cada enfoque expuesto en ese foro, cuestiona constantemente esos aspectos nocivos y ha logrado a trav\u00e9s de los a\u00f1os que la&nbsp;<strong>discriminaci\u00f3n sexual contra las mujeres<\/strong>&nbsp;est\u00e9 plenamente identificada, aunque no todo se mueve a un mismo ritmo, all\u00ed donde la teor\u00eda feminista se ciment\u00f3 al cabo de tres siglos, el derecho apenas lleva unas d\u00e9cadas reconociendo a las&nbsp;<strong>mujeres&nbsp;<\/strong>en instrumentos internacionales como la Convenci\u00f3n sobre la Eliminaci\u00f3n de Todas las Formas de Discriminaci\u00f3n contra la&nbsp;<strong>Mujer<\/strong>&nbsp;(CEDAW), la Convenci\u00f3n para Prevenir, Sancionar y Erradicar la Violencia contra la&nbsp;<strong>Mujer<\/strong>, la Declaraci\u00f3n y Plataforma de Acci\u00f3n de Beijing etc.<\/p>\n\n\n\n<p class=\"wp-block-paragraph\">Justo por eso la participaci\u00f3n de&nbsp;<strong>Alda Facio<\/strong>&nbsp;y&nbsp;<strong>Andrea Medina<\/strong>&nbsp;ha sido esencial, en tanto la primera ha denunciado que al interior de la Organizaci\u00f3n de las Naciones Unidas se gesta un movimiento determinado a imponer el t\u00e9rmino \u201cg\u00e9nero\u201d y&nbsp;<strong>borrar la palabra \u201cmujer\u201d<\/strong>; la segunda ha otorgado claridad en el por qu\u00e9,&nbsp;<strong>el \u00e1mbito jur\u00eddico, como un lenguaje del Estado necesita de definiciones claras<\/strong>&nbsp;y certezas para aplicarse de modo eficaz, adem\u00e1s de exponer los riesgos que hay en invisibilizar a las&nbsp;<strong>mujeres<\/strong>&nbsp;en la legislaci\u00f3n.<\/p>\n\n\n\n<p class=\"wp-block-paragraph\"><strong>Esa es una puesta en peligro real, de muestra la reciente propuesta del PRI en la Comisi\u00f3n de Igualdad de G\u00e9nero de la C\u00e1mara de Diputados para borrar el reconocimiento de la dignidad<\/strong>&nbsp;como principio espec\u00edfico a&nbsp;<strong>ni\u00f1as, adolescentes y mujeres<\/strong>&nbsp;ni m\u00e1s ni menos que en instrumentos jur\u00eddicos creados para garantizar la no discriminaci\u00f3n y el derecho a vivir una vida libre de violencia para las&nbsp;<strong>mujeres<\/strong>&nbsp;como la Ley General para la Igualdad entre&nbsp;<strong>Mujeres&nbsp;<\/strong>y Hombres y la Ley General de Acceso de las&nbsp;<strong>Mujeres&nbsp;<\/strong>a una Vida Libre de Violencia.<\/p>\n\n\n\n<p class=\"wp-block-paragraph\">Y es que nunca en la larga trayectoria de identificar a los grupos en situaci\u00f3n de vulnerabilidad o las circunstancias lesivas que les atraviesan&nbsp;<strong>se hab\u00eda exigido a nivel de \u201cderecho humano\u201d un borrado en el nombre y en la norma de otro,<\/strong>&nbsp;ni se hab\u00eda producido un empalme conceptual al punto de pretender que las mujeres dejen de ser el sujeto, la causa y la esencia del feminismo para aceptar de buen modo, un desplazamiento inconcebible e incoherente de cara a los graves asuntos de los que siempre se ha hecho cargo.<\/p>\n\n\n\n<p class=\"wp-block-paragraph\">Finalmente, aunque no es posible abarcar en estas l\u00edneas la vuelta a la sensatez que hemos sentido all\u00ed a lo largo de casi cuatro horas, todo lo se\u00f1alado nos impulsa a fijar nuestra posici\u00f3n, a debatir y dialogar como hemos hecho, para continuar en nuestra agenda reivindicativa. A m\u00e1s ver.<\/p>\n","protected":false},"excerpt":{"rendered":"<p>Este jueves 24 a las once de la ma\u00f1ana hora de M\u00e9xico, tuvo lugar un evento de enorme relevancia para el movimiento feminista: el\u00a0Foro \u201cAclaraciones necesarias sobre las categor\u00edas Sexo y G\u00e9nero\u201d<\/p>\n","protected":false},"author":3,"featured_media":36870,"comment_status":"open","ping_status":"open","sticky":false,"template":"","format":"standard","meta":{"_monsterinsights_skip_tracking":false,"footnotes":""},"categories":[693,131,35],"tags":[],"class_list":["post-47715","post","type-post","status-publish","format-standard","has-post-thumbnail","category-693","category-claudia-almaguer","category-opinion"],"_links":{"self":[{"href":"https:\/\/redsemlac.com\/semmexico\/wp-json\/wp\/v2\/posts\/47715","targetHints":{"allow":["GET"]}}],"collection":[{"href":"https:\/\/redsemlac.com\/semmexico\/wp-json\/wp\/v2\/posts"}],"about":[{"href":"https:\/\/redsemlac.com\/semmexico\/wp-json\/wp\/v2\/types\/post"}],"author":[{"embeddable":true,"href":"https:\/\/redsemlac.com\/semmexico\/wp-json\/wp\/v2\/users\/3"}],"replies":[{"embeddable":true,"href":"https:\/\/redsemlac.com\/semmexico\/wp-json\/wp\/v2\/comments?post=47715"}],"version-history":[{"count":0,"href":"https:\/\/redsemlac.com\/semmexico\/wp-json\/wp\/v2\/posts\/47715\/revisions"}],"wp:featuredmedia":[{"embeddable":true,"href":"https:\/\/redsemlac.com\/semmexico\/wp-json\/wp\/v2\/media\/36870"}],"wp:attachment":[{"href":"https:\/\/redsemlac.com\/semmexico\/wp-json\/wp\/v2\/media?parent=47715"}],"wp:term":[{"taxonomy":"category","embeddable":true,"href":"https:\/\/redsemlac.com\/semmexico\/wp-json\/wp\/v2\/categories?post=47715"},{"taxonomy":"post_tag","embeddable":true,"href":"https:\/\/redsemlac.com\/semmexico\/wp-json\/wp\/v2\/tags?post=47715"}],"curies":[{"name":"wp","href":"https:\/\/api.w.org\/{rel}","templated":true}]}}