{"id":4764,"date":"2018-11-20T17:25:45","date_gmt":"2018-11-20T17:25:45","guid":{"rendered":"https:\/\/redsemlac.com\/semmexico\/?p=4764"},"modified":"2023-07-21T14:34:13","modified_gmt":"2023-07-21T19:34:13","slug":"violencia-extendida-persistente-y-devastadora","status":"publish","type":"post","link":"https:\/\/redsemlac.com\/semmexico\/violencia-extendida-persistente-y-devastadora\/","title":{"rendered":"Violencia extendida, persistente y devastadora"},"content":{"rendered":"\n<p class=\"wp-block-paragraph\">\u00a1Ni muertas, las mujeres aparecen!<\/p>\n\n\n\n<h5 class=\"wp-block-heading\"> Las hermanas Mirabal, conocidas como las \u00abMariposas\u00bb fueron asesinadas el 25 de noviembre.<\/h5>\n\n\n\n<p class=\"wp-block-paragraph\"><a href=\"https:\/\/semmexico.com\/gallery-post.php?id=6400#\">Teresa Vald\u00e9s<\/a><\/p>\n\n\n\n<p class=\"wp-block-paragraph\">SemM\u00e9xico. Colima. 20 de noviembre de 2018.- \u201cReducir de manera constante, a\u00f1o con a\u00f1o, todos los indicadores de violencia de g\u00e9nero en Colima\u201d&nbsp;un&nbsp;tema de urgencia,&nbsp;siempre presente,&nbsp;como&nbsp;prev\u00e9 el Plan Estatal de Desarrollo&nbsp;en Colima&nbsp;2016-2021&nbsp;y&nbsp;especialmente,&nbsp;durante esta&nbsp;jornada&nbsp;dedicada por la ONU como el D\u00eda internacional contra la violencia hacia la mujer.<\/p>\n\n\n\n<p class=\"wp-block-paragraph\">Las hermanas Mirabal,&nbsp;conocidas como las \u00abMariposas\u00bb&nbsp;fueron&nbsp;asesinadas&nbsp;el&nbsp;25 de noviembre de 1960&nbsp;y&nbsp;se&nbsp;convirtieron en&nbsp;s\u00edmbolo&nbsp;internacional&nbsp;de la resistencia&nbsp;a&nbsp;la violencia de g\u00e9nero:&nbsp;Minerva ten\u00eda 26 a\u00f1os. Patria, 30. Mar\u00eda Teresa, 36, entre las tres, tenian cinco hijos.<\/p>\n\n\n\n<p class=\"wp-block-paragraph\">Los detalles se conocieron en el conmovedor testimonio&nbsp;de Ciriaco de la Rosa, uno de sus asesinos,&nbsp;quien&nbsp;declar\u00f3&nbsp;ante el tribunal, junio de 1962,&nbsp;publicado en el libro,&nbsp;La fiesta del Chivo,&nbsp;de Mario Vargas Llosa,&nbsp;Alfaguara, 2000.<\/p>\n\n\n\n<p class=\"wp-block-paragraph\">\u00bb&nbsp;Deben morir. Se simular\u00e1 un accidente automovil\u00edstico. Ese es el deseo del jefe.&nbsp;Despu\u00e9s de apresarlas, las condujimos al sitio cerca del abismo, donde orden\u00e9 a Rojas Lora que cogiera palos y se llevara a una de las muchachas. Cumpli\u00f3 la orden en el acto y se llev\u00f3 a una de ellas, la de las trenzas largas, Mar\u00eda Teresa. Alfonso Cruz Valerio eligi\u00f3 a la m\u00e1s alta, Minerva, yo eleg\u00ed a la m\u00e1s bajita y gordita, Patria, y Malleta al chofer, Rufino de La Cruz. Orden\u00e9 a cada uno que se internara en un ca\u00f1averal a orillas de la carretera, separadas todas para que las v\u00edctimas no presenciaran la ejecuci\u00f3n de cada una de ellas. Trat\u00e9 de evitar este horrendo crimen, pero no pude, porque ten\u00eda&nbsp;\u00f3rdenes directas de&nbsp;Trujillo y Johnny Abbes Garc\u00eda.\u201d&nbsp;Rafael Le\u00f3nidas Trujillo muri\u00f3 ejecutado seis meses despu\u00e9s&nbsp;el 30 de mayo de 1961.<\/p>\n\n\n\n<p class=\"wp-block-paragraph\">En la declaracion de la ONU&nbsp;se argumenta que,&nbsp;la violencia contra mujeres y ni\u00f1as, es una de las violaciones de los derechos humanos m\u00e1s extendidas, persistentes y devastadoras del mundo actual sobre las&nbsp;cuales&nbsp;apenas seinforma debido a la impunidad que disfrutan los perpetradores&nbsp;y&nbsp;por&nbsp;el silencio, la estigmatizaci\u00f3n y la verg\u00fcenza que sufren las v\u00edctimas.&nbsp;<\/p>\n\n\n\n<p class=\"wp-block-paragraph\">Se manifiesta con tipos y modalidades&nbsp;que se encubren&nbsp;cuando el habla cotidiana&nbsp;las hace&nbsp;invisibles&nbsp;con un agresivo sexismo&nbsp;ling\u00fc\u00edstico que impide identificar los factores que intervienen en las conductas de&nbsp;discriminatorias.<\/p>\n\n\n\n<p class=\"wp-block-paragraph\">La&nbsp;desigualdad&nbsp;presente en&nbsp;la ocultaci\u00f3n de la mujer&nbsp;propicia la utilizaci\u00f3n de un lenguaje sexista&nbsp;que reclama de una&nbsp;correcci\u00f3n pol\u00edticapara alcanzar la&nbsp;transformaci\u00f3n cultural&nbsp;e&nbsp;ideol\u00f3gica.<\/p>\n\n\n\n<p class=\"wp-block-paragraph\">Los tipos de violencia hacia las mujeres&nbsp;var\u00edany se complementan, &nbsp;<\/p>\n\n\n\n<p class=\"wp-block-paragraph\">f\u00edsica,&nbsp;sexual,&nbsp;psicol\u00f3gica, patrimonial,&nbsp;pol\u00edtica,&nbsp;de&nbsp;g\u00e9nero,&nbsp;simb\u00f3lica, de lenguaje,&nbsp;obst\u00e9trica. Merece esclarecer el aspecto&nbsp;de la violencia simb\u00f3lica,&nbsp;como&nbsp;parte de estrategias construidas socialmente en&nbsp;los&nbsp;esquemas de poder, caracterizados por la reproducci\u00f3n de los roles sociales de estatus, g\u00e9nero, &nbsp;posici\u00f3n social, categor\u00edas cognitivas, representaci\u00f3n evidente de poder y\/o estructuras mentales,&nbsp;puestas en juego individual&nbsp;ysimult\u00e1neamente,&nbsp;reproducci\u00f3n encubierta y sistem\u00e1tica de la cultura patriarcal impuesta.<\/p>\n\n\n\n<p class=\"wp-block-paragraph\">En ocasiones se confunde con las modalidades que simplemente&nbsp;son&nbsp;los \u00e1mbitos de&nbsp;ocurrencia&nbsp;en el centro escolar, de trabajo, en la familia, en la sociedad,&nbsp;en los&nbsp;partidos oen la pol\u00edtica.<\/p>\n\n\n\n<p class=\"wp-block-paragraph\">Todo se agrava con el&nbsp;sexismo&nbsp;ling\u00fc\u00edstico,&nbsp;y en ello incurren mujeres y hombres indistintamente,&nbsp;que&nbsp;justifica la&nbsp;presencia&nbsp;de la misoginia, desprecio a lo femenino,&nbsp;a trav\u00e9s de quienes hablan&nbsp;con bromas, palabras de doble sentido, im\u00e1genes, que alcanzan prejuicios o simplemente&nbsp;la imiten. Al punto que las estad\u00edsticas de homicidios no consideran el feminicidio y&nbsp;\u00a1ni muertas, las mujeres aparecen!&nbsp;La definici\u00f3n&nbsp;legal&nbsp;de homicidio es la muerte de otro y para el feminicidio se incluyen varias caracter\u00edsticas.&nbsp;<\/p>\n\n\n\n<p class=\"wp-block-paragraph\">Esta jornada contra la violencia&nbsp;se desarrollar\u00e1 del 25 de noviembre&nbsp;al&nbsp;10 de diciembre, cuando se conmemora el D\u00eda Internacional de los Derechos Humanos, establecido por la ONU.Un&nbsp;merecido&nbsp;homenaje a las hermanas Mirabal y como cuenta&nbsp;la historia,&nbsp;la violencia no las&nbsp;sorprendi\u00f3,&nbsp;siempre sospecharon que estaban condenadas a muerte.&nbsp;Minerva&nbsp;proclam\u00f3:&nbsp;<\/p>\n\n\n\n<p class=\"wp-block-paragraph\">\u2013&nbsp;\u00a1Si me matan, sacar\u00e9 los brazos de la tumba y ser\u00e9 m\u00e1s fuerte!<\/p>\n\n\n\n<p class=\"wp-block-paragraph\">@ Letra Clara<\/p>\n\n\n\n<p class=\"wp-block-paragraph\">Maestra en Ciencias de la Comunicaci\u00f3n<\/p>\n","protected":false},"excerpt":{"rendered":"<p>\u00a1Ni muertas, las mujeres aparecen! Las hermanas Mirabal, conocidas como las \u00abMariposas\u00bb fueron asesinadas el 25 de noviembre. Teresa Vald\u00e9s SemM\u00e9xico. Colima. 20 de noviembre de 2018.- \u201cReducir de manera constante, a\u00f1o con a\u00f1o, todos los indicadores de violencia de g\u00e9nero en Colima\u201d&nbsp;un&nbsp;tema de urgencia,&nbsp;siempre presente,&nbsp;como&nbsp;prev\u00e9 el Plan Estatal de Desarrollo&nbsp;en Colima&nbsp;2016-2021&nbsp;y&nbsp;especialmente,&nbsp;durante esta&nbsp;jornada&nbsp;dedicada por la [&hellip;]<\/p>\n","protected":false},"author":3,"featured_media":4737,"comment_status":"open","ping_status":"open","sticky":false,"template":"","format":"standard","meta":{"_monsterinsights_skip_tracking":false,"footnotes":""},"categories":[689,79,1],"tags":[],"class_list":["post-4764","post","type-post","status-publish","format-standard","has-post-thumbnail","category-689","category-teresa-valdes-betancourt","category-uncategorized"],"_links":{"self":[{"href":"https:\/\/redsemlac.com\/semmexico\/wp-json\/wp\/v2\/posts\/4764","targetHints":{"allow":["GET"]}}],"collection":[{"href":"https:\/\/redsemlac.com\/semmexico\/wp-json\/wp\/v2\/posts"}],"about":[{"href":"https:\/\/redsemlac.com\/semmexico\/wp-json\/wp\/v2\/types\/post"}],"author":[{"embeddable":true,"href":"https:\/\/redsemlac.com\/semmexico\/wp-json\/wp\/v2\/users\/3"}],"replies":[{"embeddable":true,"href":"https:\/\/redsemlac.com\/semmexico\/wp-json\/wp\/v2\/comments?post=4764"}],"version-history":[{"count":0,"href":"https:\/\/redsemlac.com\/semmexico\/wp-json\/wp\/v2\/posts\/4764\/revisions"}],"wp:featuredmedia":[{"embeddable":true,"href":"https:\/\/redsemlac.com\/semmexico\/wp-json\/wp\/v2\/media\/4737"}],"wp:attachment":[{"href":"https:\/\/redsemlac.com\/semmexico\/wp-json\/wp\/v2\/media?parent=4764"}],"wp:term":[{"taxonomy":"category","embeddable":true,"href":"https:\/\/redsemlac.com\/semmexico\/wp-json\/wp\/v2\/categories?post=4764"},{"taxonomy":"post_tag","embeddable":true,"href":"https:\/\/redsemlac.com\/semmexico\/wp-json\/wp\/v2\/tags?post=4764"}],"curies":[{"name":"wp","href":"https:\/\/api.w.org\/{rel}","templated":true}]}}