{"id":4756,"date":"2019-01-07T17:18:59","date_gmt":"2019-01-07T17:18:59","guid":{"rendered":"https:\/\/redsemlac.com\/semmexico\/?p=4756"},"modified":"2023-07-21T14:43:52","modified_gmt":"2023-07-21T19:43:52","slug":"letra-clara-8","status":"publish","type":"post","link":"https:\/\/redsemlac.com\/semmexico\/letra-clara-8\/","title":{"rendered":"Letra Clara"},"content":{"rendered":"\n<p class=\"wp-block-paragraph\">\u2022 Enero y las vacas flacas<\/p>\n\n\n\n<h5 class=\"wp-block-heading\"> Se derritieron las entradas adicionales<\/h5>\n\n\n\n<p class=\"wp-block-paragraph\"><a href=\"https:\/\/semmexico.com\/gallery-post.php?id=6765#\">Teresa Vald\u00e9s<\/a><\/p>\n\n\n\n<p class=\"wp-block-paragraph\">SemM\u00e9xico, 7 enero 2019.- Las calles y \u00f3mnibus reciben a miles de escolares que regresan a sus aulas. Se restablece la vida en su cotidianidad. El horario laboral se restaura en las instituciones, en esta ocasi\u00f3n con los reencuentros en las oficinas como parte del compa\u00f1erismo. Momentos de saludos y comentarios acerca de las pasadas fiestas de diciembre. Enero es un mes muy especial, despu\u00e9s de los gastos de las navidades y las vacaciones, hay que ajustarse ante la presencia de las llamadas vacas flacas que ahogan la econom\u00eda dom\u00e9stica.<\/p>\n\n\n\n<p class=\"wp-block-paragraph\">Se derritieron las entradas adicionales por el aguinaldo, los bonos, las remesas de regalos y otros ahorros que permitieron el disfrute de las vacaciones familiares en los d\u00edas de descanso, pero, con el regreso a la realidad, comienza la cuesta de enero.<\/p>\n\n\n\n<p class=\"wp-block-paragraph\">\u00bfEran imprescindibles todos los gastos? Uno de los resbalones m\u00e1s frecuentes, de esta etapa, se aprecian en ciertos comentarios justificativos: \u201cPara eso trabajo\u201d \u201cEste gustico no mata a nadie\u201d \u201cTen\u00eda muchos deseos de disfrutar de esto\u201d. La consecuencia se padece cuando los gastos realizados se destinaron a festividades y compras de bienes y servicios no prioritarios y hoy se prev\u00e9 que el 57 % de la poblaci\u00f3n podr\u00e1 padecer ciertas limitaciones econ\u00f3micas en este primer mes de 2019. Un estudio revel\u00f3 que tres de cada diez personas afirmaron que para cubrir esos gastos de temporada tuvieron que adquirir nuevas deudas.&nbsp;<em>https:\/\/www.forbes.com.mx\/<\/em>.<\/p>\n\n\n\n<p class=\"wp-block-paragraph\">Esta experiencia es casi universal, y con la mayor incorporaci\u00f3n de las mujeres a la vida laboral adquiere nuevas dimensiones. Como proveedoras ellas tambi\u00e9n tienen que ajustarse en la manera de enfrentar su patrimonio para asumir, el desembolso anual para asegurar servicios municipales que se consideran desde la declaraci\u00f3n anual hasta los acuerdos de pagos del suministro de agua, las tarjetas bancarias, as\u00ed como actualizaci\u00f3n de los documentos de tenencia del veh\u00edculo, impuestos del predial, tel\u00e9fonos, Internet entre otros, que son imprescindibles para garantizar la calidad de vida familiar.<\/p>\n\n\n\n<p class=\"wp-block-paragraph\">Entonces urge nuevas maneras para organizar y reordenar los roles dom\u00e9sticos, incluidos ni\u00f1as, ni\u00f1os y adolescentes. La familia en su conjunto tiene que enfrentar la cuesta de enero. Los gastos deben se razonados hasta restablecer la econom\u00eda desequilibrada en navidades. Hacer en colectivo una lista de necesidades para ahorrar. Evitar al m\u00e1ximo pedir prestado, o contraer nuevas deudas que hipotecan las otras vacaciones de semana santa y del verano, porque despu\u00e9s de enero sigue la vida.<\/p>\n\n\n\n<p class=\"wp-block-paragraph\">Entre quienes integran el colectivo familiar deben tener previsto un ahorro para una eventualidad desde un accidente o una enfermedad imprevista, que origina substanciales gastos m\u00e9dicos. &nbsp;<\/p>\n\n\n\n<p class=\"wp-block-paragraph\">Como parte del proceso gubernamental, hay que agregar otras expectativas que generan el anuncio oficial de disminuci\u00f3n de plazas laborales en institucionales estatales y federales, por reajuste o eliminaci\u00f3n, que puede agravar la situaci\u00f3n econ\u00f3mica individual, junto con el reacomodo de secretarias y proyectos federales, que cambian de estructura o disminuyen sus presupuestos y las vacas flacas, transitar\u00e1n otros meses perturbando la estabilidad financiera y la econom\u00eda personal o familiar.<\/p>\n\n\n\n<p class=\"wp-block-paragraph\">Sin hacer una autopsia a lo que se gast\u00f3 bien o mal, las mujeres trabajadoras en su ejercicio de administraci\u00f3n, deben aprovechar el acceso a los recursos que alguna vez le fueron negados y aprenden al uso racional de las tarjetas de cr\u00e9dito y d\u00e9bito, cuyos beneficios permiten establecer nuevos tiempos para liquidar las deudas as\u00ed como responder con un correcto uso de los anuncios que les presentan los centros comerciales como cantos de sirenas con los tentadores \u201cmeses sin intereses\u201d.<\/p>\n\n\n\n<p class=\"wp-block-paragraph\">Si alguna vez las mujeres ten\u00edan que hacer el presupuesto de la casa para inventar con una sola entrada de dinero, hoy con su aporte, podr\u00e1n contribuir a salir m\u00e1s r\u00e1pidamente de este mes, haciendo o\u00eddos sordos al bombardeo de la publicidad que las invitan a gastar m\u00e1s.<\/p>\n\n\n\n<p class=\"wp-block-paragraph\">En la cuesta de enero aparecen otras maneras de cooperaci\u00f3n familiar con el aporte de femenino a la econ\u00f3mica mexicana, una realidad que modifica tanto a la conciencia de las mujeres como a la sociedad en su conjunto.<\/p>\n\n\n\n<p class=\"wp-block-paragraph\">@Letra Clara<\/p>\n\n\n\n<p class=\"wp-block-paragraph\">ACPE 66 Aniversario<\/p>\n","protected":false},"excerpt":{"rendered":"<p>\u2022 Enero y las vacas flacas Se derritieron las entradas adicionales Teresa Vald\u00e9s SemM\u00e9xico, 7 enero 2019.- Las calles y \u00f3mnibus reciben a miles de escolares que regresan a sus aulas. Se restablece la vida en su cotidianidad. El horario laboral se restaura en las instituciones, en esta ocasi\u00f3n con los reencuentros en las oficinas [&hellip;]<\/p>\n","protected":false},"author":3,"featured_media":4737,"comment_status":"open","ping_status":"open","sticky":false,"template":"","format":"standard","meta":{"_monsterinsights_skip_tracking":false,"footnotes":""},"categories":[690,79,1],"tags":[],"class_list":["post-4756","post","type-post","status-publish","format-standard","has-post-thumbnail","category-690","category-teresa-valdes-betancourt","category-uncategorized"],"_links":{"self":[{"href":"https:\/\/redsemlac.com\/semmexico\/wp-json\/wp\/v2\/posts\/4756","targetHints":{"allow":["GET"]}}],"collection":[{"href":"https:\/\/redsemlac.com\/semmexico\/wp-json\/wp\/v2\/posts"}],"about":[{"href":"https:\/\/redsemlac.com\/semmexico\/wp-json\/wp\/v2\/types\/post"}],"author":[{"embeddable":true,"href":"https:\/\/redsemlac.com\/semmexico\/wp-json\/wp\/v2\/users\/3"}],"replies":[{"embeddable":true,"href":"https:\/\/redsemlac.com\/semmexico\/wp-json\/wp\/v2\/comments?post=4756"}],"version-history":[{"count":0,"href":"https:\/\/redsemlac.com\/semmexico\/wp-json\/wp\/v2\/posts\/4756\/revisions"}],"wp:featuredmedia":[{"embeddable":true,"href":"https:\/\/redsemlac.com\/semmexico\/wp-json\/wp\/v2\/media\/4737"}],"wp:attachment":[{"href":"https:\/\/redsemlac.com\/semmexico\/wp-json\/wp\/v2\/media?parent=4756"}],"wp:term":[{"taxonomy":"category","embeddable":true,"href":"https:\/\/redsemlac.com\/semmexico\/wp-json\/wp\/v2\/categories?post=4756"},{"taxonomy":"post_tag","embeddable":true,"href":"https:\/\/redsemlac.com\/semmexico\/wp-json\/wp\/v2\/tags?post=4756"}],"curies":[{"name":"wp","href":"https:\/\/api.w.org\/{rel}","templated":true}]}}