{"id":4745,"date":"2019-02-11T17:12:19","date_gmt":"2019-02-11T17:12:19","guid":{"rendered":"https:\/\/redsemlac.com\/semmexico\/?p=4745"},"modified":"2023-07-21T14:47:11","modified_gmt":"2023-07-21T19:47:11","slug":"letra-clara-3","status":"publish","type":"post","link":"https:\/\/redsemlac.com\/semmexico\/letra-clara-3\/","title":{"rendered":"Letra Clara"},"content":{"rendered":"\n<p class=\"wp-block-paragraph\">\u2022 La Habana, entre cultura, arte y literatura<\/p>\n\n\n\n<h5 class=\"wp-block-heading\"> La FIL-CUBA 2019, las mujeres presentes.<\/h5>\n\n\n\n<p class=\"wp-block-paragraph\"><a href=\"https:\/\/semmexico.com\/gallery-post.php?id=7173#\">Teresa Vald\u00e9s<\/a><\/p>\n\n\n\n<p class=\"wp-block-paragraph\">SemM\u00e9xico, 11 febrero 2019.- La cultura como base del fortalecimiento de las relaciones entre los pa\u00edses, fue la idea central en la declaraci\u00f3n oficial durante la apertura de la 28 Feria Internacional del Libro de La Habana, dedicada en 2019, a la Rep\u00fablica Argelina Democr\u00e1tica y Popular como Pa\u00eds Invitado de Honor, en un encuentro reconocido como el gran acontecimiento de la literatura y el libro en Cuba.<\/p>\n\n\n\n<p class=\"wp-block-paragraph\">En esta edici\u00f3n confirmaron su presencia, m\u00e1s de 400 profesionales, entre escritores de ambos sexos, artistas de la gr\u00e1fica, la edici\u00f3n y la industria editorial, que convoca a centenares presentaciones de libros, revistas y otras publicaciones seriadas nacionales y extranjeras, exposiciones, encuentros de intelectuales, la entrega de premios nacionales de Literatura, de Ciencias Sociales y Human\u00edsticas, de Edici\u00f3n y Dise\u00f1o, hoy con la novedad de los Premios del Lector.<\/p>\n\n\n\n<p class=\"wp-block-paragraph\">Para propiciar mayor acercamiento al p\u00fablico m\u00e1s joven, vinculado a las redes digitales con el arte y las letras, se desarrolla el proyecto&nbsp;<em>Cuba-Digital<\/em>&nbsp;para favorecer la lectura en&nbsp;<em>tablets,<\/em>&nbsp;celulares, y otros equipos electr\u00f3nicos. De manera simult\u00e1nea se desarrolla un amplio programa art\u00edstico que se identifica por su diversidad como el Rinc\u00f3n de la Trova, presentaciones de poes\u00eda, de obras teatrales dram\u00e1ticas y de humor, de danza, exposiciones fotogr\u00e1ficas, selecci\u00f3n de carteles entre otras.<\/p>\n\n\n\n<p class=\"wp-block-paragraph\">M\u00e9xico est\u00e1 presente en la exposici\u00f3n de \u00f3leos \u201c<em>Mundo Imaginarios<\/em>\u201d y de grabados,&nbsp;<em>\u201c13 conjuros a la memoria\u201d,&nbsp;<\/em>donde se aprecia una conexi\u00f3n del lenguaje divino de los pueblos mayas al reencuentro con la vida contempor\u00e1nea en un dialogo plural y diverso presentadas por Antun Kojtom, Chiapas 1969, pintor, grabador y muralista, fundador e integrante de un colectivo de artistas ind\u00edgenas. Establecido en San Crist\u00f3bal de Las Casas a trav\u00e9s de su organizaci\u00f3n&nbsp;<em>Grafica Maya,<\/em>&nbsp;promueve el arte como medio de transformaci\u00f3n social y de rescate para sus tradiciones ancestrales.<\/p>\n\n\n\n<p class=\"wp-block-paragraph\">En los primeros d\u00edas de la FIL-CUBA 2019, varias mujeres ocupan un espacio desde la presentaci\u00f3n del libro,&nbsp;<em>Tierra de Mujeres<\/em>&nbsp;de la autora argelina Nassira Belloula, como representante de una literatura actual que se presenta con una identidad que revive y reanaliza sus propios contextos. En el panel&nbsp;<em>Difusi\u00f3n de la poes\u00eda en revistas literarias<\/em>&nbsp;entre las poetas que expresaron sus criterios, se destacaron Estefan\u00eda Angueyra de Medell\u00edn, Colombia junto con Ana Franco Ortu\u00f1o y Adriana Toledano, ambas de la UNAM, M\u00e9xico. Asimismo, con poemas y narrativas de la escritora Esther Cuesta se matiz\u00f3&nbsp;<em>La conferencia Literatura y di\u00e1spora ecuatoriana<\/em>, en la Sala Alejo Carpentier, en la sede internacional de la Fortaleza de La Caba\u00f1a en la capital cubana.<\/p>\n\n\n\n<p class=\"wp-block-paragraph\">Entre los libros presentados, algunas autoras integraron un dialogo sobre los temas de actualidad que se reflejan en sus textos literarios, entre ellas Lourdes Pasalodos D\u00edaz con su novela&nbsp;<em>Como era entonces<\/em>, premio Vidal 2015 y el texto&nbsp;<em>Marx y mis maridos<\/em>&nbsp;de Lourdes de Armas, editorial UNION, ambas integrantes de la Uni\u00f3n de Escritores y Artistas de Cuba, UNEAC.<\/p>\n\n\n\n<p class=\"wp-block-paragraph\">Otras destacadas creadoras de las letras son las premiadas del 2019, Doctora en Ciencias Filol\u00f3gicas Mirta Ya\u00f1ez, La Habana 1947, Premio Nacional de Literatura, narradora, ensayista, poeta, profesora y acad\u00e9mica quien integra la Academia Cubana de la Lengua, y sin abandonar sus criterios expresados con profundidad y belleza del habla, fundamenta la importancia de la literatura escrita por mujeres.<\/p>\n\n\n\n<p class=\"wp-block-paragraph\">Un reconocimiento poco divulgado es el trabajo silencioso, detallado con incansable esmero, que bien se agradece en el proceso de la industria editorial, as\u00ed el Premio Nacional de Edici\u00f3n, otorgado a Elizabeth D\u00edaz Gonz\u00e1lez, licenciada en Lengua y Literatura Hisp\u00e1nicas de la Universidad de La Habana, quien ha logrado se incluya la edici\u00f3n como asignatura en las facultades de Letras.<\/p>\n\n\n\n<p class=\"wp-block-paragraph\">Continuar\u00e1n las jornadas de la 28 Feria Internacional del Libro en La Habana y junto con el ajetreo de las acciones para la recuperaci\u00f3n de las p\u00e9rdidas materiales del reciente tornado, la poblaci\u00f3n cubana se estremece entre la cultura, el arte y la literatura en el dialogo con intelectuales nacionales y de otras latitudes.<\/p>\n\n\n\n<p class=\"wp-block-paragraph\">@Letra Clara<\/p>\n\n\n\n<p class=\"wp-block-paragraph\">Maestra en Ciencias de la Comunicaci\u00f3n<\/p>\n","protected":false},"excerpt":{"rendered":"<p>\u2022 La Habana, entre cultura, arte y literatura La FIL-CUBA 2019, las mujeres presentes. Teresa Vald\u00e9s SemM\u00e9xico, 11 febrero 2019.- La cultura como base del fortalecimiento de las relaciones entre los pa\u00edses, fue la idea central en la declaraci\u00f3n oficial durante la apertura de la 28 Feria Internacional del Libro de La Habana, dedicada en [&hellip;]<\/p>\n","protected":false},"author":3,"featured_media":4737,"comment_status":"open","ping_status":"open","sticky":false,"template":"","format":"standard","meta":{"_monsterinsights_skip_tracking":false,"footnotes":""},"categories":[690,79,1],"tags":[],"class_list":["post-4745","post","type-post","status-publish","format-standard","has-post-thumbnail","category-690","category-teresa-valdes-betancourt","category-uncategorized"],"_links":{"self":[{"href":"https:\/\/redsemlac.com\/semmexico\/wp-json\/wp\/v2\/posts\/4745","targetHints":{"allow":["GET"]}}],"collection":[{"href":"https:\/\/redsemlac.com\/semmexico\/wp-json\/wp\/v2\/posts"}],"about":[{"href":"https:\/\/redsemlac.com\/semmexico\/wp-json\/wp\/v2\/types\/post"}],"author":[{"embeddable":true,"href":"https:\/\/redsemlac.com\/semmexico\/wp-json\/wp\/v2\/users\/3"}],"replies":[{"embeddable":true,"href":"https:\/\/redsemlac.com\/semmexico\/wp-json\/wp\/v2\/comments?post=4745"}],"version-history":[{"count":0,"href":"https:\/\/redsemlac.com\/semmexico\/wp-json\/wp\/v2\/posts\/4745\/revisions"}],"wp:featuredmedia":[{"embeddable":true,"href":"https:\/\/redsemlac.com\/semmexico\/wp-json\/wp\/v2\/media\/4737"}],"wp:attachment":[{"href":"https:\/\/redsemlac.com\/semmexico\/wp-json\/wp\/v2\/media?parent=4745"}],"wp:term":[{"taxonomy":"category","embeddable":true,"href":"https:\/\/redsemlac.com\/semmexico\/wp-json\/wp\/v2\/categories?post=4745"},{"taxonomy":"post_tag","embeddable":true,"href":"https:\/\/redsemlac.com\/semmexico\/wp-json\/wp\/v2\/tags?post=4745"}],"curies":[{"name":"wp","href":"https:\/\/api.w.org\/{rel}","templated":true}]}}