{"id":47443,"date":"2022-03-21T16:35:02","date_gmt":"2022-03-21T22:35:02","guid":{"rendered":"https:\/\/redsemlac.com\/semmexico\/?p=47443"},"modified":"2023-07-21T19:01:04","modified_gmt":"2023-07-22T00:01:04","slug":"violeta-del-anahuac-chiepetlan-532-anos","status":"publish","type":"post","link":"https:\/\/redsemlac.com\/semmexico\/violeta-del-anahuac-chiepetlan-532-anos\/","title":{"rendered":"VIOLETA DEL AN\u00c1HUAC| \u201cCHIEPETL\u00c1N 532 A\u00d1OS\u201d"},"content":{"rendered":"\n<p class=\"wp-block-paragraph\">Isabel Ortega Morales<br>SemM\u00e9xico, Tlapa, Guerrero, 21 de marzo, 2022.- El sonido agudo del caracol cruza el aire, las y los danzantes golpean con los pies el suelo, el polvo se levanta mientras la gran columna de peregrinos avanza serpenteando Chiepetl\u00e1n para subir al cerro de Ayacahuite, ah\u00ed donde se ofrendar\u00e1 a la energ\u00eda de Xipe T\u00f3tec, el dios desollado, o el dios descarnado.<br>Las autoridades municipales han cruzado el umbral de la iglesia de San Miguel Chiepetl\u00e1n. Ah\u00ed en nahua, el Xipe, el principal acompa\u00f1ado de las autoridades de la comunidad, entregan el estandarte al Edil, la primera autoridad ind\u00edgena de la regi\u00f3n, Edilberto Solano. Las saumadoras impregnan el lugar con copal, y sauman a las autoridades. Los se\u00f1ores jaguares emiten un sonido agudo, los penachos se agitan, la ceremonia de la fecundidad ha iniciado.<br>Es marzo, el pre\u00e1mbulo de la primavera, el ascenso inicia. El caballero jaguar dirige la ceremonia, es el Tlacaxipehualiztli primero en la consagraci\u00f3n de los alimentos que habr\u00e1n de fecundar la tierra al despojarse de sus pieles, emulando la conmemoraci\u00f3n del desollamiento de Xipe T\u00f3tec, despojarse de su piel para alimentar a la humanidad.<br>Iniciamos el ascenso, en una cita general desde el monumento a los jaguares, los estandartes pesan, como pesan las responsabilidades, el sol cae a plomo y no hay viento que refresque. El invierno est\u00e1 por partir e iniciar el ciclo de la renovaci\u00f3n, en el mismo lapso que el catolicismo celebra la cuaresma y el juda\u00edsmo la pascua.<br>En la cosmogon\u00eda nahua, aqu\u00ed, en Chiepetl\u00e1n, en 1490 se instaur\u00f3 la sede de la celebraci\u00f3n a uno de los cuatro creadores de la cultura azteca, Xipe T\u00f3tec es tambi\u00e9n conocido como Tlatlahuqui Tezcatlipoca. Es el Tezcatlipoca rojo, unido a sus hermanos Quetzalc\u00f3atl, Tezcatlipoca blanco; Huitzilopochtli, Tezcatlipoca azul; y Tezcatlipoca negro.<br>XipeT\u00f3tec es considerado uno de los principales dioses de la \u00e9poca prehisp\u00e1nica, Chiepetl\u00e1n represent\u00f3 el centro de civilizaci\u00f3n Mexica.<br>Una cruz blanca sobre un altar de tres niveles recibe a los danzantes mexicas. El sonido del teponaxtle se une al sonido de los caracoles, al sonido de los tambores y las trompetas y el sonido de los chicahuaztli, sonajas que tambi\u00e9n se muestra en el estandarte y que fue usado para llamar a la lluvia. Inicia la otra ceremonia, los danzantes cercan un c\u00edrculo, nadie puede ingresar, es la ofrenda al pie de la cruz, es la renovaci\u00f3n, es el inicio de la nueva piel, la fecundidad, la primavera despunta, el nuevo ciclo inicia.<\/p>\n","protected":false},"excerpt":{"rendered":"<p>Isabel Ortega MoralesSemM\u00e9xico, Tlapa, Guerrero, 21 de marzo, 2022.- El sonido agudo del caracol cruza el aire, las y los danzantes golpean con los pies el suelo, el polvo se levanta mientras la gran columna de peregrinos avanza serpenteando Chiepetl\u00e1n para subir al cerro de Ayacahuite, ah\u00ed donde se ofrendar\u00e1 a la energ\u00eda de Xipe [&hellip;]<\/p>\n","protected":false},"author":3,"featured_media":38576,"comment_status":"open","ping_status":"open","sticky":false,"template":"","format":"standard","meta":{"_monsterinsights_skip_tracking":false,"footnotes":""},"categories":[693,198,35,197],"tags":[459],"class_list":["post-47443","post","type-post","status-publish","format-standard","has-post-thumbnail","category-693","category-isabel-ortega-morales","category-opinion","category-violeta-del-anahuac","tag-opinion"],"_links":{"self":[{"href":"https:\/\/redsemlac.com\/semmexico\/wp-json\/wp\/v2\/posts\/47443","targetHints":{"allow":["GET"]}}],"collection":[{"href":"https:\/\/redsemlac.com\/semmexico\/wp-json\/wp\/v2\/posts"}],"about":[{"href":"https:\/\/redsemlac.com\/semmexico\/wp-json\/wp\/v2\/types\/post"}],"author":[{"embeddable":true,"href":"https:\/\/redsemlac.com\/semmexico\/wp-json\/wp\/v2\/users\/3"}],"replies":[{"embeddable":true,"href":"https:\/\/redsemlac.com\/semmexico\/wp-json\/wp\/v2\/comments?post=47443"}],"version-history":[{"count":0,"href":"https:\/\/redsemlac.com\/semmexico\/wp-json\/wp\/v2\/posts\/47443\/revisions"}],"wp:featuredmedia":[{"embeddable":true,"href":"https:\/\/redsemlac.com\/semmexico\/wp-json\/wp\/v2\/media\/38576"}],"wp:attachment":[{"href":"https:\/\/redsemlac.com\/semmexico\/wp-json\/wp\/v2\/media?parent=47443"}],"wp:term":[{"taxonomy":"category","embeddable":true,"href":"https:\/\/redsemlac.com\/semmexico\/wp-json\/wp\/v2\/categories?post=47443"},{"taxonomy":"post_tag","embeddable":true,"href":"https:\/\/redsemlac.com\/semmexico\/wp-json\/wp\/v2\/tags?post=47443"}],"curies":[{"name":"wp","href":"https:\/\/api.w.org\/{rel}","templated":true}]}}