{"id":4742,"date":"2019-02-18T17:10:07","date_gmt":"2019-02-18T17:10:07","guid":{"rendered":"https:\/\/redsemlac.com\/semmexico\/?p=4742"},"modified":"2023-07-21T14:47:09","modified_gmt":"2023-07-21T19:47:09","slug":"letra-clara-2","status":"publish","type":"post","link":"https:\/\/redsemlac.com\/semmexico\/letra-clara-2\/","title":{"rendered":"Letra Clara"},"content":{"rendered":"\n<p class=\"wp-block-paragraph\">\u00bfC\u00f3mo hablar de escritura femenina sin hablar de nuestra voluntad de impedir que otros digan qu\u00e9 somos o c\u00f3mo somos?<\/p>\n\n\n\n<h5 class=\"wp-block-heading\"> \u00a1No m\u00e1s confinadas a espacios cerrados!<\/h5>\n\n\n\n<p class=\"wp-block-paragraph\"><a href=\"https:\/\/semmexico.com\/gallery-post.php?id=7255#\">Teresa Vald\u00e9s<\/a><\/p>\n\n\n\n<p class=\"wp-block-paragraph\">SemM\u00e9xico. 18 de febrero 2019.- Germina una literatura femenina en Argelia que se escucha con las novelistas, poetas y ensayistas cada vez m\u00e1s numerosas, quienes irrumpen en los espacios p\u00fablicos, con personajes de mujeres de la realidad, declar\u00f3 la novelista argelina Ma\u00efsa Bey en su conferencia&nbsp;<em>Mujeres en la escritura,<\/em>&nbsp;durante la 28 de la Feria Internacional del Libro de La Habana, con la Rep\u00fablica Argelina Democr\u00e1tica y Popular como Pa\u00eds Invitado de Honor en 2019.<\/p>\n\n\n\n<p class=\"wp-block-paragraph\">La autora, reconoci\u00f3 en entrevista con la periodista cubana Mireya Casta\u00f1eda, que la literatura \u00e1rabe y en particular de su pa\u00eds, no est\u00e1 muy difundida en este continente y argument\u00f3 que, \u201ccontar es tomar la palabra de otros, escudarse en la palabra de otros, palabras dichas tradicionalmente por las mujeres confinadas en espacios cerrados.\u201d Y m\u00e1s adelante se\u00f1al\u00f3 \u201c\u00bfC\u00f3mo hablar de escritura femenina sin hablar de nuestra voluntad de impedir que otros digan qu\u00e9 somos o c\u00f3mo somos? Nos cuestionamos frontalmente esas visiones de un mundo creado por los hombres.\u201d<\/p>\n\n\n\n<p class=\"wp-block-paragraph\">Este acontecimiento de la literatura y el libro en Cuba, concluy\u00f3 en La Habana con sus once sedes, posteriormente recorrer\u00e1 el pa\u00eds y dar\u00e1 oportunidad al p\u00fablico de todas las edades y territorios, para finalizar el pr\u00f3ximo 14 de abril en la oriental provincia de Santiago de Cuba.<\/p>\n\n\n\n<p class=\"wp-block-paragraph\">Cada encuentro popular en parques y casas de cultura, propicia el intercambio directo a trav\u00e9s del cual, se recogen m\u00faltiples opiniones sobre el libro, mientras se establece una relaci\u00f3n muy particular entre quienes leen con las y los profesionales de las letras en la escritura, el dise\u00f1o, la fotograf\u00eda, la edici\u00f3n de la industria editorial nacional y extranjera.<\/p>\n\n\n\n<p class=\"wp-block-paragraph\">Con la amplitud de oportunidades que ofrecen los medios digitales, se realiz\u00f3, un encuentro de editores que transforman sus estilos de trabajo para hacer m\u00e1s viable los contenidos, seg\u00fan los cambios de formato desde el impreso hasta el digital y su distribuci\u00f3n en las redes sociales de alcance ilimitado e imprevisible.<\/p>\n\n\n\n<p class=\"wp-block-paragraph\">De las m\u00faltiples presentaciones los temas abarcan amplia gama de intereses. La historia contempor\u00e1nea a trav\u00e9s de una cr\u00f3nica impar sobre el antiguo Palacio presidencial hoy, Museo de la Revoluci\u00f3n testigo de importantes acontecimientos de la vida pol\u00edtica, social y cultural cubana fue presentado por su autor Julio A. Mart\u00ed Lambert, con el t\u00edtulo&nbsp;<em>Refugio No 1,<\/em>&nbsp;de la editorial Capit\u00e1n San Luis. Sus p\u00e1ginas presentan instantes de su construcci\u00f3n para residencia de los presidentes de la etapa republicana y en la breve estancia del gobierno revolucionario de 1959, antes de ser declarado Museo, con fotos de \u00e9poca.<\/p>\n\n\n\n<p class=\"wp-block-paragraph\">El tema de la migraci\u00f3n, una realidad presente que conmueve familias y naciones, donde se lamentan la partida de sus hijos e hijas so\u00f1ando con otras oportunidades hacia el mundo id\u00edlico en Norteam\u00e9rica. Se ven otros territorios como tierra de tr\u00e1nsito como esas caravanas estacionadas en ciertas regiones de M\u00e9xico.&nbsp;<em>El silencio de los cristales,<\/em>&nbsp;selecci\u00f3n y pr\u00f3logo de L\u00e1zaro Alfonso D\u00edaz Cala, presenta adem\u00e1s del plano pol\u00edtico del exilio, otros aspectos que acompa\u00f1an la despedida de alguien, emociones contradictorias, la psicolog\u00eda, la afectividad, la separaci\u00f3n familiar. Todos reunidos en la selecci\u00f3n de cuentos con diferentes autoras y autores que ofrecen una conmovedora visi\u00f3n de este sensible tema.<\/p>\n\n\n\n<p class=\"wp-block-paragraph\">Las letras, la literatura y el s\u00e9ptimo arte se re\u00fanen con una selecci\u00f3n epistolar del cineasta&nbsp;<em>Tit\u00f3n, Tom\u00e1s Guti\u00e9rrez Alea: volver sobre mis pasos.&nbsp;<\/em>Un libro que present\u00f3 la actriz Mirtha Ibarra, quien exhibi\u00f3 esta bella publicaci\u00f3n como homenaje al noventa aniversario del nacimiento de su compa\u00f1ero de vida y de profesi\u00f3n.<\/p>\n\n\n\n<p class=\"wp-block-paragraph\">La cereza del pastel en la 28 Feria Internacional del Libro de La Habana fue el Pabell\u00f3n Infantil, que se clausur\u00f3 con un espect\u00e1culo a cargo del&nbsp;<em>Proyecto Sue\u00f1os para contar<\/em>, con ni\u00f1as y ni\u00f1os como artistas invitados de otros grupos, procedentes de escuelas de arte, quienes se presentaron en coros, con canciones y poemas musicalizados de autores de Am\u00e9rica Latina y la actuaci\u00f3n especial del D\u00fao Contrapunto, de Costa Rica.<\/p>\n\n\n\n<p class=\"wp-block-paragraph\">En cada presentaci\u00f3n las ni\u00f1as con sus actuaciones, demostraron que en el futuro cercano, desaparecer\u00e1n las mujeres confinadas a los espacios privados. \u00a1As\u00ed ser\u00e1!<\/p>\n\n\n\n<p class=\"wp-block-paragraph\">@LetraClara<\/p>\n\n\n\n<p class=\"wp-block-paragraph\">Maestra en Ciencias de la Comunicaci\u00f3n<\/p>\n","protected":false},"excerpt":{"rendered":"<p>\u00bfC\u00f3mo hablar de escritura femenina sin hablar de nuestra voluntad de impedir que otros digan qu\u00e9 somos o c\u00f3mo somos? \u00a1No m\u00e1s confinadas a espacios cerrados! Teresa Vald\u00e9s SemM\u00e9xico. 18 de febrero 2019.- Germina una literatura femenina en Argelia que se escucha con las novelistas, poetas y ensayistas cada vez m\u00e1s numerosas, quienes irrumpen en [&hellip;]<\/p>\n","protected":false},"author":3,"featured_media":4737,"comment_status":"open","ping_status":"open","sticky":false,"template":"","format":"standard","meta":{"_monsterinsights_skip_tracking":false,"footnotes":""},"categories":[690,79,1],"tags":[],"class_list":["post-4742","post","type-post","status-publish","format-standard","has-post-thumbnail","category-690","category-teresa-valdes-betancourt","category-uncategorized"],"_links":{"self":[{"href":"https:\/\/redsemlac.com\/semmexico\/wp-json\/wp\/v2\/posts\/4742","targetHints":{"allow":["GET"]}}],"collection":[{"href":"https:\/\/redsemlac.com\/semmexico\/wp-json\/wp\/v2\/posts"}],"about":[{"href":"https:\/\/redsemlac.com\/semmexico\/wp-json\/wp\/v2\/types\/post"}],"author":[{"embeddable":true,"href":"https:\/\/redsemlac.com\/semmexico\/wp-json\/wp\/v2\/users\/3"}],"replies":[{"embeddable":true,"href":"https:\/\/redsemlac.com\/semmexico\/wp-json\/wp\/v2\/comments?post=4742"}],"version-history":[{"count":0,"href":"https:\/\/redsemlac.com\/semmexico\/wp-json\/wp\/v2\/posts\/4742\/revisions"}],"wp:featuredmedia":[{"embeddable":true,"href":"https:\/\/redsemlac.com\/semmexico\/wp-json\/wp\/v2\/media\/4737"}],"wp:attachment":[{"href":"https:\/\/redsemlac.com\/semmexico\/wp-json\/wp\/v2\/media?parent=4742"}],"wp:term":[{"taxonomy":"category","embeddable":true,"href":"https:\/\/redsemlac.com\/semmexico\/wp-json\/wp\/v2\/categories?post=4742"},{"taxonomy":"post_tag","embeddable":true,"href":"https:\/\/redsemlac.com\/semmexico\/wp-json\/wp\/v2\/tags?post=4742"}],"curies":[{"name":"wp","href":"https:\/\/api.w.org\/{rel}","templated":true}]}}