{"id":47411,"date":"2022-03-20T13:51:22","date_gmt":"2022-03-20T19:51:22","guid":{"rendered":"https:\/\/redsemlac.com\/semmexico\/?p=47411"},"modified":"2023-07-21T19:01:05","modified_gmt":"2023-07-22T00:01:05","slug":"desde-la-luna-de-valencia-los-cuerpos-de-las-mujeres","status":"publish","type":"post","link":"https:\/\/redsemlac.com\/semmexico\/desde-la-luna-de-valencia-los-cuerpos-de-las-mujeres\/","title":{"rendered":"Desde la Luna de Valencia| Los cuerpos de las mujeres"},"content":{"rendered":"\n<p class=\"wp-block-paragraph\">Teresa Moll\u00e1 Castells<\/p>\n\n\n\n<p class=\"wp-block-paragraph\">SemM\u00e9xico, Ontinyent, Valencia, 20 de marzo, 2022.- Con las fallas reci\u00e9n quemadas en pueblos y ciudades de la provincia de Valencia y con una guerra en marcha en Europa y otras en el mundo, cabe pensar, o mejor repensar el lugar que ocupan los cuerpos de las mujeres en diferentes espacios.<\/p>\n\n\n\n<p class=\"wp-block-paragraph\">Como hemos podido ver en diferentes fallas, los cuerpos de las mujeres son hipersexualizados y utilizados como reclamos para la s\u00e1tira y la reproducci\u00f3n de los estereotipos m\u00e1s vulgares. Eso s\u00ed, siempre en \u201cnombre\u201d de la fiesta y de la tradici\u00f3n. Como si las violencias machistas contra las mujeres no se perpetuaran tambi\u00e9n a trav\u00e9s de las fiestas y tradiciones\u2026<\/p>\n\n\n\n<p class=\"wp-block-paragraph\">Hace muchos a\u00f1os y en el marco de un acto festero de mi ciudad, me comentaba un viejo conocido que las fiestas deber\u00edan ser un punto de encuentro social en el que desaparecieran las diferencias y toda la comunidad celebrara la vida. En aquel momento me pareci\u00f3 una buena definici\u00f3n.<\/p>\n\n\n\n<p class=\"wp-block-paragraph\">Este a\u00f1o, de nuevo, en las fallas se ha usado y abusado de la exposici\u00f3n de los cuerpos de las mujeres. Se llama sexismo. Y casi nadie, excepto las feministas lo denunciamos. Es m\u00e1s, cuando una mujer artista fallera ha construido su monumento basado en el cuerpo de una mujer sin hipersexualizar, simplemente mostr\u00e1ndolo desnudo y sin adornos, ha sido destruido y vandalizado. O dicho en otras palabras para que se entienda, ha sido violado como lo ser\u00eda, mejor dicho, como lo son los cuerpos de las mujeres violadas. Y recordemos que, seg\u00fan el Ministerio del Interior, en Espa\u00f1a se interponen casi cincuenta denuncias por violaciones al d\u00eda. Y hablamos solo de las denuncias y no de todas las violaciones que se producen realmente. No quiero ni imaginar los datos reales\u2026<\/p>\n\n\n\n<p class=\"wp-block-paragraph\">Y aun as\u00ed parece que se disculpen hechos vand\u00e1licos como la destrucci\u00f3n\/violaci\u00f3n del monumento fallero que mostraba el cuerpo de una mujer. En fin\u2026<\/p>\n\n\n\n<p class=\"wp-block-paragraph\">Seguimos con los cuerpos de las mujeres. En las fronteras Ucrania se ha desatado una especie de \u201ccaza\u201d de mujeres para ser explotadas sexualmente en los prost\u00edbulos de toda Europa. Los proxenetas, ante la necesidad urgente de tantas y tantas mujeres est\u00e1n capt\u00e1ndolas para explotarlas y esclavizarlas sexualmente. Sus cuerpos, una vez m\u00e1s son utilizados para satisfacer deseos sexuales y de dominaci\u00f3n por parte de puteros que pagan para violar. Porque eso es el consumo de mujeres prostituidas: pago con derecho a violaci\u00f3n. De nuevo los cuerpos de las mujeres usados y exhibidos para deleite patriarcal. Y, tambi\u00e9n en las fallas, la aparici\u00f3n de ninotes hipersexualizadas representando a mujeres prostituidas como algo \u201cgracioso\u201d y sat\u00edrica cr\u00edtica a posiciones pol\u00edticas ante una situaci\u00f3n que implica mucho sufrimiento para miles de mujeres que cada d\u00eda son consumidas y violadas por puteros que, adem\u00e1s, se permiten negar que lo son.<\/p>\n\n\n\n<p class=\"wp-block-paragraph\">Demasiadas complicidades patriarcales y en todos los estamentos sociales impiden afrontar la abolici\u00f3n de tanto sufrimiento de miles de mujeres pobres en todo el mundo. Poque, aparte de machista y profundamente patriarcal de cuyo sistema es uno de sus pilares, la prostituci\u00f3n es, tambi\u00e9n una cuesti\u00f3n de clase social, no lo olvidemos. Son tratadas por proxenetas y consumidas por puteros, mayoritariamente mujeres pobres y, por tanto, vulnerables.<\/p>\n\n\n\n<p class=\"wp-block-paragraph\">Y volvemos a la guerra de Ucrania y las mujeres como botines de guerra. Supongo que no tardar\u00e1n nada en llegar las noticias de las violaciones de mujeres por parte del bando que avance en la conquista de nuevos territorios como forma de hacer valer esa conquista. De nuevo, y como en tantas otras ocasiones, los cuerpos de las mujeres usados como campos de batallas para mostrar avances y superioridad frente a quienes han sido vencidos. La terrible historia de siempre.<\/p>\n\n\n\n<p class=\"wp-block-paragraph\">Y mientras, el aspirante a dirigir el principal partido de la oposici\u00f3n haciendo suyas las tesis del partido de la ultraderecha y negando las violencias machistas. Todo muy moderno y social en el seno de una Europa culta, moderna y, presuntamente igualitaria y, tambi\u00e9n presuntamente defensora de los intereses de las personas m\u00e1s vulnerables. Claro que si\u2026.<\/p>\n\n\n\n<p class=\"wp-block-paragraph\">Me entristece y fortalece en mi lucha feminista a partes iguales ver c\u00f3mo las diferentes violencias ejercidas contra las mujeres son justificadas con discursos regulacionistas de la prostituci\u00f3n o de la legalizaci\u00f3n de los vientres de alquiler, o a trav\u00e9s de los discursos visuales de las fallas con el pretexto de la s\u00e1tira. Si, se busca por parte del patriarcado, normalizar la superioridad masculina ridiculizando y consumiendo cuerpos de mujeres y negando que esas sean violencias machistas. Per lo son. Se pongan como se pongan, lo son.<\/p>\n\n\n\n<p class=\"wp-block-paragraph\">Denunciar que son violencias machistas, se\u00f1alarlas y exponer que su blanqueamiento o justificaci\u00f3n no conseguir\u00e1n que desde el feminismo lo se\u00f1alemos como lo que es, sigue siendo motivo suficiente para recuperar fuerzas y seguir en la trinchera de la lucha feminista.<\/p>\n\n\n\n<p class=\"wp-block-paragraph\">Esta y no otra va a seguir siendo mi lucha. En esa batalla y junto a muchas otras mujeres me van a encontrar.<\/p>\n\n\n\n<p class=\"wp-block-paragraph\">tmolla@telefonica.net<\/p>\n","protected":false},"excerpt":{"rendered":"<p>Con las fallas reci\u00e9n quemadas en pueblos y ciudades de la provincia de Valencia y con una guerra en marcha en Europa y otras en el mundo, cabe pensar, o mejor repensar el lugar que ocupan los cuerpos de las mujeres en diferentes espacios.<\/p>\n","protected":false},"author":3,"featured_media":43083,"comment_status":"open","ping_status":"open","sticky":false,"template":"","format":"standard","meta":{"_monsterinsights_skip_tracking":false,"footnotes":""},"categories":[693,82,110,35],"tags":[],"class_list":["post-47411","post","type-post","status-publish","format-standard","has-post-thumbnail","category-693","category-la-opinion","category-la-opinion-columnas","category-opinion"],"_links":{"self":[{"href":"https:\/\/redsemlac.com\/semmexico\/wp-json\/wp\/v2\/posts\/47411","targetHints":{"allow":["GET"]}}],"collection":[{"href":"https:\/\/redsemlac.com\/semmexico\/wp-json\/wp\/v2\/posts"}],"about":[{"href":"https:\/\/redsemlac.com\/semmexico\/wp-json\/wp\/v2\/types\/post"}],"author":[{"embeddable":true,"href":"https:\/\/redsemlac.com\/semmexico\/wp-json\/wp\/v2\/users\/3"}],"replies":[{"embeddable":true,"href":"https:\/\/redsemlac.com\/semmexico\/wp-json\/wp\/v2\/comments?post=47411"}],"version-history":[{"count":0,"href":"https:\/\/redsemlac.com\/semmexico\/wp-json\/wp\/v2\/posts\/47411\/revisions"}],"wp:featuredmedia":[{"embeddable":true,"href":"https:\/\/redsemlac.com\/semmexico\/wp-json\/wp\/v2\/media\/43083"}],"wp:attachment":[{"href":"https:\/\/redsemlac.com\/semmexico\/wp-json\/wp\/v2\/media?parent=47411"}],"wp:term":[{"taxonomy":"category","embeddable":true,"href":"https:\/\/redsemlac.com\/semmexico\/wp-json\/wp\/v2\/categories?post=47411"},{"taxonomy":"post_tag","embeddable":true,"href":"https:\/\/redsemlac.com\/semmexico\/wp-json\/wp\/v2\/tags?post=47411"}],"curies":[{"name":"wp","href":"https:\/\/api.w.org\/{rel}","templated":true}]}}